{"id":1431,"date":"2024-08-20T20:54:12","date_gmt":"2024-08-20T20:54:12","guid":{"rendered":"https:\/\/senhorafrutta.com.br\/index.php\/2024\/08\/20\/desafios-e-oportunidades-para-a-cadeia-da-soja-serao-debatidos-na-embrapa-em-londrina\/"},"modified":"2024-08-20T20:54:12","modified_gmt":"2024-08-20T20:54:12","slug":"desafios-e-oportunidades-para-a-cadeia-da-soja-serao-debatidos-na-embrapa-em-londrina","status":"publish","type":"post","link":"https:\/\/senhorafrutta.com.br\/index.php\/2024\/08\/20\/desafios-e-oportunidades-para-a-cadeia-da-soja-serao-debatidos-na-embrapa-em-londrina\/","title":{"rendered":"Desafios e oportunidades para a cadeia da soja ser\u00e3o debatidos na Embrapa em Londrina"},"content":{"rendered":"<div>Foto: R.R. Rufino\/Embrapa<\/div>\n<p>A sexta edi\u00e7\u00e3o do semin\u00e1rio <strong><a href=\"https:\/\/www.seminariodesafiosdasoja.com.br\/\">Desafios da Lideran\u00e7a Brasileira na Produ\u00e7\u00e3o Mundial da Soja<\/a><\/strong> ser\u00e1 realizado nos dias 17 e 18 de setembro na sede da <strong><a href=\"http:\/\/www.canalrural.com.br\/tag\/embrapa\/\">Embrapa Soja<\/a><\/strong>, em Londrina (PR). <\/p>\n<p>O evento vai reunir pesquisadores, t\u00e9cnicos, autoridades, especialistas, produtores rurais e representantes das ind\u00fastrias para debater os principais temas que impactam a competitividade da cadeia da soja, da qualidade do gr\u00e3o \u00e0 produ\u00e7\u00e3o de farelo, \u00f3leo e biocombust\u00edvel, abordando tamb\u00e9m quest\u00f5es relacionadas a sustentabilidade, tecnologia, regulamenta\u00e7\u00f5es e processos produtivos.<\/p>\n<p><em>Confira na palma da m\u00e3o informa\u00e7\u00f5es quentes sobre agricultura, pecu\u00e1ria, economia e previs\u00e3o do tempo:<\/em><a href=\"https:\/\/whatsapp.com\/channel\/0029Va9VnZxGk1FplZjiW43k\"><em> <\/em><strong><em>siga o Canal Rural no WhatsApp!<\/em><\/strong><\/a><\/p>\n<p>A edi\u00e7\u00e3o deste ano inclui temas da agenda ESG  \u2013 sigla em ingl\u00eas para <strong>ambiental, social e governan\u00e7a<\/strong> -, que consiste em um conjunto de boas pr\u00e1ticas que demonstram como a empresa est\u00e1 consciente em rela\u00e7\u00e3o ao papel nesses tr\u00eas \u00e2mbitos. <\/p>\n<p>O enfrentamento das adversidades clim\u00e1ticas na cultura da soja, a descarboniza\u00e7\u00e3o da agricultura brasileira e a produ\u00e7\u00e3o de gr\u00e3o de baixo de carbono ser\u00e3o debatidos.<\/p>\n<p>No campo t\u00e9cnico, os participantes ter\u00e3o a oportunidade de acompanhar apresenta\u00e7\u00f5es e exposi\u00e7\u00f5es sobre os programas de pesquisa e melhoramento gen\u00e9tico frente \u00e0 crescente demanda mundial por \u00f3leos de melhor qualidade (aumento do perfil de \u00e1cido graxo oleico no gr\u00e3o de soja e suas externalidades positivas), tanto para a ind\u00fastria de alimenta\u00e7\u00e3o humana e animal como para processamento.<\/p>\n<p>Por fim, um painel totalmente dedicado aos impactos das regulamenta\u00e7\u00f5es ambientais internacionais na competitividade da soja brasileira, mais especificamente o Regulamento para Produtos Livres de Desmatamento (EUDR) da Uni\u00e3o Europeia.<\/p>\n<p>O semin\u00e1rio, exclusivamente presencial e com vagas limitadas, \u00e9 promovido pela Embrapa Soja, em parceria com a Associa\u00e7\u00e3o Brasileira das Ind\u00fastrias de \u00d3leos Vegetais (Abiove), a Associa\u00e7\u00e3o das Empresas Cerealistas do Brasil (Acebra), a Associa\u00e7\u00e3o Nacional dos Exportadores de Cereais (Anec), a\u00a0Associa\u00e7\u00e3o dos Produtores de Soja de Mato Grosso do Sul (Aprosoja-MS), a\u00a0Associa\u00e7\u00e3o das Supervisoras e Controladoras do Brasil (ASCB), a Organiza\u00e7\u00e3o das Cooperativas Brasileiras (OCB) e o Sindicato Nacional da Ind\u00fastria de Alimenta\u00e7\u00e3o Animal (Sindira\u00e7\u00f5es).<\/p>\n<p>Inscri\u00e7\u00f5es e mais informa\u00e7\u00f5es est\u00e3o dispon\u00edveis no <strong><a href=\"https:\/\/www.seminariodesafiosdasoja.com.br\/\">site oficial do evento<\/a><\/strong> <\/p>\n<p>O post <a href=\"https:\/\/www.canalrural.com.br\/agricultura\/projeto-soja-brasil\/desafios-e-oportunidades-para-a-cadeia-da-soja-serao-debatidos-na-embrapa-em-londrina\/\">Desafios e oportunidades para a cadeia da soja ser\u00e3o debatidos na Embrapa em Londrina<\/a> apareceu primeiro em <a href=\"https:\/\/www.canalrural.com.br\/\">Canal Rural<\/a>.<\/p>","protected":false},"excerpt":{"rendered":"<p>Foto: R.R. Rufino\/Embrapa A sexta edi\u00e7\u00e3o do semin\u00e1rio Desafios da Lideran\u00e7a Brasileira na Produ\u00e7\u00e3o Mundial da Soja ser\u00e1 realizado nos dias 17 e 18 de setembro na sede da Embrapa Soja, em Londrina (PR). O evento vai reunir pesquisadores, t\u00e9cnicos, autoridades, especialistas, produtores rurais e representantes das ind\u00fastrias para debater os principais temas que impactam a competitividade da cadeia da soja, da qualidade do gr\u00e3o \u00e0 produ\u00e7\u00e3o de farelo, \u00f3leo e biocombust\u00edvel, abordando tamb\u00e9m quest\u00f5es relacionadas a sustentabilidade, tecnologia, regulamenta\u00e7\u00f5es e processos produtivos. Confira na palma da m\u00e3o informa\u00e7\u00f5es quentes sobre agricultura, pecu\u00e1ria, economia e previs\u00e3o do tempo: siga o Canal Rural no WhatsApp! A edi\u00e7\u00e3o deste ano inclui temas da agenda ESG \u2013 sigla em ingl\u00eas para ambiental, social e governan\u00e7a -, que consiste em um conjunto de boas pr\u00e1ticas que demonstram como a empresa est\u00e1 consciente em rela\u00e7\u00e3o ao papel nesses tr\u00eas \u00e2mbitos. O enfrentamento das adversidades clim\u00e1ticas na cultura da soja, a descarboniza\u00e7\u00e3o da agricultura brasileira e a produ\u00e7\u00e3o de gr\u00e3o de baixo de carbono ser\u00e3o debatidos. No campo t\u00e9cnico, os participantes ter\u00e3o a oportunidade de acompanhar apresenta\u00e7\u00f5es e exposi\u00e7\u00f5es sobre os programas de pesquisa e melhoramento gen\u00e9tico frente \u00e0 crescente demanda mundial por \u00f3leos de melhor qualidade (aumento do perfil de \u00e1cido graxo oleico no gr\u00e3o de soja e suas externalidades positivas), tanto para a ind\u00fastria de alimenta\u00e7\u00e3o humana e animal como para processamento. Por fim, um painel totalmente dedicado aos impactos das regulamenta\u00e7\u00f5es ambientais internacionais na competitividade da soja brasileira, mais especificamente o Regulamento para Produtos Livres de Desmatamento (EUDR) da Uni\u00e3o Europeia. O semin\u00e1rio, exclusivamente presencial e com vagas limitadas, \u00e9 promovido pela Embrapa Soja, em parceria com a Associa\u00e7\u00e3o Brasileira das Ind\u00fastrias de \u00d3leos Vegetais (Abiove), a Associa\u00e7\u00e3o das Empresas Cerealistas do Brasil (Acebra), a Associa\u00e7\u00e3o Nacional dos Exportadores de Cereais (Anec), a\u00a0Associa\u00e7\u00e3o dos Produtores de Soja de Mato Grosso do Sul (Aprosoja-MS), a\u00a0Associa\u00e7\u00e3o das Supervisoras e Controladoras do Brasil (ASCB), a Organiza\u00e7\u00e3o das Cooperativas Brasileiras (OCB) e o Sindicato Nacional da Ind\u00fastria de Alimenta\u00e7\u00e3o Animal (Sindira\u00e7\u00f5es). Inscri\u00e7\u00f5es e mais informa\u00e7\u00f5es est\u00e3o dispon\u00edveis no site oficial do evento O post Desafios e oportunidades para a cadeia da soja ser\u00e3o debatidos na Embrapa em Londrina apareceu primeiro em Canal Rural.<\/p>\n","protected":false},"author":0,"featured_media":1432,"comment_status":"open","ping_status":"open","sticky":false,"template":"","format":"standard","meta":{"_monsterinsights_skip_tracking":false,"_monsterinsights_sitenote_active":false,"_monsterinsights_sitenote_note":"","_monsterinsights_sitenote_category":0,"footnotes":""},"categories":[1],"tags":[],"class_list":["post-1431","post","type-post","status-publish","format-standard","has-post-thumbnail","hentry","category-agronegocio"],"_links":{"self":[{"href":"https:\/\/senhorafrutta.com.br\/index.php\/wp-json\/wp\/v2\/posts\/1431","targetHints":{"allow":["GET"]}}],"collection":[{"href":"https:\/\/senhorafrutta.com.br\/index.php\/wp-json\/wp\/v2\/posts"}],"about":[{"href":"https:\/\/senhorafrutta.com.br\/index.php\/wp-json\/wp\/v2\/types\/post"}],"replies":[{"embeddable":true,"href":"https:\/\/senhorafrutta.com.br\/index.php\/wp-json\/wp\/v2\/comments?post=1431"}],"version-history":[{"count":0,"href":"https:\/\/senhorafrutta.com.br\/index.php\/wp-json\/wp\/v2\/posts\/1431\/revisions"}],"wp:featuredmedia":[{"embeddable":true,"href":"https:\/\/senhorafrutta.com.br\/index.php\/wp-json\/wp\/v2\/media\/1432"}],"wp:attachment":[{"href":"https:\/\/senhorafrutta.com.br\/index.php\/wp-json\/wp\/v2\/media?parent=1431"}],"wp:term":[{"taxonomy":"category","embeddable":true,"href":"https:\/\/senhorafrutta.com.br\/index.php\/wp-json\/wp\/v2\/categories?post=1431"},{"taxonomy":"post_tag","embeddable":true,"href":"https:\/\/senhorafrutta.com.br\/index.php\/wp-json\/wp\/v2\/tags?post=1431"}],"curies":[{"name":"wp","href":"https:\/\/api.w.org\/{rel}","templated":true}]}}