{"id":1429,"date":"2024-08-20T21:37:24","date_gmt":"2024-08-20T21:37:24","guid":{"rendered":"https:\/\/senhorafrutta.com.br\/index.php\/2024\/08\/20\/expointer-deve-ter-tempo-bom-na-maior-parte-dos-dias\/"},"modified":"2024-08-20T21:37:24","modified_gmt":"2024-08-20T21:37:24","slug":"expointer-deve-ter-tempo-bom-na-maior-parte-dos-dias","status":"publish","type":"post","link":"https:\/\/senhorafrutta.com.br\/index.php\/2024\/08\/20\/expointer-deve-ter-tempo-bom-na-maior-parte-dos-dias\/","title":{"rendered":"Expointer deve ter tempo bom na maior parte dos dias"},"content":{"rendered":"<div>Foto: Pixabay<\/div>\n<p>Quem for \u00e0 edi\u00e7\u00e3o deste ano da Expointer, em Esteio (RS), deve enfrentar tempo bom na maior parte dos dias. \u00c9 o que prev\u00ea o meteorologista da Secretaria da Agricultura, Pecu\u00e1ria, Produ\u00e7\u00e3o Sustent\u00e1vel e Irriga\u00e7\u00e3o (Seapi) do <strong><a href=\"https:\/\/www.canalrural.com.br\/nacional\/rio-grande-do-sul\/\">Rio Grande do Sul<\/a><\/strong>, Fl\u00e1vio Varone.<\/p>\n<p><em>Confira na palma da m\u00e3o informa\u00e7\u00f5es quentes sobre agricultura, pecu\u00e1ria, economia e previs\u00e3o do tempo:<\/em><a href=\"https:\/\/whatsapp.com\/channel\/0029Va9VnZxGk1FplZjiW43k\"><em> <\/em><strong><em>siga o Canal Rural no WhatsApp!<\/em><\/strong><\/a><\/p>\n<p>Segundo ele, a Expointer deve ter uma condi\u00e7\u00e3o de tempo mais seco durante grande parte dos dias, com temperaturas amenas, e alguma possibilidade de chuva.<\/p>\n<p>Confira como deve se comportar o tempo durante os dias da feira, que vai de 24 de agosto a 1\u00b0 de setembro, segundo o Sistema de Monitoramento e Alertas Agroclim\u00e1ticos (Simagro-RS):<\/p>\n<p>24\/08 \u2013 possibilidade de chuva fraca durante o dia, com tempo seco \u00e0 noite<\/p>\n<p>25 a 27\/08 \u2013 tempo seco, com temperaturas mais baixas durante a noite<\/p>\n<p>28 a 30\/08 \u2013 possibilidade de pancadas de chuva n\u00e3o muito intensas, com temperaturas entre 18 \u00baC e 20 \u00baC<\/p>\n<p>31\/08 a 1\u00ba\/09 \u2013 tempo seco com temperaturas mais baixas pela manh\u00e3 e mais amenas \u00e0 tarde<\/p>\n<p>Para mais informa\u00e7\u00f5es, acesse diariamente o site do <strong><a href=\"https:\/\/www.agricultura.rs.gov.br\/simagro-rs\">Simagro-RS.<\/a><\/strong><\/p>\n<p>O post <a href=\"https:\/\/www.canalrural.com.br\/feiras-e-eventos\/expointer\/expointer-deve-ter-tempo-bom-na-maior-parte-dos-dias\/\">Expointer deve ter tempo bom na maior parte dos dias<\/a> apareceu primeiro em <a href=\"https:\/\/www.canalrural.com.br\/\">Canal Rural<\/a>.<\/p>","protected":false},"excerpt":{"rendered":"<p>Foto: Pixabay Quem for \u00e0 edi\u00e7\u00e3o deste ano da Expointer, em Esteio (RS), deve enfrentar tempo bom na maior parte dos dias. \u00c9 o que prev\u00ea o meteorologista da Secretaria da Agricultura, Pecu\u00e1ria, Produ\u00e7\u00e3o Sustent\u00e1vel e Irriga\u00e7\u00e3o (Seapi) do Rio Grande do Sul, Fl\u00e1vio Varone. Confira na palma da m\u00e3o informa\u00e7\u00f5es quentes sobre agricultura, pecu\u00e1ria, economia e previs\u00e3o do tempo: siga o Canal Rural no WhatsApp! Segundo ele, a Expointer deve ter uma condi\u00e7\u00e3o de tempo mais seco durante grande parte dos dias, com temperaturas amenas, e alguma possibilidade de chuva. Confira como deve se comportar o tempo durante os dias da feira, que vai de 24 de agosto a 1\u00b0 de setembro, segundo o Sistema de Monitoramento e Alertas Agroclim\u00e1ticos (Simagro-RS): 24\/08 \u2013 possibilidade de chuva fraca durante o dia, com tempo seco \u00e0 noite 25 a 27\/08 \u2013 tempo seco, com temperaturas mais baixas durante a noite 28 a 30\/08 \u2013 possibilidade de pancadas de chuva n\u00e3o muito intensas, com temperaturas entre 18 \u00baC e 20 \u00baC 31\/08 a 1\u00ba\/09 \u2013 tempo seco com temperaturas mais baixas pela manh\u00e3 e mais amenas \u00e0 tarde Para mais informa\u00e7\u00f5es, acesse diariamente o site do Simagro-RS. O post Expointer deve ter tempo bom na maior parte dos dias apareceu primeiro em Canal Rural.<\/p>\n","protected":false},"author":0,"featured_media":1430,"comment_status":"open","ping_status":"open","sticky":false,"template":"","format":"standard","meta":{"_monsterinsights_skip_tracking":false,"_monsterinsights_sitenote_active":false,"_monsterinsights_sitenote_note":"","_monsterinsights_sitenote_category":0,"footnotes":""},"categories":[1],"tags":[],"class_list":["post-1429","post","type-post","status-publish","format-standard","has-post-thumbnail","hentry","category-agronegocio"],"_links":{"self":[{"href":"https:\/\/senhorafrutta.com.br\/index.php\/wp-json\/wp\/v2\/posts\/1429","targetHints":{"allow":["GET"]}}],"collection":[{"href":"https:\/\/senhorafrutta.com.br\/index.php\/wp-json\/wp\/v2\/posts"}],"about":[{"href":"https:\/\/senhorafrutta.com.br\/index.php\/wp-json\/wp\/v2\/types\/post"}],"replies":[{"embeddable":true,"href":"https:\/\/senhorafrutta.com.br\/index.php\/wp-json\/wp\/v2\/comments?post=1429"}],"version-history":[{"count":0,"href":"https:\/\/senhorafrutta.com.br\/index.php\/wp-json\/wp\/v2\/posts\/1429\/revisions"}],"wp:featuredmedia":[{"embeddable":true,"href":"https:\/\/senhorafrutta.com.br\/index.php\/wp-json\/wp\/v2\/media\/1430"}],"wp:attachment":[{"href":"https:\/\/senhorafrutta.com.br\/index.php\/wp-json\/wp\/v2\/media?parent=1429"}],"wp:term":[{"taxonomy":"category","embeddable":true,"href":"https:\/\/senhorafrutta.com.br\/index.php\/wp-json\/wp\/v2\/categories?post=1429"},{"taxonomy":"post_tag","embeddable":true,"href":"https:\/\/senhorafrutta.com.br\/index.php\/wp-json\/wp\/v2\/tags?post=1429"}],"curies":[{"name":"wp","href":"https:\/\/api.w.org\/{rel}","templated":true}]}}