{"id":1425,"date":"2024-08-20T23:06:28","date_gmt":"2024-08-20T23:06:28","guid":{"rendered":"https:\/\/senhorafrutta.com.br\/index.php\/2024\/08\/20\/enem-dos-concursos-relaciona-o-agro-a-exploracao-predatoria-da-terra\/"},"modified":"2024-08-20T23:06:28","modified_gmt":"2024-08-20T23:06:28","slug":"enem-dos-concursos-relaciona-o-agro-a-exploracao-predatoria-da-terra","status":"publish","type":"post","link":"https:\/\/senhorafrutta.com.br\/index.php\/2024\/08\/20\/enem-dos-concursos-relaciona-o-agro-a-exploracao-predatoria-da-terra\/","title":{"rendered":"\u2018Enem dos Concursos\u2019 relaciona o agro \u00e0 explora\u00e7\u00e3o predat\u00f3ria da terra"},"content":{"rendered":"<div>Foto: Paulo Pinto\/Ag\u00eancia Brasil<\/div>\n<div class=\"wp-block-embed__wrapper\">\n<\/div>\n<p>O Concurso Nacional Unificado (CNU), tamb\u00e9m chamado de \u201cEnem dos Concursos\u201d, aplicado no \u00faltimo fim de semana em todo o pa\u00eds para a sele\u00e7\u00e3o de funcion\u00e1rios p\u00fablicos, trazia uma quest\u00e3o relativa a terras ind\u00edgenas. A pergunta criticava o que foi considerado como \u201cexplora\u00e7\u00e3o predat\u00f3ria da terra\u201d, relacionando o agroneg\u00f3cio a essa pr\u00e1tica <em>(confira no fim do texto).<\/em><\/p>\n<p>De acordo com o presidente da Associa\u00e7\u00e3o Brasileira de Marketing Rural e Agro <strong><a href=\"http:\/\/www.canalrural.com.br\/tag\/abmra\/\">(ABMRA)<\/a><\/strong>, Ricardo Nicodemos, a quest\u00e3o parte de um enunciado equivocado e de uma vis\u00e3o que n\u00e3o representa o pensamento do setor.<\/p>\n<p><em>Confira na palma da m\u00e3o informa\u00e7\u00f5es quentes sobre agricultura, pecu\u00e1ria, economia e previs\u00e3o do tempo:<\/em><a href=\"https:\/\/whatsapp.com\/channel\/0029Va9VnZxGk1FplZjiW43k\"><em> <\/em><strong><em>siga o Canal Rural no WhatsApp!<\/em><\/strong><\/a><\/p>\n<p>Ele destacou que o problema \u00e9 reflexo de um cen\u00e1rio mais amplo, em que as institui\u00e7\u00f5es de ensino passam uma imagem distorcida do agroneg\u00f3cio. Ele citou um estudo recente da Funda\u00e7\u00e3o Instituto de Administra\u00e7\u00e3o (FIA) da Universidade de S\u00e3o Paulo (USP), que revelou que 60% das refer\u00eancias ao setor nos livros did\u00e1ticos s\u00e3o negativas. \u201cPrecisamos unir o setor e trabalhar para levar o conhecimento real \u00e0 sociedade urbana\u201d, declarou.<\/p>\n<p>Al\u00e9m disso, o presidente da ABMRA apontou que o exame reproduz uma percep\u00e7\u00e3o equivocada sobre a rela\u00e7\u00e3o entre ind\u00edgenas e o agroneg\u00f3cio. \u201cHoje, temos \u00edndios que trabalham e sobrevivem no setor, produzindo caf\u00e9 e cacau de excelente qualidade. Os ind\u00edgenas fazem parte do agroneg\u00f3cio, e o setor os acolhe muito bem\u201d, disse.<\/p>\n<p>Nicodemos ressaltou a necessidade de o setor se unir contra informa\u00e7\u00f5es falsas, como as que estavam presentes no concurso. Ele mencionou o Projeto Marca Agro do Brasil, que visa monitorar e combater as <em>fake news<\/em> relacionadas ao agroneg\u00f3cio. \u201cO setor tem que reagir a esse tipo de situa\u00e7\u00e3o\u201d, concluiu.<\/p>\n<h2 class=\"wp-block-heading\">Confira a quest\u00e3o pol\u00eamica do \u2018Enem dos Concursos\u2019<\/h2>\n<p>A quest\u00e3o de n\u00famero 7 do Concurso Nacional Unificado trazia o enunciado e as alternativas de resposta abaixo. Pelo gabarito, a op\u00e7\u00e3o correta seria a \u201ce\u201d:<\/p>\n<p><em>\u201cNo contexto da redemocratiza\u00e7\u00e3o pol\u00edtica do Brasil, em especial em fun\u00e7\u00e3o da promulga\u00e7\u00e3o da Constitui\u00e7\u00e3o Federal de 1988 e gra\u00e7as \u00e0 mobiliza\u00e7\u00e3o da sociedade civil e de lideran\u00e7as ind\u00edgenas, observou-se a amplia\u00e7\u00e3o do direito \u00e0 prote\u00e7\u00e3o e ao usufruto das terras dos povos origin\u00e1rios.\u00a0<\/em><\/p>\n<p><em>\u00c9 muito comum nos depararmos com afirma\u00e7\u00f5es de que, no Brasil, \u2018h\u00e1 muita terra para pouco \u00edndio\u2019, geralmente acompanhadas de assertivas segundo as quais as popula\u00e7\u00f5es ind\u00edgenas e tradicionais s\u00e3o um \u2018entrave ao desenvolvimento\u2019.<\/em><\/p>\n<p><em>Em fun\u00e7\u00e3o desse modelo de desenvolvimento, voltado para a exporta\u00e7\u00e3o de produtos prim\u00e1rios, os povos ind\u00edgenas continuam sendo considerados um empecilho ao desenvolvimento, mas um desenvolvimento praticado de forma predat\u00f3ria, ao bem dos interesses particulares de poucos, e n\u00e3o do interesse comum.<\/em><\/p>\n<p><em>Levando em conta o texto acima, a no\u00e7\u00e3o de que \u201ch\u00e1 muita terra para pouco \u00edndio:<\/em><\/p>\n<p>(a) sustenta-se numa premissa nacional-desenvolvimentista, cuja atualiza\u00e7\u00e3o em nossos dias tem como principal objetivo a produ\u00e7\u00e3o de riqueza e\u00a0 sua distribui\u00e7\u00e3o mais equ\u00e2nime, justa e igualit\u00e1ria.<\/p>\n<p>(b<em>) fundamenta-se no reconhecimento da natureza conservacionista dos povos origin\u00e1rios, que representam um obst\u00e1culo ao desenvolvimento sustent\u00e1vel do pa\u00eds.<\/em><\/p>\n<p><em>(c) legitima-se pelo avan\u00e7o do agroneg\u00f3cio no Brasil, uma vez que concorre para a amplia\u00e7\u00e3o das fronteiras agr\u00edcolas, na mesma medida em que contribui para a prote\u00e7\u00e3o do direito \u00e0 terra e para a manuten\u00e7\u00e3o dos modos de vida dos povos origin\u00e1rios.<\/em><\/p>\n<p><em>(d) justifica-se pela condescend\u00eancia da legisla\u00e7\u00e3o indigenista, pr\u00f3pria da constitui\u00e7\u00e3o federal de 1988, a qual\u00a0 privilegia os povos origin\u00e1rios.<\/em><\/p>\n<p><em>(e) relaciona-se com uma certa concep\u00e7\u00e3o de desenvolvimento, associada a um tipo de explora\u00e7\u00e3o predat\u00f3ria da terra, da qual decorre desacertadamente que o reconhecimento da propriedade ind\u00edgena representaria um suposto entrave \u00e0 economia sustent\u00e1vel do pa\u00eds.<\/em>\u201c<\/p>\n<p>O post <a href=\"https:\/\/www.canalrural.com.br\/agricultura\/enem-dos-concursos-relaciona-o-agro-a-exploracao-predatoria-da-terra\/\">\u2018Enem dos Concursos\u2019 relaciona o agro \u00e0 explora\u00e7\u00e3o predat\u00f3ria da terra<\/a> apareceu primeiro em <a href=\"https:\/\/www.canalrural.com.br\/\">Canal Rural<\/a>.<\/p>","protected":false},"excerpt":{"rendered":"<p>Foto: Paulo Pinto\/Ag\u00eancia Brasil O Concurso Nacional Unificado (CNU), tamb\u00e9m chamado de \u201cEnem dos Concursos\u201d, aplicado no \u00faltimo fim de semana em todo o pa\u00eds para a sele\u00e7\u00e3o de funcion\u00e1rios p\u00fablicos, trazia uma quest\u00e3o relativa a terras ind\u00edgenas. A pergunta criticava o que foi considerado como \u201cexplora\u00e7\u00e3o predat\u00f3ria da terra\u201d, relacionando o agroneg\u00f3cio a essa pr\u00e1tica (confira no fim do texto). De acordo com o presidente da Associa\u00e7\u00e3o Brasileira de Marketing Rural e Agro (ABMRA), Ricardo Nicodemos, a quest\u00e3o parte de um enunciado equivocado e de uma vis\u00e3o que n\u00e3o representa o pensamento do setor. Confira na palma da m\u00e3o informa\u00e7\u00f5es quentes sobre agricultura, pecu\u00e1ria, economia e previs\u00e3o do tempo: siga o Canal Rural no WhatsApp! Ele destacou que o problema \u00e9 reflexo de um cen\u00e1rio mais amplo, em que as institui\u00e7\u00f5es de ensino passam uma imagem distorcida do agroneg\u00f3cio. Ele citou um estudo recente da Funda\u00e7\u00e3o Instituto de Administra\u00e7\u00e3o (FIA) da Universidade de S\u00e3o Paulo (USP), que revelou que 60% das refer\u00eancias ao setor nos livros did\u00e1ticos s\u00e3o negativas. \u201cPrecisamos unir o setor e trabalhar para levar o conhecimento real \u00e0 sociedade urbana\u201d, declarou. Al\u00e9m disso, o presidente da ABMRA apontou que o exame reproduz uma percep\u00e7\u00e3o equivocada sobre a rela\u00e7\u00e3o entre ind\u00edgenas e o agroneg\u00f3cio. \u201cHoje, temos \u00edndios que trabalham e sobrevivem no setor, produzindo caf\u00e9 e cacau de excelente qualidade. Os ind\u00edgenas fazem parte do agroneg\u00f3cio, e o setor os acolhe muito bem\u201d, disse. Nicodemos ressaltou a necessidade de o setor se unir contra informa\u00e7\u00f5es falsas, como as que estavam presentes no concurso. Ele mencionou o Projeto Marca Agro do Brasil, que visa monitorar e combater as fake news relacionadas ao agroneg\u00f3cio. \u201cO setor tem que reagir a esse tipo de situa\u00e7\u00e3o\u201d, concluiu. Confira a quest\u00e3o pol\u00eamica do \u2018Enem dos Concursos\u2019 A quest\u00e3o de n\u00famero 7 do Concurso Nacional Unificado trazia o enunciado e as alternativas de resposta abaixo. Pelo gabarito, a op\u00e7\u00e3o correta seria a \u201ce\u201d: \u201cNo contexto da redemocratiza\u00e7\u00e3o pol\u00edtica do Brasil, em especial em fun\u00e7\u00e3o da promulga\u00e7\u00e3o da Constitui\u00e7\u00e3o Federal de 1988 e gra\u00e7as \u00e0 mobiliza\u00e7\u00e3o da sociedade civil e de lideran\u00e7as ind\u00edgenas, observou-se a amplia\u00e7\u00e3o do direito \u00e0 prote\u00e7\u00e3o e ao usufruto das terras dos povos origin\u00e1rios.\u00a0 \u00c9 muito comum nos depararmos com afirma\u00e7\u00f5es de que, no Brasil, \u2018h\u00e1 muita terra para pouco \u00edndio\u2019, geralmente acompanhadas de assertivas segundo as quais as popula\u00e7\u00f5es ind\u00edgenas e tradicionais s\u00e3o um \u2018entrave ao desenvolvimento\u2019. Em fun\u00e7\u00e3o desse modelo de desenvolvimento, voltado para a exporta\u00e7\u00e3o de produtos prim\u00e1rios, os povos ind\u00edgenas continuam sendo considerados um empecilho ao desenvolvimento, mas um desenvolvimento praticado de forma predat\u00f3ria, ao bem dos interesses particulares de poucos, e n\u00e3o do interesse comum. Levando em conta o texto acima, a no\u00e7\u00e3o de que \u201ch\u00e1 muita terra para pouco \u00edndio: (a) sustenta-se numa premissa nacional-desenvolvimentista, cuja atualiza\u00e7\u00e3o em nossos dias tem como principal objetivo a produ\u00e7\u00e3o de riqueza e\u00a0 sua distribui\u00e7\u00e3o mais equ\u00e2nime, justa e igualit\u00e1ria. (b) fundamenta-se no reconhecimento da natureza conservacionista dos povos origin\u00e1rios, que representam um obst\u00e1culo ao desenvolvimento sustent\u00e1vel do pa\u00eds. (c) legitima-se pelo avan\u00e7o do agroneg\u00f3cio no Brasil, uma vez que concorre para a amplia\u00e7\u00e3o das fronteiras agr\u00edcolas, na mesma medida em que contribui para a prote\u00e7\u00e3o do direito \u00e0 terra e para a manuten\u00e7\u00e3o dos modos de vida dos povos origin\u00e1rios. (d) justifica-se pela condescend\u00eancia da legisla\u00e7\u00e3o indigenista, pr\u00f3pria da constitui\u00e7\u00e3o federal de 1988, a qual\u00a0 privilegia os povos origin\u00e1rios. (e) relaciona-se com uma certa concep\u00e7\u00e3o de desenvolvimento, associada a um tipo de explora\u00e7\u00e3o predat\u00f3ria da terra, da qual decorre desacertadamente que o reconhecimento da propriedade ind\u00edgena representaria um suposto entrave \u00e0 economia sustent\u00e1vel do pa\u00eds.\u201c O post \u2018Enem dos Concursos\u2019 relaciona o agro \u00e0 explora\u00e7\u00e3o predat\u00f3ria da terra apareceu primeiro em Canal Rural.<\/p>\n","protected":false},"author":0,"featured_media":1426,"comment_status":"open","ping_status":"open","sticky":false,"template":"","format":"standard","meta":{"_monsterinsights_skip_tracking":false,"_monsterinsights_sitenote_active":false,"_monsterinsights_sitenote_note":"","_monsterinsights_sitenote_category":0,"footnotes":""},"categories":[1],"tags":[],"class_list":["post-1425","post","type-post","status-publish","format-standard","has-post-thumbnail","hentry","category-agronegocio"],"_links":{"self":[{"href":"https:\/\/senhorafrutta.com.br\/index.php\/wp-json\/wp\/v2\/posts\/1425","targetHints":{"allow":["GET"]}}],"collection":[{"href":"https:\/\/senhorafrutta.com.br\/index.php\/wp-json\/wp\/v2\/posts"}],"about":[{"href":"https:\/\/senhorafrutta.com.br\/index.php\/wp-json\/wp\/v2\/types\/post"}],"replies":[{"embeddable":true,"href":"https:\/\/senhorafrutta.com.br\/index.php\/wp-json\/wp\/v2\/comments?post=1425"}],"version-history":[{"count":0,"href":"https:\/\/senhorafrutta.com.br\/index.php\/wp-json\/wp\/v2\/posts\/1425\/revisions"}],"wp:featuredmedia":[{"embeddable":true,"href":"https:\/\/senhorafrutta.com.br\/index.php\/wp-json\/wp\/v2\/media\/1426"}],"wp:attachment":[{"href":"https:\/\/senhorafrutta.com.br\/index.php\/wp-json\/wp\/v2\/media?parent=1425"}],"wp:term":[{"taxonomy":"category","embeddable":true,"href":"https:\/\/senhorafrutta.com.br\/index.php\/wp-json\/wp\/v2\/categories?post=1425"},{"taxonomy":"post_tag","embeddable":true,"href":"https:\/\/senhorafrutta.com.br\/index.php\/wp-json\/wp\/v2\/tags?post=1425"}],"curies":[{"name":"wp","href":"https:\/\/api.w.org\/{rel}","templated":true}]}}