{"id":1415,"date":"2024-08-19T21:08:12","date_gmt":"2024-08-19T21:08:12","guid":{"rendered":"https:\/\/senhorafrutta.com.br\/index.php\/2024\/08\/19\/bolivia-zera-tarifa-para-importacao-de-trigo-e-farinha\/"},"modified":"2024-08-19T21:08:12","modified_gmt":"2024-08-19T21:08:12","slug":"bolivia-zera-tarifa-para-importacao-de-trigo-e-farinha","status":"publish","type":"post","link":"https:\/\/senhorafrutta.com.br\/index.php\/2024\/08\/19\/bolivia-zera-tarifa-para-importacao-de-trigo-e-farinha\/","title":{"rendered":"Bol\u00edvia zera tarifa para importa\u00e7\u00e3o de trigo e farinha"},"content":{"rendered":"<div>Foto: Embrapa<\/div>\n<p>O Minist\u00e9rio de Desenvolvimento Produtivo e Economia Plural da <strong><a href=\"http:\/\/www.canalrural.com.br\/tag\/bolivia\/\">Bol\u00edvia <\/a><\/strong>emitiu um decreto que reduz a zero a tarifa para importa\u00e7\u00e3o de trigo e farinha de trigo.<\/p>\n<p><em>Confira na palma da m\u00e3o informa\u00e7\u00f5es quentes sobre agricultura, pecu\u00e1ria, economia e previs\u00e3o do tempo:<\/em><a href=\"https:\/\/whatsapp.com\/channel\/0029Va9VnZxGk1FplZjiW43k\"><em> <\/em><strong><em>siga o Canal Rural no WhatsApp!<\/em><\/strong><\/a><\/p>\n<p>A medida, tomada em meio a conflitos pol\u00edticos, visa reduzir os custos de importa\u00e7\u00e3o para moinhos e outros agentes importadores, garantindo insumos para a fabrica\u00e7\u00e3o de p\u00e3o. <\/p>\n<p>O vice-ministro de Com\u00e9rcio e Log\u00edstica Interna, Grover Lacoa, confirmou que o pa\u00eds importar\u00e1 80 mil toneladas de farinha em 2024 para assegurar o abastecimento do setor panificador e aliment\u00edcio.<\/p>\n<p>O post <a href=\"https:\/\/www.canalrural.com.br\/agricultura\/bolivia-zera-tarifa-para-importacao-de-trigo-e-farinha\/\">Bol\u00edvia zera tarifa para importa\u00e7\u00e3o de trigo e farinha<\/a> apareceu primeiro em <a href=\"https:\/\/www.canalrural.com.br\/\">Canal Rural<\/a>.<\/p>","protected":false},"excerpt":{"rendered":"<p>Foto: Embrapa O Minist\u00e9rio de Desenvolvimento Produtivo e Economia Plural da Bol\u00edvia emitiu um decreto que reduz a zero a tarifa para importa\u00e7\u00e3o de trigo e farinha de trigo. Confira na palma da m\u00e3o informa\u00e7\u00f5es quentes sobre agricultura, pecu\u00e1ria, economia e previs\u00e3o do tempo: siga o Canal Rural no WhatsApp! A medida, tomada em meio a conflitos pol\u00edticos, visa reduzir os custos de importa\u00e7\u00e3o para moinhos e outros agentes importadores, garantindo insumos para a fabrica\u00e7\u00e3o de p\u00e3o. O vice-ministro de Com\u00e9rcio e Log\u00edstica Interna, Grover Lacoa, confirmou que o pa\u00eds importar\u00e1 80 mil toneladas de farinha em 2024 para assegurar o abastecimento do setor panificador e aliment\u00edcio. O post Bol\u00edvia zera tarifa para importa\u00e7\u00e3o de trigo e farinha apareceu primeiro em Canal Rural.<\/p>\n","protected":false},"author":0,"featured_media":1416,"comment_status":"open","ping_status":"open","sticky":false,"template":"","format":"standard","meta":{"_monsterinsights_skip_tracking":false,"_monsterinsights_sitenote_active":false,"_monsterinsights_sitenote_note":"","_monsterinsights_sitenote_category":0,"footnotes":""},"categories":[1],"tags":[],"class_list":["post-1415","post","type-post","status-publish","format-standard","has-post-thumbnail","hentry","category-agronegocio"],"_links":{"self":[{"href":"https:\/\/senhorafrutta.com.br\/index.php\/wp-json\/wp\/v2\/posts\/1415","targetHints":{"allow":["GET"]}}],"collection":[{"href":"https:\/\/senhorafrutta.com.br\/index.php\/wp-json\/wp\/v2\/posts"}],"about":[{"href":"https:\/\/senhorafrutta.com.br\/index.php\/wp-json\/wp\/v2\/types\/post"}],"replies":[{"embeddable":true,"href":"https:\/\/senhorafrutta.com.br\/index.php\/wp-json\/wp\/v2\/comments?post=1415"}],"version-history":[{"count":0,"href":"https:\/\/senhorafrutta.com.br\/index.php\/wp-json\/wp\/v2\/posts\/1415\/revisions"}],"wp:featuredmedia":[{"embeddable":true,"href":"https:\/\/senhorafrutta.com.br\/index.php\/wp-json\/wp\/v2\/media\/1416"}],"wp:attachment":[{"href":"https:\/\/senhorafrutta.com.br\/index.php\/wp-json\/wp\/v2\/media?parent=1415"}],"wp:term":[{"taxonomy":"category","embeddable":true,"href":"https:\/\/senhorafrutta.com.br\/index.php\/wp-json\/wp\/v2\/categories?post=1415"},{"taxonomy":"post_tag","embeddable":true,"href":"https:\/\/senhorafrutta.com.br\/index.php\/wp-json\/wp\/v2\/tags?post=1415"}],"curies":[{"name":"wp","href":"https:\/\/api.w.org\/{rel}","templated":true}]}}