{"id":1375,"date":"2024-08-18T20:32:00","date_gmt":"2024-08-18T20:32:00","guid":{"rendered":"https:\/\/senhorafrutta.com.br\/index.php\/2024\/08\/18\/cavalo-da-pm-prestes-a-se-aposentar-sargento-quer-adota-lo-apos-14-anos-juntos\/"},"modified":"2024-08-18T20:32:00","modified_gmt":"2024-08-18T20:32:00","slug":"cavalo-da-pm-prestes-a-se-aposentar-sargento-quer-adota-lo-apos-14-anos-juntos","status":"publish","type":"post","link":"https:\/\/senhorafrutta.com.br\/index.php\/2024\/08\/18\/cavalo-da-pm-prestes-a-se-aposentar-sargento-quer-adota-lo-apos-14-anos-juntos\/","title":{"rendered":"Cavalo da PM prestes a se aposentar: sargento quer adot\u00e1-lo ap\u00f3s 14 anos juntos"},"content":{"rendered":"<div>Foto: Secretaria de Seguran\u00e7a P\u00fablica de S\u00e3o Paulo<\/div>\n<p>O sargento Eduardo Oliveira Santos mant\u00e9m uma rela\u00e7\u00e3o que vai al\u00e9m do trabalho com o cavalo Bizantino. H\u00e1 14 anos, os dois dividem a rotina no Regimento de Pol\u00edcia Montada 9 de Julho (RPMon) em S\u00e3o Paulo. O animal o acompanhou durante sua trajet\u00f3ria profissional, desde a \u00e9poca em que era soldado na corpora\u00e7\u00e3o. Agora, ap\u00f3s mais de uma d\u00e9cada juntos, o equino est\u00e1 prestes a se aposentar.<\/p>\n<p><em>Confira na palma da m\u00e3o informa\u00e7\u00f5es quentes sobre agricultura, pecu\u00e1ria, economia\u00a0e previs\u00e3o do tempo: <\/em><a href=\"https:\/\/www.whatsapp.com\/channel\/0029Va9VnZxGk1FplZjiW43k\"><strong>Siga o Canal Rural no WhatsApp<\/strong><\/a>!<\/p>\n<p>Dentro da cavalaria da <a href=\"https:\/\/www.canalrural.com.br\/tag\/policia-militar\/\">Pol\u00edcia Militar<\/a>, um cavalo chega, em m\u00e9dia, at\u00e9 os 20 anos com condi\u00e7\u00f5es de prestar servi\u00e7os \u00e0 sociedade de forma saud\u00e1vel. Ap\u00f3s essa idade, uma comiss\u00e3o composta por veterin\u00e1rios, policiais do setor de log\u00edstica e pelo comandante-geral do regimento, coronel Clodoaldo da Cruz, avalia se o animal tem condi\u00e7\u00f5es de continuar o trabalho na corpora\u00e7\u00e3o.<\/p>\n<p>\u201cO mais importante \u00e9 aposentar o cavalo com a sa\u00fade boa, n\u00e3o h\u00e1 idade m\u00ednima para isso\u201d, disse o 1\u00ba tenente Lucas Carvalho da Costa, chefe da comunica\u00e7\u00e3o social do RPMon. Os equinos podem entrar para a reserva antes dos 20 anos por problemas de sa\u00fade como tendinite ou lombalgia, mau comportamento ou problemas no policiamento, como apresentar uma postura muito agressiva.<\/p>\n<p>Bizantino completar\u00e1 19 anos em novembro e integra o 1\u00ba Esquadr\u00e3o Operacional do Regimento, respons\u00e1vel pelo patrulhamento nas ruas e controle de multid\u00f5es, como em manifesta\u00e7\u00f5es, jogos, shows e grandes eventos. O animal foi designado ao sargento Oliveira, que ficou respons\u00e1vel pelo cuidado ap\u00f3s entrar no regimento.\u00a0<\/p>\n<p>Todo dia de trabalho, o sargento chega pela manh\u00e3 na baia e faz a \u201cmanuten\u00e7\u00e3o\u201d do Bizantino \u2014 escova, limpa e d\u00e1 banho. Esse cuidado conta com o apoio de veterin\u00e1rios e de policiais que alimentam o equino. O apego criado nesse tempo foi t\u00e3o grande que o cavalo j\u00e1 faz parte da fam\u00edlia. <\/p>\n<p>\u201cQuando tem encontros familiares, os parentes nem me perguntam como estou mais, j\u00e1 querem saber como o Bizantino est\u00e1\u201d, brinca Oliveira.<\/p>\n<p>Foto: Secretaria de Seguran\u00e7a P\u00fablica de S\u00e3o Paulo<\/p>\n<p>O sargento conta que a \u201ctodo momento tem o cavalo em suas recorda\u00e7\u00f5es\u201d e que n\u00e3o o deixa de visitar nem mesmo durante as f\u00e9rias. \u201cQuando \u00e9 anivers\u00e1rio dele e eu estou em casa, sempre venho at\u00e9 o regimento comemorar com ele. Canto parab\u00e9ns com alguns instrumentos como gaita, trompete e flauta. \u00c9 simb\u00f3lico para mim.\u201d<\/p>\n<p>A saudade foi ainda maior quando seu companheiro precisou ficar cinco anos na Academia de Pol\u00edcia do Barro Branco, na zona norte da capital paulista, por conta de uma log\u00edstica de policiamento. \u201cRev\u00ea-lo foi um momento muito feliz. Encontrei ele em um destacamento do Parque \u00c1gua Branca, em 2017. S\u00f3 no ano seguinte ele conseguiu ficar no regimento de forma fixa\u201d, conta.<\/p>\n<h2 class=\"wp-block-heading\"><strong>Doa\u00e7\u00e3o<\/strong><\/h2>\n<p>Apesar de muitos momentos juntos, o policial n\u00e3o sabe se no futuro continuar\u00e1 com o Bizantino. Ap\u00f3s o cavalo se aposentar, ele ser\u00e1 colocado em uma lista de doa\u00e7\u00e3o.\u00a0<\/p>\n<p>\u201cCavalos da PM n\u00e3o s\u00e3o vendidos ou leiloados, n\u00f3s doamos. E a prioridade da doa\u00e7\u00e3o sempre ser\u00e1 de quem cuida do cavalo. Caso o policial n\u00e3o tenha condi\u00e7\u00f5es de cria-lo, \u00e9 oferecido para outros policiais da unidade. Se ningu\u00e9m se interessar, a\u00ed abrimos ao p\u00fablico, que, geralmente, entra em contato\u201d, disse o tenente da RPMon 9 de Julho.<\/p>\n<p>Foto: Secretaria de Seguran\u00e7a P\u00fablica de S\u00e3o Paulo<\/p>\n<p>O interessado em adquirir o equino precisa cumprir alguns requisitos como ter local adequado e apresentar condi\u00e7\u00f5es de cuida-lo. O cuidador tamb\u00e9m n\u00e3o pode vender ou doar o cavalo para terceiros. Depois da aquisi\u00e7\u00e3o, os policiais do regimento fazem visitas at\u00e9 o terreno do \u201ccomprador\u201d para checar se n\u00e3o h\u00e1 nenhuma irregularidade com o cavalo. Caso tenha, apesar de n\u00e3o ser comum, o animal \u00e9 devolvido ao regimento para uma nova doa\u00e7\u00e3o.<\/p>\n<p>\u201cMeu sonho \u00e9 levar o Bizantino comigo. Mas hoje n\u00e3o tenho condi\u00e7\u00f5es. Moro em um apartamento e cuidar de um cavalo requer despesas, mas quem sabe\u201d, disse Oliveira. O sargento mora em Caieiras, na Grande S\u00e3o Paulo.<\/p>\n<p>Foto: Secretaria de Seguran\u00e7a P\u00fablica (SSP)<\/p>\n<h2 class=\"wp-block-heading\"><strong>Interessados<\/strong><\/h2>\n<p>J\u00e1 h\u00e1 uma fam\u00edlia interessada em ficar com o Bizantino quando ele for para a reserva. Em 2022, Clara Valentina, de 6 anos, visitou o regimento da PM. Os pais s\u00e3o de Caldas Novas, Goi\u00e1s, e vieram at\u00e9 a capital paulista para tratar a doen\u00e7a da filha, que tem c\u00e2ncer na tireoide.<\/p>\n<p>\u201cQuando soube disso, falei comigo mesmo que ia dar tudo de mim nessa visita. Logo pensei no meu cavalo, e coloquei ela para dar uma volta nele. Depois disso, em todo lugar que ela ia falava que andou no Bizantino\u201d, relembrou o sargento.<\/p>\n<p>A menina realizou a cirurgia neste ano e foi um sucesso. \u201cOs pais dela me contaram que a primeira coisa que ela perguntou quando acordou foi onde estava o Bizantino\u201d, disse Oliveira. Os pais de Clara est\u00e3o em contato com o policial para avaliar a doa\u00e7\u00e3o do equino, que iria para um terreno na cidade onde moram.<\/p>\n<p><em>Saiba em primeira m\u00e3o informa\u00e7\u00f5es sobre agricultura, pecu\u00e1ria, economia e previs\u00e3o do tempo. <a href=\"https:\/\/news.google.com\/publications\/CAAqBwgKMPKZlQswq_mqAw?ceid=BR:pt-419&amp;oc=3&amp;hl=pt-BR&amp;gl=BR\"><strong>Siga o Canal Rural no Google News<\/strong><\/a>.<\/em><\/p>\n<p>O post <a href=\"https:\/\/www.canalrural.com.br\/diversos\/cavalo-da-pm-prestes-a-se-aposentar-sargento-quer-adota-lo-apos-14-anos-juntos\/\">Cavalo da PM prestes a se aposentar: sargento quer adot\u00e1-lo ap\u00f3s 14 anos juntos<\/a> apareceu primeiro em <a href=\"https:\/\/www.canalrural.com.br\/\">Canal Rural<\/a>.<\/p>","protected":false},"excerpt":{"rendered":"<p>Foto: Secretaria de Seguran\u00e7a P\u00fablica de S\u00e3o Paulo O sargento Eduardo Oliveira Santos mant\u00e9m uma rela\u00e7\u00e3o que vai al\u00e9m do trabalho com o cavalo Bizantino. H\u00e1 14 anos, os dois dividem a rotina no Regimento de Pol\u00edcia Montada 9 de Julho (RPMon) em S\u00e3o Paulo. O animal o acompanhou durante sua trajet\u00f3ria profissional, desde a \u00e9poca em que era soldado na corpora\u00e7\u00e3o. Agora, ap\u00f3s mais de uma d\u00e9cada juntos, o equino est\u00e1 prestes a se aposentar. Confira na palma da m\u00e3o informa\u00e7\u00f5es quentes sobre agricultura, pecu\u00e1ria, economia\u00a0e previs\u00e3o do tempo: Siga o Canal Rural no WhatsApp! Dentro da cavalaria da Pol\u00edcia Militar, um cavalo chega, em m\u00e9dia, at\u00e9 os 20 anos com condi\u00e7\u00f5es de prestar servi\u00e7os \u00e0 sociedade de forma saud\u00e1vel. Ap\u00f3s essa idade, uma comiss\u00e3o composta por veterin\u00e1rios, policiais do setor de log\u00edstica e pelo comandante-geral do regimento, coronel Clodoaldo da Cruz, avalia se o animal tem condi\u00e7\u00f5es de continuar o trabalho na corpora\u00e7\u00e3o. \u201cO mais importante \u00e9 aposentar o cavalo com a sa\u00fade boa, n\u00e3o h\u00e1 idade m\u00ednima para isso\u201d, disse o 1\u00ba tenente Lucas Carvalho da Costa, chefe da comunica\u00e7\u00e3o social do RPMon. Os equinos podem entrar para a reserva antes dos 20 anos por problemas de sa\u00fade como tendinite ou lombalgia, mau comportamento ou problemas no policiamento, como apresentar uma postura muito agressiva. Bizantino completar\u00e1 19 anos em novembro e integra o 1\u00ba Esquadr\u00e3o Operacional do Regimento, respons\u00e1vel pelo patrulhamento nas ruas e controle de multid\u00f5es, como em manifesta\u00e7\u00f5es, jogos, shows e grandes eventos. O animal foi designado ao sargento Oliveira, que ficou respons\u00e1vel pelo cuidado ap\u00f3s entrar no regimento.\u00a0 Todo dia de trabalho, o sargento chega pela manh\u00e3 na baia e faz a \u201cmanuten\u00e7\u00e3o\u201d do Bizantino \u2014 escova, limpa e d\u00e1 banho. Esse cuidado conta com o apoio de veterin\u00e1rios e de policiais que alimentam o equino. O apego criado nesse tempo foi t\u00e3o grande que o cavalo j\u00e1 faz parte da fam\u00edlia. \u201cQuando tem encontros familiares, os parentes nem me perguntam como estou mais, j\u00e1 querem saber como o Bizantino est\u00e1\u201d, brinca Oliveira. Foto: Secretaria de Seguran\u00e7a P\u00fablica de S\u00e3o Paulo O sargento conta que a \u201ctodo momento tem o cavalo em suas recorda\u00e7\u00f5es\u201d e que n\u00e3o o deixa de visitar nem mesmo durante as f\u00e9rias. \u201cQuando \u00e9 anivers\u00e1rio dele e eu estou em casa, sempre venho at\u00e9 o regimento comemorar com ele. Canto parab\u00e9ns com alguns instrumentos como gaita, trompete e flauta. \u00c9 simb\u00f3lico para mim.\u201d A saudade foi ainda maior quando seu companheiro precisou ficar cinco anos na Academia de Pol\u00edcia do Barro Branco, na zona norte da capital paulista, por conta de uma log\u00edstica de policiamento. \u201cRev\u00ea-lo foi um momento muito feliz. Encontrei ele em um destacamento do Parque \u00c1gua Branca, em 2017. S\u00f3 no ano seguinte ele conseguiu ficar no regimento de forma fixa\u201d, conta. Doa\u00e7\u00e3o Apesar de muitos momentos juntos, o policial n\u00e3o sabe se no futuro continuar\u00e1 com o Bizantino. Ap\u00f3s o cavalo se aposentar, ele ser\u00e1 colocado em uma lista de doa\u00e7\u00e3o.\u00a0 \u201cCavalos da PM n\u00e3o s\u00e3o vendidos ou leiloados, n\u00f3s doamos. E a prioridade da doa\u00e7\u00e3o sempre ser\u00e1 de quem cuida do cavalo. Caso o policial n\u00e3o tenha condi\u00e7\u00f5es de cria-lo, \u00e9 oferecido para outros policiais da unidade. Se ningu\u00e9m se interessar, a\u00ed abrimos ao p\u00fablico, que, geralmente, entra em contato\u201d, disse o tenente da RPMon 9 de Julho. Foto: Secretaria de Seguran\u00e7a P\u00fablica de S\u00e3o Paulo O interessado em adquirir o equino precisa cumprir alguns requisitos como ter local adequado e apresentar condi\u00e7\u00f5es de cuida-lo. O cuidador tamb\u00e9m n\u00e3o pode vender ou doar o cavalo para terceiros. Depois da aquisi\u00e7\u00e3o, os policiais do regimento fazem visitas at\u00e9 o terreno do \u201ccomprador\u201d para checar se n\u00e3o h\u00e1 nenhuma irregularidade com o cavalo. Caso tenha, apesar de n\u00e3o ser comum, o animal \u00e9 devolvido ao regimento para uma nova doa\u00e7\u00e3o. \u201cMeu sonho \u00e9 levar o Bizantino comigo. Mas hoje n\u00e3o tenho condi\u00e7\u00f5es. Moro em um apartamento e cuidar de um cavalo requer despesas, mas quem sabe\u201d, disse Oliveira. O sargento mora em Caieiras, na Grande S\u00e3o Paulo. Foto: Secretaria de Seguran\u00e7a P\u00fablica (SSP) Interessados J\u00e1 h\u00e1 uma fam\u00edlia interessada em ficar com o Bizantino quando ele for para a reserva. Em 2022, Clara Valentina, de 6 anos, visitou o regimento da PM. Os pais s\u00e3o de Caldas Novas, Goi\u00e1s, e vieram at\u00e9 a capital paulista para tratar a doen\u00e7a da filha, que tem c\u00e2ncer na tireoide. \u201cQuando soube disso, falei comigo mesmo que ia dar tudo de mim nessa visita. Logo pensei no meu cavalo, e coloquei ela para dar uma volta nele. Depois disso, em todo lugar que ela ia falava que andou no Bizantino\u201d, relembrou o sargento. A menina realizou a cirurgia neste ano e foi um sucesso. \u201cOs pais dela me contaram que a primeira coisa que ela perguntou quando acordou foi onde estava o Bizantino\u201d, disse Oliveira. Os pais de Clara est\u00e3o em contato com o policial para avaliar a doa\u00e7\u00e3o do equino, que iria para um terreno na cidade onde moram. Saiba em primeira m\u00e3o informa\u00e7\u00f5es sobre agricultura, pecu\u00e1ria, economia e previs\u00e3o do tempo. Siga o Canal Rural no Google News. O post Cavalo da PM prestes a se aposentar: sargento quer adot\u00e1-lo ap\u00f3s 14 anos juntos apareceu primeiro em Canal Rural.<\/p>\n","protected":false},"author":0,"featured_media":1376,"comment_status":"open","ping_status":"open","sticky":false,"template":"","format":"standard","meta":{"_monsterinsights_skip_tracking":false,"_monsterinsights_sitenote_active":false,"_monsterinsights_sitenote_note":"","_monsterinsights_sitenote_category":0,"footnotes":""},"categories":[1],"tags":[],"class_list":["post-1375","post","type-post","status-publish","format-standard","has-post-thumbnail","hentry","category-agronegocio"],"_links":{"self":[{"href":"https:\/\/senhorafrutta.com.br\/index.php\/wp-json\/wp\/v2\/posts\/1375","targetHints":{"allow":["GET"]}}],"collection":[{"href":"https:\/\/senhorafrutta.com.br\/index.php\/wp-json\/wp\/v2\/posts"}],"about":[{"href":"https:\/\/senhorafrutta.com.br\/index.php\/wp-json\/wp\/v2\/types\/post"}],"replies":[{"embeddable":true,"href":"https:\/\/senhorafrutta.com.br\/index.php\/wp-json\/wp\/v2\/comments?post=1375"}],"version-history":[{"count":0,"href":"https:\/\/senhorafrutta.com.br\/index.php\/wp-json\/wp\/v2\/posts\/1375\/revisions"}],"wp:featuredmedia":[{"embeddable":true,"href":"https:\/\/senhorafrutta.com.br\/index.php\/wp-json\/wp\/v2\/media\/1376"}],"wp:attachment":[{"href":"https:\/\/senhorafrutta.com.br\/index.php\/wp-json\/wp\/v2\/media?parent=1375"}],"wp:term":[{"taxonomy":"category","embeddable":true,"href":"https:\/\/senhorafrutta.com.br\/index.php\/wp-json\/wp\/v2\/categories?post=1375"},{"taxonomy":"post_tag","embeddable":true,"href":"https:\/\/senhorafrutta.com.br\/index.php\/wp-json\/wp\/v2\/tags?post=1375"}],"curies":[{"name":"wp","href":"https:\/\/api.w.org\/{rel}","templated":true}]}}