{"id":1353,"date":"2024-08-17T14:46:05","date_gmt":"2024-08-17T14:46:05","guid":{"rendered":"https:\/\/senhorafrutta.com.br\/index.php\/2024\/08\/17\/produtores-gauchos-declaram-dia-de-luto-em-protesto-durante-visita-de-lula-ao-rs\/"},"modified":"2024-08-17T14:46:05","modified_gmt":"2024-08-17T14:46:05","slug":"produtores-gauchos-declaram-dia-de-luto-em-protesto-durante-visita-de-lula-ao-rs","status":"publish","type":"post","link":"https:\/\/senhorafrutta.com.br\/index.php\/2024\/08\/17\/produtores-gauchos-declaram-dia-de-luto-em-protesto-durante-visita-de-lula-ao-rs\/","title":{"rendered":"Produtores ga\u00fachos declaram \u2018dia de luto\u2019 em protesto durante visita de Lula ao RS"},"content":{"rendered":"<div><\/div>\n<div class=\"wp-block-embed__wrapper\">\n<\/div>\n<p>Na \u00faltima sexta-feira (16), os produtores rurais do <strong><a href=\"https:\/\/www.canalrural.com.br\/tag\/rio-grande-do-sul\/\">Rio Grande do Sul<\/a><\/strong> declararam o \u201c<em>Dia de Luto<\/em>\u201d pela atividade agropecu\u00e1ria, marcando a visita do presidente Lula ao estado com manifesta\u00e7\u00f5es em diversas cidades. Em apoio ao movimento, o com\u00e9rcio em v\u00e1rias localidades fechou suas portas. As mobiliza\u00e7\u00f5es inclu\u00edram protestos com m\u00e1quinas agr\u00edcolas, caminh\u00f5es e acampamentos em regi\u00f5es estrat\u00e9gicas.<\/p>\n<p><em>Confira na palma da m\u00e3o informa\u00e7\u00f5es quentes sobre agricultura, pecu\u00e1ria, economia e previs\u00e3o do tempo: <\/em><a href=\"https:\/\/www.whatsapp.com\/channel\/0029Va9VnZxGk1FplZjiW43k\"><strong>siga o Canal Rural no WhatsApp<\/strong><\/a>!<\/p>\n<p>Apesar das discuss\u00f5es e an\u00fancios recentes em Bras\u00edlia, os produtores seguem reivindicando medidas mais efetivas de socorro, especialmente no que diz respeito \u00e0 renegocia\u00e7\u00e3o das d\u00edvidas. Um grupo de manifestantes aguardou a presen\u00e7a do presidente em S\u00e3o Leopoldo, na tentativa de relatar pessoalmente as dificuldades enfrentadas no campo. Outras manifesta\u00e7\u00f5es ocorreram em S\u00e3o Louren\u00e7o do Sul, na regi\u00e3o sul do estado, Pantano Grande, na regi\u00e3o central, e em v\u00e1rias \u00e1reas do norte do Rio Grande do Sul.<\/p>\n<p>As d\u00edvidas foram prorrogadas at\u00e9 16 de setembro, mas, segundo os l\u00edderes do movimento, o prazo n\u00e3o \u00e9 suficiente, j\u00e1 que muitos produtores n\u00e3o ter\u00e3o recursos para quit\u00e1-las. A situa\u00e7\u00e3o se agrava com a necessidade urgente de adquirir insumos e planejar a pr\u00f3xima safra de ver\u00e3o, levando alguns agricultores a considerar o abandono da atividade.<\/p>\n<p>\u201cA nossa situa\u00e7\u00e3o j\u00e1 estava dif\u00edcil antes da enchente, e agora piorou. Se as coisas n\u00e3o mudarem, muitos de n\u00f3s vamos ter que abandonar nossas propriedades at\u00e9 o final do ano,\u201d lamentou H\u00e9lio de Freitas, produtor rural de Selbach, Rio Grande do Sul.<\/p>\n<p>A l\u00edder do movimento SOS Agro RS, Graziele de Camargo, destacou que as dificuldades continuam a crescer, agravando ainda mais as d\u00edvidas dos produtores. Ela refor\u00e7ou a necessidade de a\u00e7\u00f5es mais concretas e urgentes por parte do governo federal.<\/p>\n<p>O post <a href=\"https:\/\/www.canalrural.com.br\/agricultura\/produtores-gauchos-declaram-dia-de-luto-em-protesto-durante-visita-de-lula-ao-rs\/\">Produtores ga\u00fachos declaram \u2018dia de luto\u2019 em protesto durante visita de Lula ao RS<\/a> apareceu primeiro em <a href=\"https:\/\/www.canalrural.com.br\/\">Canal Rural<\/a>.<\/p>","protected":false},"excerpt":{"rendered":"<p>Na \u00faltima sexta-feira (16), os produtores rurais do Rio Grande do Sul declararam o \u201cDia de Luto\u201d pela atividade agropecu\u00e1ria, marcando a visita do presidente Lula ao estado com manifesta\u00e7\u00f5es em diversas cidades. Em apoio ao movimento, o com\u00e9rcio em v\u00e1rias localidades fechou suas portas. As mobiliza\u00e7\u00f5es inclu\u00edram protestos com m\u00e1quinas agr\u00edcolas, caminh\u00f5es e acampamentos em regi\u00f5es estrat\u00e9gicas. Confira na palma da m\u00e3o informa\u00e7\u00f5es quentes sobre agricultura, pecu\u00e1ria, economia e previs\u00e3o do tempo: siga o Canal Rural no WhatsApp! Apesar das discuss\u00f5es e an\u00fancios recentes em Bras\u00edlia, os produtores seguem reivindicando medidas mais efetivas de socorro, especialmente no que diz respeito \u00e0 renegocia\u00e7\u00e3o das d\u00edvidas. Um grupo de manifestantes aguardou a presen\u00e7a do presidente em S\u00e3o Leopoldo, na tentativa de relatar pessoalmente as dificuldades enfrentadas no campo. Outras manifesta\u00e7\u00f5es ocorreram em S\u00e3o Louren\u00e7o do Sul, na regi\u00e3o sul do estado, Pantano Grande, na regi\u00e3o central, e em v\u00e1rias \u00e1reas do norte do Rio Grande do Sul. As d\u00edvidas foram prorrogadas at\u00e9 16 de setembro, mas, segundo os l\u00edderes do movimento, o prazo n\u00e3o \u00e9 suficiente, j\u00e1 que muitos produtores n\u00e3o ter\u00e3o recursos para quit\u00e1-las. A situa\u00e7\u00e3o se agrava com a necessidade urgente de adquirir insumos e planejar a pr\u00f3xima safra de ver\u00e3o, levando alguns agricultores a considerar o abandono da atividade. \u201cA nossa situa\u00e7\u00e3o j\u00e1 estava dif\u00edcil antes da enchente, e agora piorou. Se as coisas n\u00e3o mudarem, muitos de n\u00f3s vamos ter que abandonar nossas propriedades at\u00e9 o final do ano,\u201d lamentou H\u00e9lio de Freitas, produtor rural de Selbach, Rio Grande do Sul. A l\u00edder do movimento SOS Agro RS, Graziele de Camargo, destacou que as dificuldades continuam a crescer, agravando ainda mais as d\u00edvidas dos produtores. Ela refor\u00e7ou a necessidade de a\u00e7\u00f5es mais concretas e urgentes por parte do governo federal. O post Produtores ga\u00fachos declaram \u2018dia de luto\u2019 em protesto durante visita de Lula ao RS apareceu primeiro em Canal Rural.<\/p>\n","protected":false},"author":0,"featured_media":1354,"comment_status":"open","ping_status":"open","sticky":false,"template":"","format":"standard","meta":{"_monsterinsights_skip_tracking":false,"_monsterinsights_sitenote_active":false,"_monsterinsights_sitenote_note":"","_monsterinsights_sitenote_category":0,"footnotes":""},"categories":[1],"tags":[],"class_list":["post-1353","post","type-post","status-publish","format-standard","has-post-thumbnail","hentry","category-agronegocio"],"_links":{"self":[{"href":"https:\/\/senhorafrutta.com.br\/index.php\/wp-json\/wp\/v2\/posts\/1353","targetHints":{"allow":["GET"]}}],"collection":[{"href":"https:\/\/senhorafrutta.com.br\/index.php\/wp-json\/wp\/v2\/posts"}],"about":[{"href":"https:\/\/senhorafrutta.com.br\/index.php\/wp-json\/wp\/v2\/types\/post"}],"replies":[{"embeddable":true,"href":"https:\/\/senhorafrutta.com.br\/index.php\/wp-json\/wp\/v2\/comments?post=1353"}],"version-history":[{"count":0,"href":"https:\/\/senhorafrutta.com.br\/index.php\/wp-json\/wp\/v2\/posts\/1353\/revisions"}],"wp:featuredmedia":[{"embeddable":true,"href":"https:\/\/senhorafrutta.com.br\/index.php\/wp-json\/wp\/v2\/media\/1354"}],"wp:attachment":[{"href":"https:\/\/senhorafrutta.com.br\/index.php\/wp-json\/wp\/v2\/media?parent=1353"}],"wp:term":[{"taxonomy":"category","embeddable":true,"href":"https:\/\/senhorafrutta.com.br\/index.php\/wp-json\/wp\/v2\/categories?post=1353"},{"taxonomy":"post_tag","embeddable":true,"href":"https:\/\/senhorafrutta.com.br\/index.php\/wp-json\/wp\/v2\/tags?post=1353"}],"curies":[{"name":"wp","href":"https:\/\/api.w.org\/{rel}","templated":true}]}}