{"id":1333,"date":"2024-08-16T21:54:52","date_gmt":"2024-08-16T21:54:52","guid":{"rendered":"https:\/\/senhorafrutta.com.br\/index.php\/2024\/08\/16\/manter-empregos-em-troca-de-desoneracao-entidade-chama-de-absurda-exigencia-a-empresas\/"},"modified":"2024-08-16T21:54:52","modified_gmt":"2024-08-16T21:54:52","slug":"manter-empregos-em-troca-de-desoneracao-entidade-chama-de-absurda-exigencia-a-empresas","status":"publish","type":"post","link":"https:\/\/senhorafrutta.com.br\/index.php\/2024\/08\/16\/manter-empregos-em-troca-de-desoneracao-entidade-chama-de-absurda-exigencia-a-empresas\/","title":{"rendered":"Manter empregos em troca de desonera\u00e7\u00e3o: entidade chama de \u2018absurda\u2019 exig\u00eancia a empresas"},"content":{"rendered":"<div>Foto: Marcelo Camargo\/Ag\u00eancia Brasil<\/div>\n<p>O projeto de lei que discute a prorroga\u00e7\u00e3o da desonera\u00e7\u00e3o da folha e traz a exig\u00eancia das empresas para manuten\u00e7\u00e3o das vagas de trabalho como contrapartida foi classificado como \u201cabsurdo\u201d por parte do setor de telecomunica\u00e7\u00f5es.<\/p>\n<p><em>Confira na palma da m\u00e3o informa\u00e7\u00f5es quentes sobre agricultura, pecu\u00e1ria, economia e previs\u00e3o do tempo:<\/em><a href=\"https:\/\/whatsapp.com\/channel\/0029Va9VnZxGk1FplZjiW43k\"><em> <\/em><strong><em>siga o Canal Rural no WhatsApp!<\/em><\/strong><\/a><\/p>\n<p>\u201cTal exig\u00eancia fere de morte a desonera\u00e7\u00e3o, pois ningu\u00e9m, de modo respons\u00e1vel e s\u00e9rio, pode assumir um compromisso como esse, pois s\u00e3o muitas as vari\u00e1veis econ\u00f4micas, nacionais e internacionais, al\u00e9m das tecnol\u00f3gicas, que podem interferir no mercado de trabalho\u201d, declarou, em nota, a presidente da Federa\u00e7\u00e3o Nacional de Call Center, Instala\u00e7\u00e3o e Manuten\u00e7\u00e3o de Infraestrutura de Redes (Feninfra), Vivien Mello Suruagy.<\/p>\n<p>\u201cPodemos afirmar, por\u00e9m, que a desonera\u00e7\u00e3o, em quaisquer circunst\u00e2ncias, sempre contribuir\u00e1 para novas contrata\u00e7\u00f5es e para evitar demiss\u00f5es, conforme se observou, de maneira comprovada, durante toda a vig\u00eancia da medida, desde 2011\u201d, enfatizou Vivien.<\/p>\n<p>A presidente da Feninfra pondera que atender \u00e0 exig\u00eancia contida no projeto de lei somente seria vi\u00e1vel se o governo garantisse a manuten\u00e7\u00e3o dos contratos as empresas inclu\u00eddas na desonera\u00e7\u00e3o possuem, o volume de servi\u00e7os e a devida atualiza\u00e7\u00e3o dos pre\u00e7os. \u201cO poder p\u00fablico, embora n\u00e3o tenha como assumir esse compromisso, imp\u00f5e uma exig\u00eancia descabida \u00e0s empresas, colocando em risco milhares de empregos e a perspectiva de novas contrata\u00e7\u00f5es de trabalhadores\u201d, diz.<\/p>\n<p>O presidente do Senado, Rodrigo Pacheco (PSD-MG), anunciou na quinta, 15, que adiou para a pr\u00f3xima ter\u00e7a-feira, 20, a vota\u00e7\u00e3o do projeto de lei da desonera\u00e7\u00e3o da folha de pagamentos, conforme mostrou o Broadcast, sistema de not\u00edcias em tempo real do Grupo Estado.<\/p>\n<p>Um dos pontos pol\u00eamicos do projeto \u00e9 o trecho que obriga as empresas a firmar um termo se comprometendo a manter o mesmo n\u00famero de empregos ou at\u00e9 a ampliar sua base de funcion\u00e1rios.<\/p>\n<p>O artigo 4 do projeto estabelece que somente ter\u00e3o direito \u00e0 al\u00edquota diferenciada da contribui\u00e7\u00e3o previdenci\u00e1ria patronal, entre 1\u00ba de janeiro de 2025 e 31 de dezembro de 2027, as empresas que se comprometerem a manter quantitativo de funcion\u00e1rios igual ou superior ao verificado no in\u00edcio de cada ano-calend\u00e1rio.<\/p>\n<p>O post <a href=\"https:\/\/www.canalrural.com.br\/diversos\/feninfra-chama-de-absurda-exigencia-a-empresas-para-manter-empregos-em-troca-de-desoneracao\/\">Manter empregos em troca de desonera\u00e7\u00e3o: entidade chama de \u2018absurda\u2019 exig\u00eancia a empresas<\/a> apareceu primeiro em <a href=\"https:\/\/www.canalrural.com.br\/\">Canal Rural<\/a>.<\/p>","protected":false},"excerpt":{"rendered":"<p>Foto: Marcelo Camargo\/Ag\u00eancia Brasil O projeto de lei que discute a prorroga\u00e7\u00e3o da desonera\u00e7\u00e3o da folha e traz a exig\u00eancia das empresas para manuten\u00e7\u00e3o das vagas de trabalho como contrapartida foi classificado como \u201cabsurdo\u201d por parte do setor de telecomunica\u00e7\u00f5es. Confira na palma da m\u00e3o informa\u00e7\u00f5es quentes sobre agricultura, pecu\u00e1ria, economia e previs\u00e3o do tempo: siga o Canal Rural no WhatsApp! \u201cTal exig\u00eancia fere de morte a desonera\u00e7\u00e3o, pois ningu\u00e9m, de modo respons\u00e1vel e s\u00e9rio, pode assumir um compromisso como esse, pois s\u00e3o muitas as vari\u00e1veis econ\u00f4micas, nacionais e internacionais, al\u00e9m das tecnol\u00f3gicas, que podem interferir no mercado de trabalho\u201d, declarou, em nota, a presidente da Federa\u00e7\u00e3o Nacional de Call Center, Instala\u00e7\u00e3o e Manuten\u00e7\u00e3o de Infraestrutura de Redes (Feninfra), Vivien Mello Suruagy. \u201cPodemos afirmar, por\u00e9m, que a desonera\u00e7\u00e3o, em quaisquer circunst\u00e2ncias, sempre contribuir\u00e1 para novas contrata\u00e7\u00f5es e para evitar demiss\u00f5es, conforme se observou, de maneira comprovada, durante toda a vig\u00eancia da medida, desde 2011\u201d, enfatizou Vivien. A presidente da Feninfra pondera que atender \u00e0 exig\u00eancia contida no projeto de lei somente seria vi\u00e1vel se o governo garantisse a manuten\u00e7\u00e3o dos contratos as empresas inclu\u00eddas na desonera\u00e7\u00e3o possuem, o volume de servi\u00e7os e a devida atualiza\u00e7\u00e3o dos pre\u00e7os. \u201cO poder p\u00fablico, embora n\u00e3o tenha como assumir esse compromisso, imp\u00f5e uma exig\u00eancia descabida \u00e0s empresas, colocando em risco milhares de empregos e a perspectiva de novas contrata\u00e7\u00f5es de trabalhadores\u201d, diz. O presidente do Senado, Rodrigo Pacheco (PSD-MG), anunciou na quinta, 15, que adiou para a pr\u00f3xima ter\u00e7a-feira, 20, a vota\u00e7\u00e3o do projeto de lei da desonera\u00e7\u00e3o da folha de pagamentos, conforme mostrou o Broadcast, sistema de not\u00edcias em tempo real do Grupo Estado. Um dos pontos pol\u00eamicos do projeto \u00e9 o trecho que obriga as empresas a firmar um termo se comprometendo a manter o mesmo n\u00famero de empregos ou at\u00e9 a ampliar sua base de funcion\u00e1rios. O artigo 4 do projeto estabelece que somente ter\u00e3o direito \u00e0 al\u00edquota diferenciada da contribui\u00e7\u00e3o previdenci\u00e1ria patronal, entre 1\u00ba de janeiro de 2025 e 31 de dezembro de 2027, as empresas que se comprometerem a manter quantitativo de funcion\u00e1rios igual ou superior ao verificado no in\u00edcio de cada ano-calend\u00e1rio. O post Manter empregos em troca de desonera\u00e7\u00e3o: entidade chama de \u2018absurda\u2019 exig\u00eancia a empresas apareceu primeiro em Canal Rural.<\/p>\n","protected":false},"author":0,"featured_media":1334,"comment_status":"open","ping_status":"open","sticky":false,"template":"","format":"standard","meta":{"_monsterinsights_skip_tracking":false,"_monsterinsights_sitenote_active":false,"_monsterinsights_sitenote_note":"","_monsterinsights_sitenote_category":0,"footnotes":""},"categories":[1],"tags":[],"class_list":["post-1333","post","type-post","status-publish","format-standard","has-post-thumbnail","hentry","category-agronegocio"],"_links":{"self":[{"href":"https:\/\/senhorafrutta.com.br\/index.php\/wp-json\/wp\/v2\/posts\/1333","targetHints":{"allow":["GET"]}}],"collection":[{"href":"https:\/\/senhorafrutta.com.br\/index.php\/wp-json\/wp\/v2\/posts"}],"about":[{"href":"https:\/\/senhorafrutta.com.br\/index.php\/wp-json\/wp\/v2\/types\/post"}],"replies":[{"embeddable":true,"href":"https:\/\/senhorafrutta.com.br\/index.php\/wp-json\/wp\/v2\/comments?post=1333"}],"version-history":[{"count":0,"href":"https:\/\/senhorafrutta.com.br\/index.php\/wp-json\/wp\/v2\/posts\/1333\/revisions"}],"wp:featuredmedia":[{"embeddable":true,"href":"https:\/\/senhorafrutta.com.br\/index.php\/wp-json\/wp\/v2\/media\/1334"}],"wp:attachment":[{"href":"https:\/\/senhorafrutta.com.br\/index.php\/wp-json\/wp\/v2\/media?parent=1333"}],"wp:term":[{"taxonomy":"category","embeddable":true,"href":"https:\/\/senhorafrutta.com.br\/index.php\/wp-json\/wp\/v2\/categories?post=1333"},{"taxonomy":"post_tag","embeddable":true,"href":"https:\/\/senhorafrutta.com.br\/index.php\/wp-json\/wp\/v2\/tags?post=1333"}],"curies":[{"name":"wp","href":"https:\/\/api.w.org\/{rel}","templated":true}]}}