{"id":1307,"date":"2024-08-16T11:28:57","date_gmt":"2024-08-16T11:28:57","guid":{"rendered":"https:\/\/senhorafrutta.com.br\/index.php\/2024\/08\/16\/expo-aflord-evento-em-aruja-reune-flores-de-5-continentes\/"},"modified":"2024-08-16T11:28:57","modified_gmt":"2024-08-16T11:28:57","slug":"expo-aflord-evento-em-aruja-reune-flores-de-5-continentes","status":"publish","type":"post","link":"https:\/\/senhorafrutta.com.br\/index.php\/2024\/08\/16\/expo-aflord-evento-em-aruja-reune-flores-de-5-continentes\/","title":{"rendered":"Expo Aflord: evento em Aruj\u00e1 re\u00fane flores de 5 continentes"},"content":{"rendered":"<div>Foto: Expo Aflord\/Divulga\u00e7\u00e3o<\/div>\n<p>A <strong>Expo Aflord<\/strong> retorna para sua 31\u00aa edi\u00e7\u00e3o em Aruj\u00e1 (SP) com o tema \u201c<strong>Primaveras do Mundo<\/strong>\u201c. Este ano, a festa das <a href=\"https:\/\/www.canalrural.com.br\/tag\/flores\/\">flores<\/a>, que atrai cerca de 45 mil visitantes anualmente, acontecer\u00e1 nos dias 17, 18, 24, 25 e 31 de agosto, al\u00e9m de 1\u00ba de setembro, prometendo um espet\u00e1culo de criatividade e beleza floral.<\/p>\n<p><em>Confira na palma da m\u00e3o informa\u00e7\u00f5es quentes sobre agricultura, pecu\u00e1ria, economia e previs\u00e3o do tempo: <\/em><a href=\"https:\/\/www.whatsapp.com\/channel\/0029Va9VnZxGk1FplZjiW43k\"><strong>siga o Canal Rural no WhatsApp<\/strong><\/a>!<\/p>\n<p>O tema \u201cPrimaveras do Mundo\u201d deve encantar os visitantes ao trazer representa\u00e7\u00f5es de jardins dos 5 continentes, utilizando uma variedade de flores t\u00edpicas de cada regi\u00e3o. A proposta da Associa\u00e7\u00e3o dos Floricultores da Regi\u00e3o da Via Dutra (Aflord) \u00e9 oferecer uma experi\u00eancia visual que mescla hist\u00f3ria, cultura e a exuber\u00e2ncia da flora global. <\/p>\n<p>Segundo Val\u00e9ria Otsubo, respons\u00e1vel pelo marketing da Expo Aflord, a inten\u00e7\u00e3o \u00e9 \u201ccontar a hist\u00f3ria dos continentes por meio da beleza e originalidade das flores\u201d.<\/p>\n<h2 class=\"wp-block-heading\"><strong>Montagem dos cen\u00e1rios e participa\u00e7\u00e3o jovem<\/strong><\/h2>\n<p>O pavilh\u00e3o de exposi\u00e7\u00e3o, pe\u00e7a central do evento, foi preparado pelos pr\u00f3prios floricultores da regi\u00e3o, que se envolvem na cria\u00e7\u00e3o dos cen\u00e1rios. Grupos de jovens tamb\u00e9m participam, garantindo a continuidade das tradi\u00e7\u00f5es e valores que a Expo Aflord promove h\u00e1 mais de tr\u00eas d\u00e9cadas, como destaca Tsumotu Makita, presidente da Aflord.<\/p>\n<h2 class=\"wp-block-heading\"><strong>Cinco continentes, cinco jardins<\/strong><\/h2>\n<p>A exposi\u00e7\u00e3o ser\u00e1 dividida em \u00e1reas tem\u00e1ticas, cada uma representando um continente. As <strong>Am\u00e9ricas<\/strong> ter\u00e3o destaque com a rica flora brasileira; a <strong>Europa<\/strong> trar\u00e1 \u00e0 tona a eleg\u00e2ncia de seus castelos e jardins; a <strong>Oceania<\/strong> ser\u00e1 representada pelo majestoso Uluru e suas paisagens naturais; a <strong>\u00c1frica<\/strong> mostrar\u00e1 a diversidade de seus biomas, enquanto a <strong>\u00c1sia<\/strong> apresentar\u00e1 suas grandiosas paisagens e diversidade clim\u00e1tica. \u201cCada jardim contar\u00e1 com figuras que simbolizam a cultura e a \u00e1gua, essencial \u00e0 vida\u201d, explica Otsubo.<\/p>\n<h2 class=\"wp-block-heading\"><strong>Atra\u00e7\u00f5es adicionais<\/strong><\/h2>\n<p>Al\u00e9m da exposi\u00e7\u00e3o de flores, a Expo Aflord oferece uma gama de atra\u00e7\u00f5es. O pavilh\u00e3o de vendas de flores permitir\u00e1 que os visitantes adquiram plantas diretamente dos produtores, com pre\u00e7os acess\u00edveis, como suculentas a partir de R$ 1,50 e mudas de orqu\u00eddeas a partir de R$ 8,50. <\/p>\n<p>O evento tamb\u00e9m contar\u00e1 com apresenta\u00e7\u00f5es musicais, uma pra\u00e7a de alimenta\u00e7\u00e3o com mais de 30 op\u00e7\u00f5es, e um centro de neg\u00f3cios com cerca de 100 estandes oferecendo desde eletr\u00f4nicos at\u00e9 utens\u00edlios dom\u00e9sticos e vestu\u00e1rio.<\/p>\n<p>Os ingressos para a Expo Aflord est\u00e3o dispon\u00edveis no site oficial do evento, <a href=\"https:\/\/www.expoaflord.com.br\/\">www.expoaflord.com.br<\/a>, com pre\u00e7os promocionais para compra antecipada. <\/p>\n<p>Para mais informa\u00e7\u00f5es, o p\u00fablico pode entrar em contato pelo telefone\/WhatsApp: (11) 4655-4227.<\/p>\n<p>O post <a href=\"https:\/\/www.canalrural.com.br\/feiras-e-eventos\/expo-aflord-evento-em-aruja-reune-flores-de-5-continentes\/\">Expo Aflord: evento em Aruj\u00e1 re\u00fane flores de 5 continentes<\/a> apareceu primeiro em <a href=\"https:\/\/www.canalrural.com.br\/\">Canal Rural<\/a>.<\/p>","protected":false},"excerpt":{"rendered":"<p>Foto: Expo Aflord\/Divulga\u00e7\u00e3o A Expo Aflord retorna para sua 31\u00aa edi\u00e7\u00e3o em Aruj\u00e1 (SP) com o tema \u201cPrimaveras do Mundo\u201c. Este ano, a festa das flores, que atrai cerca de 45 mil visitantes anualmente, acontecer\u00e1 nos dias 17, 18, 24, 25 e 31 de agosto, al\u00e9m de 1\u00ba de setembro, prometendo um espet\u00e1culo de criatividade e beleza floral. Confira na palma da m\u00e3o informa\u00e7\u00f5es quentes sobre agricultura, pecu\u00e1ria, economia e previs\u00e3o do tempo: siga o Canal Rural no WhatsApp! O tema \u201cPrimaveras do Mundo\u201d deve encantar os visitantes ao trazer representa\u00e7\u00f5es de jardins dos 5 continentes, utilizando uma variedade de flores t\u00edpicas de cada regi\u00e3o. A proposta da Associa\u00e7\u00e3o dos Floricultores da Regi\u00e3o da Via Dutra (Aflord) \u00e9 oferecer uma experi\u00eancia visual que mescla hist\u00f3ria, cultura e a exuber\u00e2ncia da flora global. Segundo Val\u00e9ria Otsubo, respons\u00e1vel pelo marketing da Expo Aflord, a inten\u00e7\u00e3o \u00e9 \u201ccontar a hist\u00f3ria dos continentes por meio da beleza e originalidade das flores\u201d. Montagem dos cen\u00e1rios e participa\u00e7\u00e3o jovem O pavilh\u00e3o de exposi\u00e7\u00e3o, pe\u00e7a central do evento, foi preparado pelos pr\u00f3prios floricultores da regi\u00e3o, que se envolvem na cria\u00e7\u00e3o dos cen\u00e1rios. Grupos de jovens tamb\u00e9m participam, garantindo a continuidade das tradi\u00e7\u00f5es e valores que a Expo Aflord promove h\u00e1 mais de tr\u00eas d\u00e9cadas, como destaca Tsumotu Makita, presidente da Aflord. Cinco continentes, cinco jardins A exposi\u00e7\u00e3o ser\u00e1 dividida em \u00e1reas tem\u00e1ticas, cada uma representando um continente. As Am\u00e9ricas ter\u00e3o destaque com a rica flora brasileira; a Europa trar\u00e1 \u00e0 tona a eleg\u00e2ncia de seus castelos e jardins; a Oceania ser\u00e1 representada pelo majestoso Uluru e suas paisagens naturais; a \u00c1frica mostrar\u00e1 a diversidade de seus biomas, enquanto a \u00c1sia apresentar\u00e1 suas grandiosas paisagens e diversidade clim\u00e1tica. \u201cCada jardim contar\u00e1 com figuras que simbolizam a cultura e a \u00e1gua, essencial \u00e0 vida\u201d, explica Otsubo. Atra\u00e7\u00f5es adicionais Al\u00e9m da exposi\u00e7\u00e3o de flores, a Expo Aflord oferece uma gama de atra\u00e7\u00f5es. O pavilh\u00e3o de vendas de flores permitir\u00e1 que os visitantes adquiram plantas diretamente dos produtores, com pre\u00e7os acess\u00edveis, como suculentas a partir de R$ 1,50 e mudas de orqu\u00eddeas a partir de R$ 8,50. O evento tamb\u00e9m contar\u00e1 com apresenta\u00e7\u00f5es musicais, uma pra\u00e7a de alimenta\u00e7\u00e3o com mais de 30 op\u00e7\u00f5es, e um centro de neg\u00f3cios com cerca de 100 estandes oferecendo desde eletr\u00f4nicos at\u00e9 utens\u00edlios dom\u00e9sticos e vestu\u00e1rio. Os ingressos para a Expo Aflord est\u00e3o dispon\u00edveis no site oficial do evento, www.expoaflord.com.br, com pre\u00e7os promocionais para compra antecipada. Para mais informa\u00e7\u00f5es, o p\u00fablico pode entrar em contato pelo telefone\/WhatsApp: (11) 4655-4227. O post Expo Aflord: evento em Aruj\u00e1 re\u00fane flores de 5 continentes apareceu primeiro em Canal Rural.<\/p>\n","protected":false},"author":0,"featured_media":1308,"comment_status":"open","ping_status":"open","sticky":false,"template":"","format":"standard","meta":{"_monsterinsights_skip_tracking":false,"_monsterinsights_sitenote_active":false,"_monsterinsights_sitenote_note":"","_monsterinsights_sitenote_category":0,"footnotes":""},"categories":[1],"tags":[],"class_list":["post-1307","post","type-post","status-publish","format-standard","has-post-thumbnail","hentry","category-agronegocio"],"_links":{"self":[{"href":"https:\/\/senhorafrutta.com.br\/index.php\/wp-json\/wp\/v2\/posts\/1307","targetHints":{"allow":["GET"]}}],"collection":[{"href":"https:\/\/senhorafrutta.com.br\/index.php\/wp-json\/wp\/v2\/posts"}],"about":[{"href":"https:\/\/senhorafrutta.com.br\/index.php\/wp-json\/wp\/v2\/types\/post"}],"replies":[{"embeddable":true,"href":"https:\/\/senhorafrutta.com.br\/index.php\/wp-json\/wp\/v2\/comments?post=1307"}],"version-history":[{"count":0,"href":"https:\/\/senhorafrutta.com.br\/index.php\/wp-json\/wp\/v2\/posts\/1307\/revisions"}],"wp:featuredmedia":[{"embeddable":true,"href":"https:\/\/senhorafrutta.com.br\/index.php\/wp-json\/wp\/v2\/media\/1308"}],"wp:attachment":[{"href":"https:\/\/senhorafrutta.com.br\/index.php\/wp-json\/wp\/v2\/media?parent=1307"}],"wp:term":[{"taxonomy":"category","embeddable":true,"href":"https:\/\/senhorafrutta.com.br\/index.php\/wp-json\/wp\/v2\/categories?post=1307"},{"taxonomy":"post_tag","embeddable":true,"href":"https:\/\/senhorafrutta.com.br\/index.php\/wp-json\/wp\/v2\/tags?post=1307"}],"curies":[{"name":"wp","href":"https:\/\/api.w.org\/{rel}","templated":true}]}}