{"id":1287,"date":"2024-08-15T21:05:48","date_gmt":"2024-08-15T21:05:48","guid":{"rendered":"https:\/\/senhorafrutta.com.br\/index.php\/2024\/08\/15\/tarcisio-elogia-renegociacao-da-divida-aprovada-no-senado-e-diz-que-governo-federal-foi-parceiro\/"},"modified":"2024-08-15T21:05:48","modified_gmt":"2024-08-15T21:05:48","slug":"tarcisio-elogia-renegociacao-da-divida-aprovada-no-senado-e-diz-que-governo-federal-foi-parceiro","status":"publish","type":"post","link":"https:\/\/senhorafrutta.com.br\/index.php\/2024\/08\/15\/tarcisio-elogia-renegociacao-da-divida-aprovada-no-senado-e-diz-que-governo-federal-foi-parceiro\/","title":{"rendered":"Tarc\u00edsio elogia renegocia\u00e7\u00e3o da d\u00edvida aprovada no Senado e diz que governo federal foi parceiro"},"content":{"rendered":"<div>Foto: Marcelo Camargo\/Ag\u00eancia Brasil<\/div>\n<p>O governador de S\u00e3o Paulo, Tarc\u00edsio de Freitas, elogiou nesta quinta-feira (15) o projeto de renegocia\u00e7\u00e3o de d\u00edvida dos estados aprovado pelo <strong><a href=\"http:\/\/www.canalrural.com.br\/tag\/senado\/\">Senado<\/a><\/strong>. Ele tamb\u00e9m disse que o governo federal, comandado por Luiz In\u00e1cio Lula da Silva, seu advers\u00e1rio pol\u00edtico, foi parceiro no processo. O governador deu as declara\u00e7\u00f5es em entrevista \u00e0 revista <em>Exame<\/em>.<\/p>\n<p><em>Confira na palma da m\u00e3o informa\u00e7\u00f5es quentes sobre agricultura, pecu\u00e1ria, economia e previs\u00e3o do tempo:<\/em><a href=\"https:\/\/whatsapp.com\/channel\/0029Va9VnZxGk1FplZjiW43k\"><em> <\/em><strong><em>siga o Canal Rural no WhatsApp!<\/em><\/strong><\/a><\/p>\n<p>\u201cO grande objetivo nosso foi alcan\u00e7ado na vota\u00e7\u00e3o de ontem, que \u00e9 justamente a diminui\u00e7\u00e3o dessa taxa de juros. O IPCA+4 que vai passar a ser IPCA+2\u201d, disse.<\/p>\n<p>\u201cTentamos ontem fazer o IPCA+1, acabou ficando o IPCA+2, mas \u00e9 melhor do que o IPCA+4, que \u00e9 o que a gente tem hoje. Isso vai proporcionar um f\u00f4lego financeiro da ordem de R$ 5,8 bilh\u00f5es por ano para despesas de capital\u201d, afirmou o governador de S\u00e3o Paulo.<\/p>\n<p>Ele tamb\u00e9m elogiou as contrapartidas do projeto. \u201cUma parcela desse valor tem que ser, por exemplo, investida na forma\u00e7\u00e3o, na educa\u00e7\u00e3o profissionalizante, no ensino t\u00e9cnico, e tamb\u00e9m na infraestrutura. Isso \u00e9 interessante, uma parcela de juros eu vou poder converter em investimento\u201d, declarou Tarc\u00edsio.<\/p>\n<p>\u201cO governo federal entendeu que precisava aliviar os estados, e foi parceiro na tramita\u00e7\u00e3o desse projeto, isso \u00e9 importante. Porque o governo federal tamb\u00e9m percebeu que se os estados tiverem mais capacidade de investir a economia como um todo crescer\u201d, disse o governador de S\u00e3o Paulo.<\/p>\n<p>O post <a href=\"https:\/\/www.canalrural.com.br\/economia\/tarcisio-elogia-renegociacao-da-divida-aprovada-no-senado-e-diz-que-governo-federal-foi-parceiro\/\">Tarc\u00edsio elogia renegocia\u00e7\u00e3o da d\u00edvida aprovada no Senado e diz que governo federal foi parceiro<\/a> apareceu primeiro em <a href=\"https:\/\/www.canalrural.com.br\/\">Canal Rural<\/a>.<\/p>","protected":false},"excerpt":{"rendered":"<p>Foto: Marcelo Camargo\/Ag\u00eancia Brasil O governador de S\u00e3o Paulo, Tarc\u00edsio de Freitas, elogiou nesta quinta-feira (15) o projeto de renegocia\u00e7\u00e3o de d\u00edvida dos estados aprovado pelo Senado. Ele tamb\u00e9m disse que o governo federal, comandado por Luiz In\u00e1cio Lula da Silva, seu advers\u00e1rio pol\u00edtico, foi parceiro no processo. O governador deu as declara\u00e7\u00f5es em entrevista \u00e0 revista Exame. Confira na palma da m\u00e3o informa\u00e7\u00f5es quentes sobre agricultura, pecu\u00e1ria, economia e previs\u00e3o do tempo: siga o Canal Rural no WhatsApp! \u201cO grande objetivo nosso foi alcan\u00e7ado na vota\u00e7\u00e3o de ontem, que \u00e9 justamente a diminui\u00e7\u00e3o dessa taxa de juros. O IPCA+4 que vai passar a ser IPCA+2\u201d, disse. \u201cTentamos ontem fazer o IPCA+1, acabou ficando o IPCA+2, mas \u00e9 melhor do que o IPCA+4, que \u00e9 o que a gente tem hoje. Isso vai proporcionar um f\u00f4lego financeiro da ordem de R$ 5,8 bilh\u00f5es por ano para despesas de capital\u201d, afirmou o governador de S\u00e3o Paulo. Ele tamb\u00e9m elogiou as contrapartidas do projeto. \u201cUma parcela desse valor tem que ser, por exemplo, investida na forma\u00e7\u00e3o, na educa\u00e7\u00e3o profissionalizante, no ensino t\u00e9cnico, e tamb\u00e9m na infraestrutura. Isso \u00e9 interessante, uma parcela de juros eu vou poder converter em investimento\u201d, declarou Tarc\u00edsio. \u201cO governo federal entendeu que precisava aliviar os estados, e foi parceiro na tramita\u00e7\u00e3o desse projeto, isso \u00e9 importante. Porque o governo federal tamb\u00e9m percebeu que se os estados tiverem mais capacidade de investir a economia como um todo crescer\u201d, disse o governador de S\u00e3o Paulo. O post Tarc\u00edsio elogia renegocia\u00e7\u00e3o da d\u00edvida aprovada no Senado e diz que governo federal foi parceiro apareceu primeiro em Canal Rural.<\/p>\n","protected":false},"author":0,"featured_media":0,"comment_status":"open","ping_status":"open","sticky":false,"template":"","format":"standard","meta":{"_monsterinsights_skip_tracking":false,"_monsterinsights_sitenote_active":false,"_monsterinsights_sitenote_note":"","_monsterinsights_sitenote_category":0,"footnotes":""},"categories":[1],"tags":[],"class_list":["post-1287","post","type-post","status-publish","format-standard","hentry","category-agronegocio"],"_links":{"self":[{"href":"https:\/\/senhorafrutta.com.br\/index.php\/wp-json\/wp\/v2\/posts\/1287","targetHints":{"allow":["GET"]}}],"collection":[{"href":"https:\/\/senhorafrutta.com.br\/index.php\/wp-json\/wp\/v2\/posts"}],"about":[{"href":"https:\/\/senhorafrutta.com.br\/index.php\/wp-json\/wp\/v2\/types\/post"}],"replies":[{"embeddable":true,"href":"https:\/\/senhorafrutta.com.br\/index.php\/wp-json\/wp\/v2\/comments?post=1287"}],"version-history":[{"count":0,"href":"https:\/\/senhorafrutta.com.br\/index.php\/wp-json\/wp\/v2\/posts\/1287\/revisions"}],"wp:attachment":[{"href":"https:\/\/senhorafrutta.com.br\/index.php\/wp-json\/wp\/v2\/media?parent=1287"}],"wp:term":[{"taxonomy":"category","embeddable":true,"href":"https:\/\/senhorafrutta.com.br\/index.php\/wp-json\/wp\/v2\/categories?post=1287"},{"taxonomy":"post_tag","embeddable":true,"href":"https:\/\/senhorafrutta.com.br\/index.php\/wp-json\/wp\/v2\/tags?post=1287"}],"curies":[{"name":"wp","href":"https:\/\/api.w.org\/{rel}","templated":true}]}}