{"id":1269,"date":"2024-08-14T16:57:48","date_gmt":"2024-08-14T16:57:48","guid":{"rendered":"https:\/\/senhorafrutta.com.br\/index.php\/2024\/08\/14\/nova-onda-de-calor-vai-chegar-ao-brasil-veja-quando-e-areas-atingidas\/"},"modified":"2024-08-14T16:57:48","modified_gmt":"2024-08-14T16:57:48","slug":"nova-onda-de-calor-vai-chegar-ao-brasil-veja-quando-e-areas-atingidas","status":"publish","type":"post","link":"https:\/\/senhorafrutta.com.br\/index.php\/2024\/08\/14\/nova-onda-de-calor-vai-chegar-ao-brasil-veja-quando-e-areas-atingidas\/","title":{"rendered":"Nova onda de calor vai chegar ao Brasil; veja quando e \u00e1reas atingidas"},"content":{"rendered":"<div>Foto: Pixabay<\/div>\n<p>Ap\u00f3s um per\u00edodo de frio intenso, o Brasil se prepara para enfrentar uma nova onda de calor que come\u00e7ar\u00e1 a partir do pr\u00f3ximo domingo (18). Uma forte <strong><a href=\"http:\/\/www.canalrural.com.br\/tag\/massa-de-ar-quente\/\">massa de ar quente<\/a><\/strong> est\u00e1 se estabelecendo na regi\u00e3o central do pa\u00eds, trazendo um aumento significativo das temperaturas e criando um cen\u00e1rio de varia\u00e7\u00e3o t\u00e9rmica acentuada.<\/p>\n<p><em>Confira na palma da m\u00e3o informa\u00e7\u00f5es quentes sobre agricultura, pecu\u00e1ria, economia e previs\u00e3o do tempo:<\/em><a href=\"https:\/\/whatsapp.com\/channel\/0029Va9VnZxGk1FplZjiW43k\"><em> <\/em><strong><em>siga o Canal Rural no WhatsApp!<\/em><\/strong><\/a><\/p>\n<p>De acordo com a <strong><a href=\"https:\/\/www.canalrural.com.br\/autor\/climatempo\/\">Climatempo<\/a><\/strong>, o ar quente e seco come\u00e7ar\u00e1 a ganhar for\u00e7a j\u00e1 no s\u00e1bado (17), mas a onda de calor se intensificar\u00e1 a partir de domingo, com previs\u00e3o de durar at\u00e9 quinta-feira da semana que vem (22).<\/p>\n<p>Essa nova massa de ar quente \u00e9 impulsionada pela forma\u00e7\u00e3o de uma alta press\u00e3o em m\u00e9dios n\u00edveis da atmosfera, o que intensificar\u00e1 a circula\u00e7\u00e3o de ventos quentes do interior do pa\u00eds. Como resultado, o tempo ficar\u00e1 mais seco e as temperaturas subir\u00e3o de forma expressiva.<\/p>\n<p>A chegada da onda de calor ocorre logo ap\u00f3s um per\u00edodo de baixas temperaturas, o que pode causar impactos na sa\u00fade, especialmente nas regi\u00f5es que experimentar\u00e3o temperaturas entre <strong>5 \u00b0C a 7 \u00b0C<\/strong> acima da m\u00e9dia <em>(\u00e1reas destacadas em vermelho no mapa)<\/em>, sentir\u00e3o um calor mais intenso e desconfort\u00e1vel. Nas \u00e1reas em laranja, a eleva\u00e7\u00e3o das temperaturas ser\u00e1 de 2,5 \u00b0C a 3\u00b0C acima da m\u00e9dia, o que tamb\u00e9m trar\u00e1 desconforto.<\/p>\n<p>Al\u00e9m do aumento das temperaturas, o tempo seco e a baixa umidade relativa do ar, que deve cair ainda mais nos pr\u00f3ximos dias, podem dificultar a respira\u00e7\u00e3o e aumentar os riscos \u00e0 sa\u00fade. A popula\u00e7\u00e3o \u00e9 aconselhada a manter-se hidratada e tomar cuidados adicionais para lidar com as condi\u00e7\u00f5es clim\u00e1ticas adversas.<\/p>\n<p>O post <a href=\"https:\/\/www.canalrural.com.br\/tempo\/nova-onda-de-calor-chegar-ao-brasil-veja-quando-e-areas-atingidas\/\">Nova onda de calor vai chegar ao Brasil; veja quando e \u00e1reas atingidas<\/a> apareceu primeiro em <a href=\"https:\/\/www.canalrural.com.br\/\">Canal Rural<\/a>.<\/p>","protected":false},"excerpt":{"rendered":"<p>Foto: Pixabay Ap\u00f3s um per\u00edodo de frio intenso, o Brasil se prepara para enfrentar uma nova onda de calor que come\u00e7ar\u00e1 a partir do pr\u00f3ximo domingo (18). Uma forte massa de ar quente est\u00e1 se estabelecendo na regi\u00e3o central do pa\u00eds, trazendo um aumento significativo das temperaturas e criando um cen\u00e1rio de varia\u00e7\u00e3o t\u00e9rmica acentuada. Confira na palma da m\u00e3o informa\u00e7\u00f5es quentes sobre agricultura, pecu\u00e1ria, economia e previs\u00e3o do tempo: siga o Canal Rural no WhatsApp! De acordo com a Climatempo, o ar quente e seco come\u00e7ar\u00e1 a ganhar for\u00e7a j\u00e1 no s\u00e1bado (17), mas a onda de calor se intensificar\u00e1 a partir de domingo, com previs\u00e3o de durar at\u00e9 quinta-feira da semana que vem (22). Essa nova massa de ar quente \u00e9 impulsionada pela forma\u00e7\u00e3o de uma alta press\u00e3o em m\u00e9dios n\u00edveis da atmosfera, o que intensificar\u00e1 a circula\u00e7\u00e3o de ventos quentes do interior do pa\u00eds. Como resultado, o tempo ficar\u00e1 mais seco e as temperaturas subir\u00e3o de forma expressiva. A chegada da onda de calor ocorre logo ap\u00f3s um per\u00edodo de baixas temperaturas, o que pode causar impactos na sa\u00fade, especialmente nas regi\u00f5es que experimentar\u00e3o temperaturas entre 5 \u00b0C a 7 \u00b0C acima da m\u00e9dia (\u00e1reas destacadas em vermelho no mapa), sentir\u00e3o um calor mais intenso e desconfort\u00e1vel. Nas \u00e1reas em laranja, a eleva\u00e7\u00e3o das temperaturas ser\u00e1 de 2,5 \u00b0C a 3\u00b0C acima da m\u00e9dia, o que tamb\u00e9m trar\u00e1 desconforto. Al\u00e9m do aumento das temperaturas, o tempo seco e a baixa umidade relativa do ar, que deve cair ainda mais nos pr\u00f3ximos dias, podem dificultar a respira\u00e7\u00e3o e aumentar os riscos \u00e0 sa\u00fade. A popula\u00e7\u00e3o \u00e9 aconselhada a manter-se hidratada e tomar cuidados adicionais para lidar com as condi\u00e7\u00f5es clim\u00e1ticas adversas. O post Nova onda de calor vai chegar ao Brasil; veja quando e \u00e1reas atingidas apareceu primeiro em Canal Rural.<\/p>\n","protected":false},"author":0,"featured_media":0,"comment_status":"open","ping_status":"open","sticky":false,"template":"","format":"standard","meta":{"_monsterinsights_skip_tracking":false,"_monsterinsights_sitenote_active":false,"_monsterinsights_sitenote_note":"","_monsterinsights_sitenote_category":0,"footnotes":""},"categories":[1],"tags":[],"class_list":["post-1269","post","type-post","status-publish","format-standard","hentry","category-agronegocio"],"_links":{"self":[{"href":"https:\/\/senhorafrutta.com.br\/index.php\/wp-json\/wp\/v2\/posts\/1269","targetHints":{"allow":["GET"]}}],"collection":[{"href":"https:\/\/senhorafrutta.com.br\/index.php\/wp-json\/wp\/v2\/posts"}],"about":[{"href":"https:\/\/senhorafrutta.com.br\/index.php\/wp-json\/wp\/v2\/types\/post"}],"replies":[{"embeddable":true,"href":"https:\/\/senhorafrutta.com.br\/index.php\/wp-json\/wp\/v2\/comments?post=1269"}],"version-history":[{"count":0,"href":"https:\/\/senhorafrutta.com.br\/index.php\/wp-json\/wp\/v2\/posts\/1269\/revisions"}],"wp:attachment":[{"href":"https:\/\/senhorafrutta.com.br\/index.php\/wp-json\/wp\/v2\/media?parent=1269"}],"wp:term":[{"taxonomy":"category","embeddable":true,"href":"https:\/\/senhorafrutta.com.br\/index.php\/wp-json\/wp\/v2\/categories?post=1269"},{"taxonomy":"post_tag","embeddable":true,"href":"https:\/\/senhorafrutta.com.br\/index.php\/wp-json\/wp\/v2\/tags?post=1269"}],"curies":[{"name":"wp","href":"https:\/\/api.w.org\/{rel}","templated":true}]}}