{"id":1267,"date":"2024-08-14T17:41:12","date_gmt":"2024-08-14T17:41:12","guid":{"rendered":"https:\/\/senhorafrutta.com.br\/index.php\/2024\/08\/14\/onda-de-frio-alerta-pecuaristas-para-cuidados-com-rebanhos-e-pastagens\/"},"modified":"2024-08-14T17:41:12","modified_gmt":"2024-08-14T17:41:12","slug":"onda-de-frio-alerta-pecuaristas-para-cuidados-com-rebanhos-e-pastagens","status":"publish","type":"post","link":"https:\/\/senhorafrutta.com.br\/index.php\/2024\/08\/14\/onda-de-frio-alerta-pecuaristas-para-cuidados-com-rebanhos-e-pastagens\/","title":{"rendered":"Onda de frio alerta pecuaristas para cuidados com rebanhos e pastagens"},"content":{"rendered":"<div>Foto: reprodu\u00e7\u00e3o\/redes sociais<\/div>\n<p>A forte onda de frio que atinge as regi\u00f5es <strong>Sul<\/strong>, Sudeste e algumas partes do Centro-Oeste nos \u00faltimos dias acendeu um alerta importante para os pecuaristas. <a href=\"https:\/\/www.canalrural.com.br\/pecuaria\/geada-provoca-a-morte-de-mais-de-100-bois-em-mato-grosso-do-sul\/\">Ontem, durante o programa <strong>Mercado &amp; Companhia<\/strong>, foi relatado que cerca de 120 bois morreram devido \u00e0s baixas temperaturas em Mato Grosso do Sul<\/a>. Nesse contexto, a aten\u00e7\u00e3o com a qualidade das pastagens e a alimenta\u00e7\u00e3o dos rebanhos precisa ser redobrada, especialmente durante o inverno, que \u00e9 sin\u00f4nimo de seca em diversas regi\u00f5es.<\/p>\n<p><em>Confira na palma da m\u00e3o informa\u00e7\u00f5es quentes sobre agricultura, pecu\u00e1ria, economia e previs\u00e3o do tempo: <\/em><a href=\"https:\/\/www.whatsapp.com\/channel\/0029Va9VnZxGk1FplZjiW43k\"><strong>siga o Canal Rural no WhatsApp<\/strong><\/a>!<\/p>\n<p>No quadro Raio-X da Pecu\u00e1ria de hoje, Juarez Tomazi Filho, gerente regional do Paran\u00e1 no Servi\u00e7o de Intelig\u00eancia em Agroneg\u00f3cios, compartilhou importantes orienta\u00e7\u00f5es sobre o tema. Ele destacou que um rebanho bem alimentado e nutrido consegue enfrentar melhor as baixas temperaturas, ressaltando a import\u00e2ncia da nutri\u00e7\u00e3o adequada, que combina o que o pasto oferece com suplementos para formar uma dieta equilibrada.<\/p>\n<p>Juarez explicou que, no Brasil Central, o uso de pastagens de forrageiras \u00e9 uma op\u00e7\u00e3o eficiente para alimentar o rebanho durante a seca. Esp\u00e9cies como braqui\u00e1rias, p\u00e2nicos e variedades anuais de inverno, como aveia e azev\u00e9m, s\u00e3o indicadas, especialmente em \u00e1reas de integra\u00e7\u00e3o lavoura-pecu\u00e1ria, onde o manejo adequado dessas pastagens \u00e9 crucial para manter a produtividade.<\/p>\n<p>Al\u00e9m disso, Juarez comentou sobre a viabilidade de expandir a produ\u00e7\u00e3o de carne ou leite a partir do uso de pastagens de forrageiras de inverno para outras regi\u00f5es do Brasil. Apesar das limita\u00e7\u00f5es impostas por fatores como temperatura e disponibilidade de \u00e1gua, h\u00e1 possibilidades de adapta\u00e7\u00e3o com o uso de irriga\u00e7\u00e3o, embora as variedades anuais de inverno sejam mais adequadas para as condi\u00e7\u00f5es clim\u00e1ticas do sul do pa\u00eds.<\/p>\n<p>O post <a href=\"https:\/\/www.canalrural.com.br\/pecuaria\/boi\/onda-de-frio-alerta-pecuaristas-para-cuidados-com-rebanhos-e-pastagens\/\">Onda de frio alerta pecuaristas para cuidados com rebanhos e pastagens<\/a> apareceu primeiro em <a href=\"https:\/\/www.canalrural.com.br\/\">Canal Rural<\/a>.<\/p>","protected":false},"excerpt":{"rendered":"<p>Foto: reprodu\u00e7\u00e3o\/redes sociais A forte onda de frio que atinge as regi\u00f5es Sul, Sudeste e algumas partes do Centro-Oeste nos \u00faltimos dias acendeu um alerta importante para os pecuaristas. Ontem, durante o programa Mercado &amp; Companhia, foi relatado que cerca de 120 bois morreram devido \u00e0s baixas temperaturas em Mato Grosso do Sul. Nesse contexto, a aten\u00e7\u00e3o com a qualidade das pastagens e a alimenta\u00e7\u00e3o dos rebanhos precisa ser redobrada, especialmente durante o inverno, que \u00e9 sin\u00f4nimo de seca em diversas regi\u00f5es. Confira na palma da m\u00e3o informa\u00e7\u00f5es quentes sobre agricultura, pecu\u00e1ria, economia e previs\u00e3o do tempo: siga o Canal Rural no WhatsApp! No quadro Raio-X da Pecu\u00e1ria de hoje, Juarez Tomazi Filho, gerente regional do Paran\u00e1 no Servi\u00e7o de Intelig\u00eancia em Agroneg\u00f3cios, compartilhou importantes orienta\u00e7\u00f5es sobre o tema. Ele destacou que um rebanho bem alimentado e nutrido consegue enfrentar melhor as baixas temperaturas, ressaltando a import\u00e2ncia da nutri\u00e7\u00e3o adequada, que combina o que o pasto oferece com suplementos para formar uma dieta equilibrada. Juarez explicou que, no Brasil Central, o uso de pastagens de forrageiras \u00e9 uma op\u00e7\u00e3o eficiente para alimentar o rebanho durante a seca. Esp\u00e9cies como braqui\u00e1rias, p\u00e2nicos e variedades anuais de inverno, como aveia e azev\u00e9m, s\u00e3o indicadas, especialmente em \u00e1reas de integra\u00e7\u00e3o lavoura-pecu\u00e1ria, onde o manejo adequado dessas pastagens \u00e9 crucial para manter a produtividade. Al\u00e9m disso, Juarez comentou sobre a viabilidade de expandir a produ\u00e7\u00e3o de carne ou leite a partir do uso de pastagens de forrageiras de inverno para outras regi\u00f5es do Brasil. Apesar das limita\u00e7\u00f5es impostas por fatores como temperatura e disponibilidade de \u00e1gua, h\u00e1 possibilidades de adapta\u00e7\u00e3o com o uso de irriga\u00e7\u00e3o, embora as variedades anuais de inverno sejam mais adequadas para as condi\u00e7\u00f5es clim\u00e1ticas do sul do pa\u00eds. O post Onda de frio alerta pecuaristas para cuidados com rebanhos e pastagens apareceu primeiro em Canal Rural.<\/p>\n","protected":false},"author":0,"featured_media":0,"comment_status":"open","ping_status":"open","sticky":false,"template":"","format":"standard","meta":{"_monsterinsights_skip_tracking":false,"_monsterinsights_sitenote_active":false,"_monsterinsights_sitenote_note":"","_monsterinsights_sitenote_category":0,"footnotes":""},"categories":[1],"tags":[],"class_list":["post-1267","post","type-post","status-publish","format-standard","hentry","category-agronegocio"],"_links":{"self":[{"href":"https:\/\/senhorafrutta.com.br\/index.php\/wp-json\/wp\/v2\/posts\/1267","targetHints":{"allow":["GET"]}}],"collection":[{"href":"https:\/\/senhorafrutta.com.br\/index.php\/wp-json\/wp\/v2\/posts"}],"about":[{"href":"https:\/\/senhorafrutta.com.br\/index.php\/wp-json\/wp\/v2\/types\/post"}],"replies":[{"embeddable":true,"href":"https:\/\/senhorafrutta.com.br\/index.php\/wp-json\/wp\/v2\/comments?post=1267"}],"version-history":[{"count":0,"href":"https:\/\/senhorafrutta.com.br\/index.php\/wp-json\/wp\/v2\/posts\/1267\/revisions"}],"wp:attachment":[{"href":"https:\/\/senhorafrutta.com.br\/index.php\/wp-json\/wp\/v2\/media?parent=1267"}],"wp:term":[{"taxonomy":"category","embeddable":true,"href":"https:\/\/senhorafrutta.com.br\/index.php\/wp-json\/wp\/v2\/categories?post=1267"},{"taxonomy":"post_tag","embeddable":true,"href":"https:\/\/senhorafrutta.com.br\/index.php\/wp-json\/wp\/v2\/tags?post=1267"}],"curies":[{"name":"wp","href":"https:\/\/api.w.org\/{rel}","templated":true}]}}