{"id":1263,"date":"2024-08-14T22:37:08","date_gmt":"2024-08-14T22:37:08","guid":{"rendered":"https:\/\/senhorafrutta.com.br\/index.php\/2024\/08\/14\/mercosul-esta-disposto-a-assinar-acordo-e-ue-que-se-vire-com-a-franca-diz-presidente\/"},"modified":"2024-08-14T22:37:08","modified_gmt":"2024-08-14T22:37:08","slug":"mercosul-esta-disposto-a-assinar-acordo-e-ue-que-se-vire-com-a-franca-diz-presidente","status":"publish","type":"post","link":"https:\/\/senhorafrutta.com.br\/index.php\/2024\/08\/14\/mercosul-esta-disposto-a-assinar-acordo-e-ue-que-se-vire-com-a-franca-diz-presidente\/","title":{"rendered":"Mercosul est\u00e1 disposto a assinar acordo e UE que \u2018se vire com a Fran\u00e7a\u2019, diz presidente"},"content":{"rendered":"<div>Foto: Camex<\/div>\n<p>O presidente da Rep\u00fablica, Luiz In\u00e1cio Lula da Silva, afirmou nesta quarta-feira (14) que os pa\u00edses do Mercosul est\u00e3o dispostos a assinar o acordo com a <strong><a href=\"http:\/\/www.canalrural.com.br\/tag\/uniao-europeia\/\">Uni\u00e3o Europeia<\/a><\/strong>. O chefe do Executivo disse que a assinatura, agora, depende do bloco europeu, e comentou que o grupo \u201cque se vire\u201d com a Fran\u00e7a e a resist\u00eancia que o pa\u00eds tem com os produtos do Mercosul.<\/p>\n<p><em>Confira na palma da m\u00e3o informa\u00e7\u00f5es quentes sobre agricultura, pecu\u00e1ria, economia e previs\u00e3o do tempo:<\/em><a href=\"https:\/\/whatsapp.com\/channel\/0029Va9VnZxGk1FplZjiW43k\"><em> <\/em><strong><em>siga o Canal Rural no WhatsApp!<\/em><\/strong><\/a><\/p>\n<div class=\"wp-block-embed__wrapper\">\n<\/div>\n<p>\u201cN\u00f3s estamos prontos para firmar o acordo Mercosul e Uni\u00e3o Europeia. Agora, depende da Uni\u00e3o Europeia, porque n\u00f3s aqui j\u00e1 decidimos o que queremos, e j\u00e1 nos comunicamos eles\u201d, disse Lula, durante sess\u00e3o de abertura do f\u00f3rum Um Projeto de Brasil, do novo ciclo da s\u00e9rie Di\u00e1logos Capitais, promovido pela revista Carta Capital, nesta quarta-feira.<\/p>\n<p>E completou: \u201cA Uni\u00e3o Europeia que se vire com a Fran\u00e7a que tem dificuldade com os produtos agr\u00edcolas brasileiros, certamente teria que disputar com nosso queijo de minas, nosso vinho do Rio Grande do Sul.\u201d<\/p>\n<p>A Fran\u00e7a \u00e9 relutante a produtos do Mercosul, uma vez que \u00e9 a principal favorecida pelo mercado agr\u00edcola fechado da Uni\u00e3o Europeia.<\/p>\n<p>Lula disse j\u00e1 ter comunicado sobre a posi\u00e7\u00e3o do Mercosul \u00e0 presidente da Comiss\u00e3o Europeia, Ursula von der Leyen.<\/p>\n<p>\u201cAgora s\u00f3 depende deles, n\u00e3o depende de n\u00f3s\u201d, afirmou o presidente da Rep\u00fablica.<\/p>\n<p>O post <a href=\"https:\/\/www.canalrural.com.br\/economia\/mercosul-esta-disposto-a-assinar-acordo-e-ue-que-se-vire-com-a-franca-diz-presidente\/\">Mercosul est\u00e1 disposto a assinar acordo e UE que \u2018se vire com a Fran\u00e7a\u2019, diz presidente<\/a> apareceu primeiro em <a href=\"https:\/\/www.canalrural.com.br\/\">Canal Rural<\/a>.<\/p>","protected":false},"excerpt":{"rendered":"<p>Foto: Camex O presidente da Rep\u00fablica, Luiz In\u00e1cio Lula da Silva, afirmou nesta quarta-feira (14) que os pa\u00edses do Mercosul est\u00e3o dispostos a assinar o acordo com a Uni\u00e3o Europeia. O chefe do Executivo disse que a assinatura, agora, depende do bloco europeu, e comentou que o grupo \u201cque se vire\u201d com a Fran\u00e7a e a resist\u00eancia que o pa\u00eds tem com os produtos do Mercosul. Confira na palma da m\u00e3o informa\u00e7\u00f5es quentes sobre agricultura, pecu\u00e1ria, economia e previs\u00e3o do tempo: siga o Canal Rural no WhatsApp! \u201cN\u00f3s estamos prontos para firmar o acordo Mercosul e Uni\u00e3o Europeia. Agora, depende da Uni\u00e3o Europeia, porque n\u00f3s aqui j\u00e1 decidimos o que queremos, e j\u00e1 nos comunicamos eles\u201d, disse Lula, durante sess\u00e3o de abertura do f\u00f3rum Um Projeto de Brasil, do novo ciclo da s\u00e9rie Di\u00e1logos Capitais, promovido pela revista Carta Capital, nesta quarta-feira. E completou: \u201cA Uni\u00e3o Europeia que se vire com a Fran\u00e7a que tem dificuldade com os produtos agr\u00edcolas brasileiros, certamente teria que disputar com nosso queijo de minas, nosso vinho do Rio Grande do Sul.\u201d A Fran\u00e7a \u00e9 relutante a produtos do Mercosul, uma vez que \u00e9 a principal favorecida pelo mercado agr\u00edcola fechado da Uni\u00e3o Europeia. Lula disse j\u00e1 ter comunicado sobre a posi\u00e7\u00e3o do Mercosul \u00e0 presidente da Comiss\u00e3o Europeia, Ursula von der Leyen. \u201cAgora s\u00f3 depende deles, n\u00e3o depende de n\u00f3s\u201d, afirmou o presidente da Rep\u00fablica. O post Mercosul est\u00e1 disposto a assinar acordo e UE que \u2018se vire com a Fran\u00e7a\u2019, diz presidente apareceu primeiro em Canal Rural.<\/p>\n","protected":false},"author":0,"featured_media":0,"comment_status":"open","ping_status":"open","sticky":false,"template":"","format":"standard","meta":{"_monsterinsights_skip_tracking":false,"_monsterinsights_sitenote_active":false,"_monsterinsights_sitenote_note":"","_monsterinsights_sitenote_category":0,"footnotes":""},"categories":[1],"tags":[],"class_list":["post-1263","post","type-post","status-publish","format-standard","hentry","category-agronegocio"],"_links":{"self":[{"href":"https:\/\/senhorafrutta.com.br\/index.php\/wp-json\/wp\/v2\/posts\/1263","targetHints":{"allow":["GET"]}}],"collection":[{"href":"https:\/\/senhorafrutta.com.br\/index.php\/wp-json\/wp\/v2\/posts"}],"about":[{"href":"https:\/\/senhorafrutta.com.br\/index.php\/wp-json\/wp\/v2\/types\/post"}],"replies":[{"embeddable":true,"href":"https:\/\/senhorafrutta.com.br\/index.php\/wp-json\/wp\/v2\/comments?post=1263"}],"version-history":[{"count":0,"href":"https:\/\/senhorafrutta.com.br\/index.php\/wp-json\/wp\/v2\/posts\/1263\/revisions"}],"wp:attachment":[{"href":"https:\/\/senhorafrutta.com.br\/index.php\/wp-json\/wp\/v2\/media?parent=1263"}],"wp:term":[{"taxonomy":"category","embeddable":true,"href":"https:\/\/senhorafrutta.com.br\/index.php\/wp-json\/wp\/v2\/categories?post=1263"},{"taxonomy":"post_tag","embeddable":true,"href":"https:\/\/senhorafrutta.com.br\/index.php\/wp-json\/wp\/v2\/tags?post=1263"}],"curies":[{"name":"wp","href":"https:\/\/api.w.org\/{rel}","templated":true}]}}