{"id":1221,"date":"2024-08-12T18:05:14","date_gmt":"2024-08-12T18:05:14","guid":{"rendered":"https:\/\/senhorafrutta.com.br\/index.php\/2024\/08\/12\/congresso-retoma-atividades-com-reforma-tributaria-e-auxilio-a-produtores-em-destaque\/"},"modified":"2024-08-12T18:05:14","modified_gmt":"2024-08-12T18:05:14","slug":"congresso-retoma-atividades-com-reforma-tributaria-e-auxilio-a-produtores-em-destaque","status":"publish","type":"post","link":"https:\/\/senhorafrutta.com.br\/index.php\/2024\/08\/12\/congresso-retoma-atividades-com-reforma-tributaria-e-auxilio-a-produtores-em-destaque\/","title":{"rendered":"Congresso retoma atividades com reforma tribut\u00e1ria e aux\u00edlio a produtores em destaque"},"content":{"rendered":"<div><\/div>\n<div class=\"wp-block-embed__wrapper\">\n<\/div>\n<p>Ap\u00f3s quase um m\u00eas de recesso parlamentar, o Congresso Nacional retomou suas atividades nesta segunda-feira, com uma agenda cheia de pautas relevantes para o segundo semestre. Entre os principais destaques est\u00e3o a reforma tribut\u00e1ria e a medida provis\u00f3ria que visa oferecer aux\u00edlio aos produtores rurais do <a href=\"https:\/\/www.canalrural.com.br\/tag\/rio-grande-do-sul\/\">Rio Grande do Sul<\/a>, fortemente afetados por desastres clim\u00e1ticos recentes.<\/p>\n<p><em>Confira na palma da m\u00e3o informa\u00e7\u00f5es quentes sobre agricultura, pecu\u00e1ria, economia e previs\u00e3o do tempo: <\/em><a href=\"https:\/\/www.whatsapp.com\/channel\/0029Va9VnZxGk1FplZjiW43k\"><strong>siga o Canal Rural no WhatsApp<\/strong><\/a>!<\/p>\n<p>O jornalista Marcelo Dias, direto de Bras\u00edlia, conversou com o vice-presidente da Frente Parlamentar da Agropecu\u00e1ria (FPA) na C\u00e2mara, deputado Arnaldo Jardim (Cidadania-SP), que detalhou as prioridades da semana. Jardim destacou que a reforma tribut\u00e1ria \u00e9 uma das pautas centrais, com vota\u00e7\u00e3o j\u00e1 prevista para esta semana, e ressaltou a import\u00e2ncia de acelerar o socorro aos produtores ga\u00fachos, que recentemente realizaram um \u201ctratora\u00e7o\u201d em Porto Alegre para cobrar respostas mais r\u00e1pidas do governo federal.<\/p>\n<p>Al\u00e9m dessas quest\u00f5es, o deputado mencionou a tramita\u00e7\u00e3o do projeto \u201cCombust\u00edvel do Futuro\u201d, que j\u00e1 foi aprovado na C\u00e2mara e agora aguarda an\u00e1lise do Senado. Segundo Jardim, h\u00e1 um esfor\u00e7o para que a vota\u00e7\u00e3o desses temas aconte\u00e7a o mais r\u00e1pido poss\u00edvel, dada a urg\u00eancia das demandas.<\/p>\n<p>O retorno das atividades parlamentares ocorre em um cen\u00e1rio de grande expectativa, com as elei\u00e7\u00f5es municipais tamb\u00e9m influenciando o ritmo e as prioridades do Congresso neste segundo semestre.<\/p>\n<p>O post <a href=\"https:\/\/www.canalrural.com.br\/politica\/congresso-retoma-atividades-com-reforma-tributaria-e-auxilio-a-produtores-em-destaque\/\">Congresso retoma atividades com reforma tribut\u00e1ria e aux\u00edlio a produtores em destaque<\/a> apareceu primeiro em <a href=\"https:\/\/www.canalrural.com.br\/\">Canal Rural<\/a>.<\/p>","protected":false},"excerpt":{"rendered":"<p>Ap\u00f3s quase um m\u00eas de recesso parlamentar, o Congresso Nacional retomou suas atividades nesta segunda-feira, com uma agenda cheia de pautas relevantes para o segundo semestre. Entre os principais destaques est\u00e3o a reforma tribut\u00e1ria e a medida provis\u00f3ria que visa oferecer aux\u00edlio aos produtores rurais do Rio Grande do Sul, fortemente afetados por desastres clim\u00e1ticos recentes. Confira na palma da m\u00e3o informa\u00e7\u00f5es quentes sobre agricultura, pecu\u00e1ria, economia e previs\u00e3o do tempo: siga o Canal Rural no WhatsApp! O jornalista Marcelo Dias, direto de Bras\u00edlia, conversou com o vice-presidente da Frente Parlamentar da Agropecu\u00e1ria (FPA) na C\u00e2mara, deputado Arnaldo Jardim (Cidadania-SP), que detalhou as prioridades da semana. Jardim destacou que a reforma tribut\u00e1ria \u00e9 uma das pautas centrais, com vota\u00e7\u00e3o j\u00e1 prevista para esta semana, e ressaltou a import\u00e2ncia de acelerar o socorro aos produtores ga\u00fachos, que recentemente realizaram um \u201ctratora\u00e7o\u201d em Porto Alegre para cobrar respostas mais r\u00e1pidas do governo federal. Al\u00e9m dessas quest\u00f5es, o deputado mencionou a tramita\u00e7\u00e3o do projeto \u201cCombust\u00edvel do Futuro\u201d, que j\u00e1 foi aprovado na C\u00e2mara e agora aguarda an\u00e1lise do Senado. Segundo Jardim, h\u00e1 um esfor\u00e7o para que a vota\u00e7\u00e3o desses temas aconte\u00e7a o mais r\u00e1pido poss\u00edvel, dada a urg\u00eancia das demandas. O retorno das atividades parlamentares ocorre em um cen\u00e1rio de grande expectativa, com as elei\u00e7\u00f5es municipais tamb\u00e9m influenciando o ritmo e as prioridades do Congresso neste segundo semestre. O post Congresso retoma atividades com reforma tribut\u00e1ria e aux\u00edlio a produtores em destaque apareceu primeiro em Canal Rural.<\/p>\n","protected":false},"author":0,"featured_media":0,"comment_status":"open","ping_status":"open","sticky":false,"template":"","format":"standard","meta":{"_monsterinsights_skip_tracking":false,"_monsterinsights_sitenote_active":false,"_monsterinsights_sitenote_note":"","_monsterinsights_sitenote_category":0,"footnotes":""},"categories":[1],"tags":[],"class_list":["post-1221","post","type-post","status-publish","format-standard","hentry","category-agronegocio"],"_links":{"self":[{"href":"https:\/\/senhorafrutta.com.br\/index.php\/wp-json\/wp\/v2\/posts\/1221","targetHints":{"allow":["GET"]}}],"collection":[{"href":"https:\/\/senhorafrutta.com.br\/index.php\/wp-json\/wp\/v2\/posts"}],"about":[{"href":"https:\/\/senhorafrutta.com.br\/index.php\/wp-json\/wp\/v2\/types\/post"}],"replies":[{"embeddable":true,"href":"https:\/\/senhorafrutta.com.br\/index.php\/wp-json\/wp\/v2\/comments?post=1221"}],"version-history":[{"count":0,"href":"https:\/\/senhorafrutta.com.br\/index.php\/wp-json\/wp\/v2\/posts\/1221\/revisions"}],"wp:attachment":[{"href":"https:\/\/senhorafrutta.com.br\/index.php\/wp-json\/wp\/v2\/media?parent=1221"}],"wp:term":[{"taxonomy":"category","embeddable":true,"href":"https:\/\/senhorafrutta.com.br\/index.php\/wp-json\/wp\/v2\/categories?post=1221"},{"taxonomy":"post_tag","embeddable":true,"href":"https:\/\/senhorafrutta.com.br\/index.php\/wp-json\/wp\/v2\/tags?post=1221"}],"curies":[{"name":"wp","href":"https:\/\/api.w.org\/{rel}","templated":true}]}}