{"id":1218,"date":"2024-08-12T20:12:51","date_gmt":"2024-08-12T20:12:51","guid":{"rendered":"https:\/\/senhorafrutta.com.br\/index.php\/2024\/08\/12\/temperaturas-abaixo-de-zero-marcam-as-manhas-ate-metade-da-semana\/"},"modified":"2024-08-12T20:12:51","modified_gmt":"2024-08-12T20:12:51","slug":"temperaturas-abaixo-de-zero-marcam-as-manhas-ate-metade-da-semana","status":"publish","type":"post","link":"https:\/\/senhorafrutta.com.br\/index.php\/2024\/08\/12\/temperaturas-abaixo-de-zero-marcam-as-manhas-ate-metade-da-semana\/","title":{"rendered":"Temperaturas abaixo de zero marcam as manh\u00e3s at\u00e9 metade da semana"},"content":{"rendered":"<div>Foto: Inmet<\/div>\n<p>A <strong><a href=\"https:\/\/www.canalrural.com.br\/tag\/defesa-civil\/\">Defesa Civil<\/a><\/strong> de Santa Catarina e do Rio Grande do Sul emitiu alertas sobre o intenso frio que atinge a regi\u00e3o Sul do Brasil nesta semana, com temperaturas que chegaram a cair abaixo de zero.<\/p>\n<p><em>Confira na palma da m\u00e3o informa\u00e7\u00f5es quentes sobre agricultura, pecu\u00e1ria, economia e previs\u00e3o do tempo: <\/em><a href=\"https:\/\/www.whatsapp.com\/channel\/0029Va9VnZxGk1FplZjiW43k\"><strong>siga o Canal Rural no WhatsApp<\/strong><\/a>!<\/p>\n<h2 class=\"wp-block-heading\">Friaca na ter\u00e7a-feira (13)<\/h2>\n<p>Na ter\u00e7a-feira (13), uma massa de ar seco e frio intensifica o frio em Santa Catarina, especialmente entre o Meio-Oeste e os planaltos, onde as m\u00ednimas variam de -1 \u00b0C a -5 \u00b0C. Em outras regi\u00f5es, as m\u00ednimas ficam entre 0 \u00b0C e 7 \u00b0C, exceto nas \u00e1reas costeiras, onde devem ser registradas temperaturas na casa dos 10 \u00b0C. Al\u00e9m do frio intenso, houve condi\u00e7\u00f5es para geada ampla e risco moderado a alto de desconforto t\u00e9rmico e hipotermia.<\/p>\n<p>No Rio Grande do Sul, as temperaturas tamb\u00e9m ficam negativas, com m\u00ednimas entre -4 \u00b0C e 0 \u00b0C em regi\u00f5es como a Campanha, Sul, Centro, Norte, Vales e Serra. Em outras \u00e1reas, as temperaturas variam de 1 \u00b0C a 4 \u00b0C. A Defesa Civil alertou para a forma\u00e7\u00e3o de geada em grande parte do estado, com m\u00e1ximas que n\u00e3o passaram de 13 \u00b0C.<\/p>\n<h2 class=\"wp-block-heading\">Frio abranda no meio de semana<\/h2>\n<p>A quarta-feira (14) promete manter o frio, mas com menor intensidade. Em Santa Catarina, as temperaturas negativas devem se concentrar apenas nas \u00e1reas serranas, com m\u00ednimas entre 0 e -3\u00b0C. No Rio Grande do Sul, as m\u00ednimas devem variar de 1 a 5\u00b0C, com chance de geada ainda presente na Serra.<\/p>\n<h2 class=\"wp-block-heading\">Quais cuidados tomar no frio<\/h2>\n<p>A Defesa Civil recomendou cuidados especiais durante esse per\u00edodo, como manter-se agasalhado e evitar locais com pouca ventila\u00e7\u00e3o. O alerta \u00e9 especialmente importante para pessoas vulner\u00e1veis, como idosos, crian\u00e7as e pessoas em situa\u00e7\u00e3o de rua.<\/p>\n<p>Com o enfraquecimento da massa polar, as temperaturas devem come\u00e7ar a subir gradualmente a partir de quinta-feira (15), mas as manh\u00e3s ainda ser\u00e3o frias.<\/p>\n<p>O post <a href=\"https:\/\/www.canalrural.com.br\/tempo\/temperaturas-abaixo-de-zero-marcam-as-manhas-ate-metade-da-semana\/\">Temperaturas abaixo de zero marcam as manh\u00e3s at\u00e9 metade da semana<\/a> apareceu primeiro em <a href=\"https:\/\/www.canalrural.com.br\/\">Canal Rural<\/a>.<\/p>","protected":false},"excerpt":{"rendered":"<p>Foto: Inmet A Defesa Civil de Santa Catarina e do Rio Grande do Sul emitiu alertas sobre o intenso frio que atinge a regi\u00e3o Sul do Brasil nesta semana, com temperaturas que chegaram a cair abaixo de zero. Confira na palma da m\u00e3o informa\u00e7\u00f5es quentes sobre agricultura, pecu\u00e1ria, economia e previs\u00e3o do tempo: siga o Canal Rural no WhatsApp! Friaca na ter\u00e7a-feira (13) Na ter\u00e7a-feira (13), uma massa de ar seco e frio intensifica o frio em Santa Catarina, especialmente entre o Meio-Oeste e os planaltos, onde as m\u00ednimas variam de -1 \u00b0C a -5 \u00b0C. Em outras regi\u00f5es, as m\u00ednimas ficam entre 0 \u00b0C e 7 \u00b0C, exceto nas \u00e1reas costeiras, onde devem ser registradas temperaturas na casa dos 10 \u00b0C. Al\u00e9m do frio intenso, houve condi\u00e7\u00f5es para geada ampla e risco moderado a alto de desconforto t\u00e9rmico e hipotermia. No Rio Grande do Sul, as temperaturas tamb\u00e9m ficam negativas, com m\u00ednimas entre -4 \u00b0C e 0 \u00b0C em regi\u00f5es como a Campanha, Sul, Centro, Norte, Vales e Serra. Em outras \u00e1reas, as temperaturas variam de 1 \u00b0C a 4 \u00b0C. A Defesa Civil alertou para a forma\u00e7\u00e3o de geada em grande parte do estado, com m\u00e1ximas que n\u00e3o passaram de 13 \u00b0C. Frio abranda no meio de semana A quarta-feira (14) promete manter o frio, mas com menor intensidade. Em Santa Catarina, as temperaturas negativas devem se concentrar apenas nas \u00e1reas serranas, com m\u00ednimas entre 0 e -3\u00b0C. No Rio Grande do Sul, as m\u00ednimas devem variar de 1 a 5\u00b0C, com chance de geada ainda presente na Serra. Quais cuidados tomar no frio A Defesa Civil recomendou cuidados especiais durante esse per\u00edodo, como manter-se agasalhado e evitar locais com pouca ventila\u00e7\u00e3o. O alerta \u00e9 especialmente importante para pessoas vulner\u00e1veis, como idosos, crian\u00e7as e pessoas em situa\u00e7\u00e3o de rua. Com o enfraquecimento da massa polar, as temperaturas devem come\u00e7ar a subir gradualmente a partir de quinta-feira (15), mas as manh\u00e3s ainda ser\u00e3o frias. O post Temperaturas abaixo de zero marcam as manh\u00e3s at\u00e9 metade da semana apareceu primeiro em Canal Rural.<\/p>\n","protected":false},"author":0,"featured_media":0,"comment_status":"open","ping_status":"open","sticky":false,"template":"","format":"standard","meta":{"_monsterinsights_skip_tracking":false,"_monsterinsights_sitenote_active":false,"_monsterinsights_sitenote_note":"","_monsterinsights_sitenote_category":0,"footnotes":""},"categories":[1],"tags":[],"class_list":["post-1218","post","type-post","status-publish","format-standard","hentry","category-agronegocio"],"_links":{"self":[{"href":"https:\/\/senhorafrutta.com.br\/index.php\/wp-json\/wp\/v2\/posts\/1218","targetHints":{"allow":["GET"]}}],"collection":[{"href":"https:\/\/senhorafrutta.com.br\/index.php\/wp-json\/wp\/v2\/posts"}],"about":[{"href":"https:\/\/senhorafrutta.com.br\/index.php\/wp-json\/wp\/v2\/types\/post"}],"replies":[{"embeddable":true,"href":"https:\/\/senhorafrutta.com.br\/index.php\/wp-json\/wp\/v2\/comments?post=1218"}],"version-history":[{"count":0,"href":"https:\/\/senhorafrutta.com.br\/index.php\/wp-json\/wp\/v2\/posts\/1218\/revisions"}],"wp:attachment":[{"href":"https:\/\/senhorafrutta.com.br\/index.php\/wp-json\/wp\/v2\/media?parent=1218"}],"wp:term":[{"taxonomy":"category","embeddable":true,"href":"https:\/\/senhorafrutta.com.br\/index.php\/wp-json\/wp\/v2\/categories?post=1218"},{"taxonomy":"post_tag","embeddable":true,"href":"https:\/\/senhorafrutta.com.br\/index.php\/wp-json\/wp\/v2\/tags?post=1218"}],"curies":[{"name":"wp","href":"https:\/\/api.w.org\/{rel}","templated":true}]}}