{"id":1217,"date":"2024-08-12T20:19:35","date_gmt":"2024-08-12T20:19:35","guid":{"rendered":"https:\/\/senhorafrutta.com.br\/index.php\/2024\/08\/12\/expointer-e-lancada-com-foco-na-reconstrucao-e-superacao-no-rs\/"},"modified":"2024-08-12T20:19:35","modified_gmt":"2024-08-12T20:19:35","slug":"expointer-e-lancada-com-foco-na-reconstrucao-e-superacao-no-rs","status":"publish","type":"post","link":"https:\/\/senhorafrutta.com.br\/index.php\/2024\/08\/12\/expointer-e-lancada-com-foco-na-reconstrucao-e-superacao-no-rs\/","title":{"rendered":"Expointer \u00e9 lan\u00e7ada com foco na reconstru\u00e7\u00e3o e supera\u00e7\u00e3o no RS"},"content":{"rendered":"<div>Foto: J\u00fcrgen Mayrhofer\/Secom<\/div>\n<p>Foi lan\u00e7ada oficialmente nesta segunda-feira (12) a 47\u00aa Expointer. O evento ocorre de 24 de agosto a 1\u00ba de setembro no Parque Estadual de Exposi\u00e7\u00f5es Assis Brasil, em Esteio (RS), e tem como slogan \u201cSuperar \u00e9 da nossa natureza\u201d.<\/p>\n<p><em>Confira na palma da m\u00e3o informa\u00e7\u00f5es quentes sobre agricultura, pecu\u00e1ria, economia e previs\u00e3o do tempo:<\/em><a href=\"https:\/\/whatsapp.com\/channel\/0029Va9VnZxGk1FplZjiW43k\"><em> <\/em><strong><em>siga o Canal Rural no WhatsApp!<\/em><\/strong><\/a><\/p>\n<p>A enchente de maio no estado tamb\u00e9m atingiu o parque, e havia d\u00favidas sobre a realiza\u00e7\u00e3o do evento. Com investimento em reformas pelo governo e pelas entidades copromotoras, a feira vem apresentando grande procura por expositores, de acordo com a organiza\u00e7\u00e3o.<\/p>\n<p>Foto: J\u00fcrgen Mayrhofer\/Secom<\/p>\n<p>\u201cNeste momento hist\u00f3rico que exige tanto de todos n\u00f3s, esta Expointer tamb\u00e9m vai ficar marcada dentro dessa jornada, mostrando que a supera\u00e7\u00e3o faz parte da nossa natureza, como diz o mote desta edi\u00e7\u00e3o\u201d, afirmou o governador <strong>Eduardo Leite<\/strong>.<\/p>\n<p>No ano passado, os nove dias de evento receberam mais\u00a0 de 822 mil visitantes, um recorde. A Expointer se destaca pela exposi\u00e7\u00e3o e competi\u00e7\u00e3o de diversas ra\u00e7as de bovinos, ovinos, bubalinos, caprinos e cavalos. Tamb\u00e9m h\u00e1 uma forte presen\u00e7a de m\u00e1quinas e da agricultura familiar, que neste ano vai receber 413\u00a0 expositores, o maior espa\u00e7o de todas as edi\u00e7\u00f5es, comemorando os 25 anos do pavilh\u00e3o.<\/p>\n<p>\u201cEsta Expointer \u00e9 a da reconstru\u00e7\u00e3o, para mostrar ao Brasil e ao mundo que somos aguerridos, fortes e bravos\u201d, disse o secret\u00e1rio da Agricultura, Pecu\u00e1ria, Produ\u00e7\u00e3o Sustent\u00e1vel e Irriga\u00e7\u00e3o (Seapi), Clair Kuhn.<\/p>\n<p>Neste ano, a Expointer contar\u00e1 com 3.458 animais de argola (que v\u00e3o a julgamento), quase o mesmo n\u00famero da edi\u00e7\u00e3o passada (3.480). A categoria de animais r\u00fasticos teve um incremento de 69% no n\u00famero de inscritos, totalizando 1.344.<\/p>\n<p>Para o presidente da Federa\u00e7\u00e3o dos Trabalhadores na Agricultura (Fetag), Carlos Joel, a Expointer servir\u00e1 para alavancar a reconstru\u00e7\u00e3o do Rio Grande do Sul. \u201cVamos alavanc\u00e1-la como a Expointer da reconstru\u00e7\u00e3o, que mostrar\u00e1 o que temos de melhor no Rio Grande do Sul. Apesar de tudo o que passamos, a agricultura e os setores industriais est\u00e3o a\u00ed para mostrar, junto com as cooperativas, as entidades e o governo do estado, que temos condi\u00e7\u00f5es de reerguer o Rio Grande\u201d, disse.<\/p>\n<p>\u201cNeste momento de grande dificuldade que o estado vive, nada mais importante do que estarmos construindo mais uma Expointer. Eu diria que estamos realmente lan\u00e7ando e construindo a Expointer da coragem, que traduz muito bem a coragem do povo ga\u00facho\u201d, considerou o presidente da Federa\u00e7\u00e3o da Agricultura do Rio Grande do Sul (Farsul), Gede\u00e3o Pereira.<\/p>\n<p>\u201cA Febrac est\u00e1 orgulhosa da movimenta\u00e7\u00e3o dos criadores de animais de ra\u00e7a. Eles est\u00e3o motivados e ir\u00e3o mostrar o que h\u00e1 de melhor na gen\u00e9tica\u201d, disse o presidente da Federa\u00e7\u00e3o Brasileira das Associa\u00e7\u00f5es de Criadores de Animais de Ra\u00e7as (Febrac), Marcos Tang.<\/p>\n<h2 class=\"wp-block-heading\"><strong>Festival Sou do Sul<\/strong><\/h2>\n<p>A Expointer apresenta nesta edi\u00e7\u00e3o o Festival Sou do Sul, de 24 a 26 de agosto, \u00e0s 21h, com um espet\u00e1culo de cerca de duas horas e meia de dura\u00e7\u00e3o, apresentando nomes da cultura ga\u00facha e um show nacional. O acesso ao festival \u00e9 gratuito para os visitantes da Expointer, com limite de 10 mil pessoas em cada noite.<\/p>\n<p>O festival contar\u00e1 com apresenta\u00e7\u00f5es de Luiza Barbosa, Elton Saldanha, Guri de Uruguaiana, Shana M\u00fcller, Renato Borghetti e mais de 30 artistas ga\u00fachos, al\u00e9m de\u00a0Lu\u00edsa Sonza, e das duplas Maiara\u00a0&amp; Mara\u00edsa e\u00a0Fernando\u00a0&amp; Sorocaba.<a href=\"https:\/\/estado.rs.gov.br\/agenda-do-governador20180222\"><\/a><\/p>\n<p>O post <a href=\"https:\/\/www.canalrural.com.br\/agricultura\/expointer-e-lancada-com-foco-na-reconstrucao-e-superacao-no-rs\/\">Expointer \u00e9 lan\u00e7ada com foco na reconstru\u00e7\u00e3o e supera\u00e7\u00e3o no RS<\/a> apareceu primeiro em <a href=\"https:\/\/www.canalrural.com.br\/\">Canal Rural<\/a>.<\/p>","protected":false},"excerpt":{"rendered":"<p>Foto: J\u00fcrgen Mayrhofer\/Secom Foi lan\u00e7ada oficialmente nesta segunda-feira (12) a 47\u00aa Expointer. O evento ocorre de 24 de agosto a 1\u00ba de setembro no Parque Estadual de Exposi\u00e7\u00f5es Assis Brasil, em Esteio (RS), e tem como slogan \u201cSuperar \u00e9 da nossa natureza\u201d. Confira na palma da m\u00e3o informa\u00e7\u00f5es quentes sobre agricultura, pecu\u00e1ria, economia e previs\u00e3o do tempo: siga o Canal Rural no WhatsApp! A enchente de maio no estado tamb\u00e9m atingiu o parque, e havia d\u00favidas sobre a realiza\u00e7\u00e3o do evento. Com investimento em reformas pelo governo e pelas entidades copromotoras, a feira vem apresentando grande procura por expositores, de acordo com a organiza\u00e7\u00e3o. Foto: J\u00fcrgen Mayrhofer\/Secom \u201cNeste momento hist\u00f3rico que exige tanto de todos n\u00f3s, esta Expointer tamb\u00e9m vai ficar marcada dentro dessa jornada, mostrando que a supera\u00e7\u00e3o faz parte da nossa natureza, como diz o mote desta edi\u00e7\u00e3o\u201d, afirmou o governador Eduardo Leite. No ano passado, os nove dias de evento receberam mais\u00a0 de 822 mil visitantes, um recorde. A Expointer se destaca pela exposi\u00e7\u00e3o e competi\u00e7\u00e3o de diversas ra\u00e7as de bovinos, ovinos, bubalinos, caprinos e cavalos. Tamb\u00e9m h\u00e1 uma forte presen\u00e7a de m\u00e1quinas e da agricultura familiar, que neste ano vai receber 413\u00a0 expositores, o maior espa\u00e7o de todas as edi\u00e7\u00f5es, comemorando os 25 anos do pavilh\u00e3o. \u201cEsta Expointer \u00e9 a da reconstru\u00e7\u00e3o, para mostrar ao Brasil e ao mundo que somos aguerridos, fortes e bravos\u201d, disse o secret\u00e1rio da Agricultura, Pecu\u00e1ria, Produ\u00e7\u00e3o Sustent\u00e1vel e Irriga\u00e7\u00e3o (Seapi), Clair Kuhn. Neste ano, a Expointer contar\u00e1 com 3.458 animais de argola (que v\u00e3o a julgamento), quase o mesmo n\u00famero da edi\u00e7\u00e3o passada (3.480). A categoria de animais r\u00fasticos teve um incremento de 69% no n\u00famero de inscritos, totalizando 1.344. Para o presidente da Federa\u00e7\u00e3o dos Trabalhadores na Agricultura (Fetag), Carlos Joel, a Expointer servir\u00e1 para alavancar a reconstru\u00e7\u00e3o do Rio Grande do Sul. \u201cVamos alavanc\u00e1-la como a Expointer da reconstru\u00e7\u00e3o, que mostrar\u00e1 o que temos de melhor no Rio Grande do Sul. Apesar de tudo o que passamos, a agricultura e os setores industriais est\u00e3o a\u00ed para mostrar, junto com as cooperativas, as entidades e o governo do estado, que temos condi\u00e7\u00f5es de reerguer o Rio Grande\u201d, disse. \u201cNeste momento de grande dificuldade que o estado vive, nada mais importante do que estarmos construindo mais uma Expointer. Eu diria que estamos realmente lan\u00e7ando e construindo a Expointer da coragem, que traduz muito bem a coragem do povo ga\u00facho\u201d, considerou o presidente da Federa\u00e7\u00e3o da Agricultura do Rio Grande do Sul (Farsul), Gede\u00e3o Pereira. \u201cA Febrac est\u00e1 orgulhosa da movimenta\u00e7\u00e3o dos criadores de animais de ra\u00e7a. Eles est\u00e3o motivados e ir\u00e3o mostrar o que h\u00e1 de melhor na gen\u00e9tica\u201d, disse o presidente da Federa\u00e7\u00e3o Brasileira das Associa\u00e7\u00f5es de Criadores de Animais de Ra\u00e7as (Febrac), Marcos Tang. Festival Sou do Sul A Expointer apresenta nesta edi\u00e7\u00e3o o Festival Sou do Sul, de 24 a 26 de agosto, \u00e0s 21h, com um espet\u00e1culo de cerca de duas horas e meia de dura\u00e7\u00e3o, apresentando nomes da cultura ga\u00facha e um show nacional. O acesso ao festival \u00e9 gratuito para os visitantes da Expointer, com limite de 10 mil pessoas em cada noite. O festival contar\u00e1 com apresenta\u00e7\u00f5es de Luiza Barbosa, Elton Saldanha, Guri de Uruguaiana, Shana M\u00fcller, Renato Borghetti e mais de 30 artistas ga\u00fachos, al\u00e9m de\u00a0Lu\u00edsa Sonza, e das duplas Maiara\u00a0&amp; Mara\u00edsa e\u00a0Fernando\u00a0&amp; Sorocaba. O post Expointer \u00e9 lan\u00e7ada com foco na reconstru\u00e7\u00e3o e supera\u00e7\u00e3o no RS apareceu primeiro em Canal Rural.<\/p>\n","protected":false},"author":0,"featured_media":0,"comment_status":"open","ping_status":"open","sticky":false,"template":"","format":"standard","meta":{"_monsterinsights_skip_tracking":false,"_monsterinsights_sitenote_active":false,"_monsterinsights_sitenote_note":"","_monsterinsights_sitenote_category":0,"footnotes":""},"categories":[1],"tags":[],"class_list":["post-1217","post","type-post","status-publish","format-standard","hentry","category-agronegocio"],"_links":{"self":[{"href":"https:\/\/senhorafrutta.com.br\/index.php\/wp-json\/wp\/v2\/posts\/1217","targetHints":{"allow":["GET"]}}],"collection":[{"href":"https:\/\/senhorafrutta.com.br\/index.php\/wp-json\/wp\/v2\/posts"}],"about":[{"href":"https:\/\/senhorafrutta.com.br\/index.php\/wp-json\/wp\/v2\/types\/post"}],"replies":[{"embeddable":true,"href":"https:\/\/senhorafrutta.com.br\/index.php\/wp-json\/wp\/v2\/comments?post=1217"}],"version-history":[{"count":0,"href":"https:\/\/senhorafrutta.com.br\/index.php\/wp-json\/wp\/v2\/posts\/1217\/revisions"}],"wp:attachment":[{"href":"https:\/\/senhorafrutta.com.br\/index.php\/wp-json\/wp\/v2\/media?parent=1217"}],"wp:term":[{"taxonomy":"category","embeddable":true,"href":"https:\/\/senhorafrutta.com.br\/index.php\/wp-json\/wp\/v2\/categories?post=1217"},{"taxonomy":"post_tag","embeddable":true,"href":"https:\/\/senhorafrutta.com.br\/index.php\/wp-json\/wp\/v2\/tags?post=1217"}],"curies":[{"name":"wp","href":"https:\/\/api.w.org\/{rel}","templated":true}]}}