{"id":11909,"date":"2025-06-02T15:23:46","date_gmt":"2025-06-02T15:23:46","guid":{"rendered":"https:\/\/senhorafrutta.com.br\/index.php\/2025\/06\/02\/estado-de-sao-paulo-inicia-acao-de-prevencao-contra-fungo-devastador-nas-lavouras-de-soja\/"},"modified":"2025-06-02T15:23:46","modified_gmt":"2025-06-02T15:23:46","slug":"estado-de-sao-paulo-inicia-acao-de-prevencao-contra-fungo-devastador-nas-lavouras-de-soja","status":"publish","type":"post","link":"https:\/\/senhorafrutta.com.br\/index.php\/2025\/06\/02\/estado-de-sao-paulo-inicia-acao-de-prevencao-contra-fungo-devastador-nas-lavouras-de-soja\/","title":{"rendered":"Estado de S\u00e3o Paulo inicia a\u00e7\u00e3o de preven\u00e7\u00e3o contra fungo devastador nas lavouras de soja"},"content":{"rendered":"<p> [ad_1]<br \/>\n<br \/><img decoding=\"async\" src=\"https:\/\/imagens-cdn.canalrural.com.br\/wp-content\/uploads\/DIVULGACAO-AIBA.png\" \/><\/p>\n<div>\n<p>O estado de S\u00e3o Paulo deu in\u00edcio neste domingo, 1\u00ba de junho, ao <a href=\"https:\/\/www.canalrural.com.br\/?s=vazio+sanit%C3%A1rio\">per\u00edodo <\/a>do vazio sanit\u00e1rio da soja na Regi\u00e3o 1. A medida de preven\u00e7\u00e3o segue at\u00e9 31 de agosto e tem como objetivo controlar a ferrugem asi\u00e1tica, doen\u00e7a provocada pelo fungo <a href=\"https:\/\/www.canalrural.com.br\/?s=Phakopsora+pachyrhizi\">Phakopsora pachyrhizi<\/a>. A iniciativa busca reduzir a incid\u00eancia do fungo entre uma safra e outra, protegendo a produ\u00e7\u00e3o e fortalecendo o manejo fitossanit\u00e1rio da cultura. Para acessar o calend\u00e1rio de todas as regi\u00f5es do pa\u00eds, acesse o <a href=\"https:\/\/www.gov.br\/agricultura\/pt-br\/assuntos\/noticias\/mapa-publica-portaria-que-estabelece-vazio-sanitario-e-calendario-de-semeadura-da-soja-para-a-safra-2025-2026\">link<\/a>.<\/p>\n<ul class=\"wp-block-list\">\n<li><strong><em>Fique por dentro das novidades e not\u00edcias recentes sobre a soja! Participe da nossa comunidade atrav\u00e9s do\u00a0<a href=\"https:\/\/chat.whatsapp.com\/BmMRwA0TZ2DHGyhzoaVEWu\">link<\/a><\/em><\/strong>!<\/li>\n<\/ul>\n<p>A a\u00e7\u00e3o segue as diretrizes da Portaria n\u00ba 1.271\/2025, do <a href=\"https:\/\/www.gov.br\/agricultura\/pt-br\">Minist\u00e9rio da Agricultura e Pecu\u00e1ria<\/a> (Mapa)), que definiu os calend\u00e1rios nacionais do vazio sanit\u00e1rio e da semeadura da soja para a safra 2025\/2026. Em S\u00e3o Paulo, o estado foi dividido em tr\u00eas regi\u00f5es com datas diferentes para o in\u00edcio do vazio. As Regi\u00f5es 2 e 3 entram no per\u00edodo de restri\u00e7\u00e3o nos dias 12 e 15 de junho, encerrando-se em 12 e 15 de setembro, respectivamente. Confira os munic\u00edpios separados <a href=\"https:\/\/www.canalrural.com.br\/agricultura\/projeto-soja-brasil\/estado-de-sao-paulo-inicia-acao-de-prevencao-contra-fungo-devastador-nas-lavouras-de-soja\/file:\/\/\/C:\/Users\/marcos.almeida\/Downloads\/Mapa_-_Vazio_Sanitario_e_Calendario_de_Semeadura_da_Soja_2025.pdf\">aqui<\/a>.<\/p>\n<\/div>\n<div>\n<h2 class=\"wp-block-heading\" id=\"h-periodo-de-prevencao\">Per\u00edodo de preven\u00e7\u00e3o<\/h2>\n<p>Durante o vazio sanit\u00e1rio, \u00e9 proibida a presen\u00e7a de plantas vivas de soja nas \u00e1reas de cultivo, incluindo as chamadas plantas volunt\u00e1rias ou tigueras. A elimina\u00e7\u00e3o dessas plantas \u00e9 de responsabilidade dos produtores, e exce\u00e7\u00f5es s\u00f3 s\u00e3o permitidas em casos espec\u00edficos autorizados pela Defesa Agropecu\u00e1ria, como produ\u00e7\u00e3o de sementes, pesquisas ou demonstra\u00e7\u00f5es t\u00e9cnicas.<\/p>\n<p>O estado tamb\u00e9m exige que os agricultores realizem o cadastro das \u00e1reas produtoras de soja. Em S\u00e3o Paulo, esse registro deve ser feito no sistema de Gest\u00e3o de Defesa Animal e Vegetal (GEDAVE), no prazo m\u00e1ximo de 15 dias ap\u00f3s o fim do calend\u00e1rio regional de plantio. O controle cadastral \u00e9 uma ferramenta essencial para o acompanhamento das lavouras e o refor\u00e7o das a\u00e7\u00f5es de fiscaliza\u00e7\u00e3o sanit\u00e1ria.<\/p>\n<\/p><\/div>\n<p>[ad_2]<br \/>\n<br \/><a href=\"https:\/\/www.canalrural.com.br\/agricultura\/projeto-soja-brasil\/estado-de-sao-paulo-inicia-acao-de-prevencao-contra-fungo-devastador-nas-lavouras-de-soja\/\">Source link <\/a><\/p>\n","protected":false},"excerpt":{"rendered":"<p>[ad_1] O estado de S\u00e3o Paulo deu in\u00edcio neste domingo, 1\u00ba de junho, ao per\u00edodo do vazio sanit\u00e1rio da soja na Regi\u00e3o 1. A medida de preven\u00e7\u00e3o segue at\u00e9 31 de agosto e tem como objetivo controlar a ferrugem asi\u00e1tica, doen\u00e7a provocada pelo fungo Phakopsora pachyrhizi. A iniciativa busca reduzir a incid\u00eancia do fungo entre uma safra e outra, protegendo a produ\u00e7\u00e3o e fortalecendo o manejo fitossanit\u00e1rio da cultura. Para acessar o calend\u00e1rio de todas as regi\u00f5es do pa\u00eds, acesse o link. Fique por dentro das novidades e not\u00edcias recentes sobre a soja! Participe da nossa comunidade atrav\u00e9s do\u00a0link! A a\u00e7\u00e3o segue as diretrizes da Portaria n\u00ba 1.271\/2025, do Minist\u00e9rio da Agricultura e Pecu\u00e1ria (Mapa)), que definiu os calend\u00e1rios nacionais do vazio sanit\u00e1rio e da semeadura da soja para a safra 2025\/2026. Em S\u00e3o Paulo, o estado foi dividido em tr\u00eas regi\u00f5es com datas diferentes para o in\u00edcio do vazio. As Regi\u00f5es 2 e 3 entram no per\u00edodo de restri\u00e7\u00e3o nos dias 12 e 15 de junho, encerrando-se em 12 e 15 de setembro, respectivamente. Confira os munic\u00edpios separados aqui. Per\u00edodo de preven\u00e7\u00e3o Durante o vazio sanit\u00e1rio, \u00e9 proibida a presen\u00e7a de plantas vivas de soja nas \u00e1reas de cultivo, incluindo as chamadas plantas volunt\u00e1rias ou tigueras. A elimina\u00e7\u00e3o dessas plantas \u00e9 de responsabilidade dos produtores, e exce\u00e7\u00f5es s\u00f3 s\u00e3o permitidas em casos espec\u00edficos autorizados pela Defesa Agropecu\u00e1ria, como produ\u00e7\u00e3o de sementes, pesquisas ou demonstra\u00e7\u00f5es t\u00e9cnicas. O estado tamb\u00e9m exige que os agricultores realizem o cadastro das \u00e1reas produtoras de soja. Em S\u00e3o Paulo, esse registro deve ser feito no sistema de Gest\u00e3o de Defesa Animal e Vegetal (GEDAVE), no prazo m\u00e1ximo de 15 dias ap\u00f3s o fim do calend\u00e1rio regional de plantio. O controle cadastral \u00e9 uma ferramenta essencial para o acompanhamento das lavouras e o refor\u00e7o das a\u00e7\u00f5es de fiscaliza\u00e7\u00e3o sanit\u00e1ria. [ad_2] Source link<\/p>\n","protected":false},"author":1,"featured_media":11910,"comment_status":"","ping_status":"open","sticky":false,"template":"","format":"standard","meta":{"_monsterinsights_skip_tracking":false,"_monsterinsights_sitenote_active":false,"_monsterinsights_sitenote_note":"","_monsterinsights_sitenote_category":0,"footnotes":""},"categories":[1],"tags":[],"class_list":["post-11909","post","type-post","status-publish","format-standard","has-post-thumbnail","hentry","category-agronegocio"],"_links":{"self":[{"href":"https:\/\/senhorafrutta.com.br\/index.php\/wp-json\/wp\/v2\/posts\/11909","targetHints":{"allow":["GET"]}}],"collection":[{"href":"https:\/\/senhorafrutta.com.br\/index.php\/wp-json\/wp\/v2\/posts"}],"about":[{"href":"https:\/\/senhorafrutta.com.br\/index.php\/wp-json\/wp\/v2\/types\/post"}],"author":[{"embeddable":true,"href":"https:\/\/senhorafrutta.com.br\/index.php\/wp-json\/wp\/v2\/users\/1"}],"replies":[{"embeddable":true,"href":"https:\/\/senhorafrutta.com.br\/index.php\/wp-json\/wp\/v2\/comments?post=11909"}],"version-history":[{"count":0,"href":"https:\/\/senhorafrutta.com.br\/index.php\/wp-json\/wp\/v2\/posts\/11909\/revisions"}],"wp:featuredmedia":[{"embeddable":true,"href":"https:\/\/senhorafrutta.com.br\/index.php\/wp-json\/wp\/v2\/media\/11910"}],"wp:attachment":[{"href":"https:\/\/senhorafrutta.com.br\/index.php\/wp-json\/wp\/v2\/media?parent=11909"}],"wp:term":[{"taxonomy":"category","embeddable":true,"href":"https:\/\/senhorafrutta.com.br\/index.php\/wp-json\/wp\/v2\/categories?post=11909"},{"taxonomy":"post_tag","embeddable":true,"href":"https:\/\/senhorafrutta.com.br\/index.php\/wp-json\/wp\/v2\/tags?post=11909"}],"curies":[{"name":"wp","href":"https:\/\/api.w.org\/{rel}","templated":true}]}}