{"id":11907,"date":"2025-06-02T14:03:07","date_gmt":"2025-06-02T14:03:07","guid":{"rendered":"https:\/\/senhorafrutta.com.br\/index.php\/2025\/06\/02\/uniao-europeia-envia-equipe-comercial-aos-eua-para-negociacoes\/"},"modified":"2025-06-02T14:03:07","modified_gmt":"2025-06-02T14:03:07","slug":"uniao-europeia-envia-equipe-comercial-aos-eua-para-negociacoes","status":"publish","type":"post","link":"https:\/\/senhorafrutta.com.br\/index.php\/2025\/06\/02\/uniao-europeia-envia-equipe-comercial-aos-eua-para-negociacoes\/","title":{"rendered":"Uni\u00e3o Europeia envia equipe comercial aos EUA para negocia\u00e7\u00f5es"},"content":{"rendered":"<p> [ad_1]<br \/>\n<br \/><img decoding=\"async\" src=\"https:\/\/imagens-cdn.canalrural.com.br\/wp-content\/uploads\/uniao-europeia-europa.jpg\" \/><\/p>\n<div>\n<p>A Uni\u00e3o Europeia (UE) enviou uma equipe t\u00e9cnica a Washington para negocia\u00e7\u00f5es comerciais com o governo do presidente dos <strong><a href=\"http:\/\/www.canalrural.com.br\/tag\/estados-unidos\/\">Estados Unidos<\/a><\/strong>, Donald Trump, disse um porta-voz europeu nesta segunda-feira (2). <\/p>\n<p>Segundo informa\u00e7\u00f5es, o comiss\u00e1rio para Com\u00e9rcio da UE, Maros Sefcovic, deve se reunir com o representante comercial dos EUA, Jamieson Greer, na Organiza\u00e7\u00e3o para a Coopera\u00e7\u00e3o e Desenvolvimento Econ\u00f4mico (OCDE), em Paris, na quarta-feira.<\/p>\n<\/div>\n<div>\n<p>No fim de semana, a UE alertou que o novo plano de Trump de dobrar as tarifas sobre o a\u00e7o para 50% poderia comprometer as negocia\u00e7\u00f5es entre as duas economias e desencadear tarifas retaliat\u00f3rias sobre produtos americanos. <\/p>\n<p>Hoje, o porta-voz reiterou o alerta, afirmando que os europeus est\u00e3o prontos para tomar contramedidas se \u201cnossas negocia\u00e7\u00f5es n\u00e3o levassem a um resultado equilibrado\u201d.<\/p>\n<\/p><\/div>\n<p>[ad_2]<br \/>\n<br \/><a href=\"https:\/\/www.canalrural.com.br\/economia\/uniao-europeia-envia-equipe-comercial-aos-eua-para-negociacoes\/\">Source link <\/a><\/p>\n","protected":false},"excerpt":{"rendered":"<p>[ad_1] A Uni\u00e3o Europeia (UE) enviou uma equipe t\u00e9cnica a Washington para negocia\u00e7\u00f5es comerciais com o governo do presidente dos Estados Unidos, Donald Trump, disse um porta-voz europeu nesta segunda-feira (2). Segundo informa\u00e7\u00f5es, o comiss\u00e1rio para Com\u00e9rcio da UE, Maros Sefcovic, deve se reunir com o representante comercial dos EUA, Jamieson Greer, na Organiza\u00e7\u00e3o para a Coopera\u00e7\u00e3o e Desenvolvimento Econ\u00f4mico (OCDE), em Paris, na quarta-feira. No fim de semana, a UE alertou que o novo plano de Trump de dobrar as tarifas sobre o a\u00e7o para 50% poderia comprometer as negocia\u00e7\u00f5es entre as duas economias e desencadear tarifas retaliat\u00f3rias sobre produtos americanos. Hoje, o porta-voz reiterou o alerta, afirmando que os europeus est\u00e3o prontos para tomar contramedidas se \u201cnossas negocia\u00e7\u00f5es n\u00e3o levassem a um resultado equilibrado\u201d. [ad_2] Source link<\/p>\n","protected":false},"author":1,"featured_media":11908,"comment_status":"","ping_status":"open","sticky":false,"template":"","format":"standard","meta":{"_monsterinsights_skip_tracking":false,"_monsterinsights_sitenote_active":false,"_monsterinsights_sitenote_note":"","_monsterinsights_sitenote_category":0,"footnotes":""},"categories":[1],"tags":[],"class_list":["post-11907","post","type-post","status-publish","format-standard","has-post-thumbnail","hentry","category-agronegocio"],"_links":{"self":[{"href":"https:\/\/senhorafrutta.com.br\/index.php\/wp-json\/wp\/v2\/posts\/11907","targetHints":{"allow":["GET"]}}],"collection":[{"href":"https:\/\/senhorafrutta.com.br\/index.php\/wp-json\/wp\/v2\/posts"}],"about":[{"href":"https:\/\/senhorafrutta.com.br\/index.php\/wp-json\/wp\/v2\/types\/post"}],"author":[{"embeddable":true,"href":"https:\/\/senhorafrutta.com.br\/index.php\/wp-json\/wp\/v2\/users\/1"}],"replies":[{"embeddable":true,"href":"https:\/\/senhorafrutta.com.br\/index.php\/wp-json\/wp\/v2\/comments?post=11907"}],"version-history":[{"count":0,"href":"https:\/\/senhorafrutta.com.br\/index.php\/wp-json\/wp\/v2\/posts\/11907\/revisions"}],"wp:featuredmedia":[{"embeddable":true,"href":"https:\/\/senhorafrutta.com.br\/index.php\/wp-json\/wp\/v2\/media\/11908"}],"wp:attachment":[{"href":"https:\/\/senhorafrutta.com.br\/index.php\/wp-json\/wp\/v2\/media?parent=11907"}],"wp:term":[{"taxonomy":"category","embeddable":true,"href":"https:\/\/senhorafrutta.com.br\/index.php\/wp-json\/wp\/v2\/categories?post=11907"},{"taxonomy":"post_tag","embeddable":true,"href":"https:\/\/senhorafrutta.com.br\/index.php\/wp-json\/wp\/v2\/tags?post=11907"}],"curies":[{"name":"wp","href":"https:\/\/api.w.org\/{rel}","templated":true}]}}