{"id":11861,"date":"2025-05-31T04:10:42","date_gmt":"2025-05-31T04:10:42","guid":{"rendered":"https:\/\/senhorafrutta.com.br\/index.php\/2025\/05\/31\/workshop-abrass-debate-sobre-gestao-financeira-longevidade-e-qualidade-das-sementes-de-soja\/"},"modified":"2025-05-31T04:10:42","modified_gmt":"2025-05-31T04:10:42","slug":"workshop-abrass-debate-sobre-gestao-financeira-longevidade-e-qualidade-das-sementes-de-soja","status":"publish","type":"post","link":"https:\/\/senhorafrutta.com.br\/index.php\/2025\/05\/31\/workshop-abrass-debate-sobre-gestao-financeira-longevidade-e-qualidade-das-sementes-de-soja\/","title":{"rendered":"Workshop Abrass debate sobre gest\u00e3o financeira, longevidade e qualidade das sementes de soja"},"content":{"rendered":"<p> [ad_1]<br \/>\n<br \/><img decoding=\"async\" src=\"https:\/\/imagens-cdn.canalrural.com.br\/2025\/05\/39-ABRASS_29-05-25.jpg\" \/><\/p>\n<div>\n<p>A Associa\u00e7\u00e3o Brasileira dos Produtores de Sementes de Soja (<a href=\"https:\/\/abrass.org.br\/\">Abrass<\/a>) realizou, nesta quinta-feira (29), o Workshop Abrass, no Bras\u00edlia Palace Hotel, reunindo associados, especialistas e autoridades para discutir os rumos da multiplica\u00e7\u00e3o de sementes de <a href=\"https:\/\/www.canalrural.com.br\/?s=soja\">soja <\/a>no Brasil.<\/p>\n<ul class=\"wp-block-list\">\n<li><strong><em>Fique por dentro das novidades e not\u00edcias recentes sobre a soja! Participe da nossa comunidade atrav\u00e9s do\u00a0<a href=\"https:\/\/chat.whatsapp.com\/BmMRwA0TZ2DHGyhzoaVEWu\">link<\/a><\/em><\/strong>!<\/li>\n<\/ul>\n<p>O evento destacou an\u00e1lises pol\u00edticas, cen\u00e1rios de mercado e os principais desafios do setor, como a necessidade de atualiza\u00e7\u00e3o da Lei de Prote\u00e7\u00e3o de Cultivares, o combate \u00e0 pirataria de sementes e os impactos da Reforma Tribut\u00e1ria. A programa\u00e7\u00e3o incluiu ainda debates sobre gest\u00e3o financeira, longevidade e qualidade das sementes, al\u00e9m de proje\u00e7\u00f5es para a safra 2025\/26, que pode ultrapassar 50 milh\u00f5es de sacas certificadas, segundo o CEO da C\u00e9leres, Anderson Galv\u00e3o.<\/p>\n<p>Entre os destaques, o painel pol\u00edtico contou com participa\u00e7\u00e3o do deputado Pedro Lupion (FPA) e representantes do IPA e Aprosoja, al\u00e9m de uma an\u00e1lise aprofundada do consultor Jo\u00e3o Henrique Hummel sobre o atual cen\u00e1rio pol\u00edtico nacional e seus reflexos no agroneg\u00f3cio.<\/p>\n<\/div>\n<div>\n<p>A programa\u00e7\u00e3o abordou temas estrat\u00e9gicos como a atualiza\u00e7\u00e3o da Lei de Prote\u00e7\u00e3o de Cultivares, os impactos da Reforma Tribut\u00e1ria, gest\u00e3o financeira dos neg\u00f3cios de sementes e proje\u00e7\u00f5es para a safra 2025\/26, que pode ultrapassar 50 milh\u00f5es de sacas certificadas.<\/p>\n<p>Outro ponto de destaque foi o combate \u00e0 pirataria de sementes, que ainda representa 11% do mercado nacional, com \u00edndices elevados em estados como Rio Grande do Sul e Minas Gerais. O debate tamb\u00e9m enfatizou a import\u00e2ncia de preservar a longevidade e a qualidade das sementes, com base em pr\u00e1ticas de manejo e controle de danos, al\u00e9m da necessidade de um posicionamento estrat\u00e9gico de marcas e gest\u00e3o de riscos na cadeia produtiva.<\/p>\n<p>O evento contou ainda com uma an\u00e1lise aprofundada do cen\u00e1rio pol\u00edtico nacional e seu reflexo direto sobre o agroneg\u00f3cio, destacando pautas como cr\u00e9dito rural, Plano Safra e regulamenta\u00e7\u00f5es ambientais. <\/p>\n<\/p><\/div>\n<p>[ad_2]<br \/>\n<br \/><a href=\"https:\/\/www.canalrural.com.br\/agricultura\/projeto-soja-brasil\/workshop-abrass-debate-sobre-gestao-financeira-longevidade-e-qualidade-das-sementes-de-soja\/\">Source link <\/a><\/p>\n","protected":false},"excerpt":{"rendered":"<p>[ad_1] A Associa\u00e7\u00e3o Brasileira dos Produtores de Sementes de Soja (Abrass) realizou, nesta quinta-feira (29), o Workshop Abrass, no Bras\u00edlia Palace Hotel, reunindo associados, especialistas e autoridades para discutir os rumos da multiplica\u00e7\u00e3o de sementes de soja no Brasil. Fique por dentro das novidades e not\u00edcias recentes sobre a soja! Participe da nossa comunidade atrav\u00e9s do\u00a0link! O evento destacou an\u00e1lises pol\u00edticas, cen\u00e1rios de mercado e os principais desafios do setor, como a necessidade de atualiza\u00e7\u00e3o da Lei de Prote\u00e7\u00e3o de Cultivares, o combate \u00e0 pirataria de sementes e os impactos da Reforma Tribut\u00e1ria. A programa\u00e7\u00e3o incluiu ainda debates sobre gest\u00e3o financeira, longevidade e qualidade das sementes, al\u00e9m de proje\u00e7\u00f5es para a safra 2025\/26, que pode ultrapassar 50 milh\u00f5es de sacas certificadas, segundo o CEO da C\u00e9leres, Anderson Galv\u00e3o. Entre os destaques, o painel pol\u00edtico contou com participa\u00e7\u00e3o do deputado Pedro Lupion (FPA) e representantes do IPA e Aprosoja, al\u00e9m de uma an\u00e1lise aprofundada do consultor Jo\u00e3o Henrique Hummel sobre o atual cen\u00e1rio pol\u00edtico nacional e seus reflexos no agroneg\u00f3cio. A programa\u00e7\u00e3o abordou temas estrat\u00e9gicos como a atualiza\u00e7\u00e3o da Lei de Prote\u00e7\u00e3o de Cultivares, os impactos da Reforma Tribut\u00e1ria, gest\u00e3o financeira dos neg\u00f3cios de sementes e proje\u00e7\u00f5es para a safra 2025\/26, que pode ultrapassar 50 milh\u00f5es de sacas certificadas. Outro ponto de destaque foi o combate \u00e0 pirataria de sementes, que ainda representa 11% do mercado nacional, com \u00edndices elevados em estados como Rio Grande do Sul e Minas Gerais. O debate tamb\u00e9m enfatizou a import\u00e2ncia de preservar a longevidade e a qualidade das sementes, com base em pr\u00e1ticas de manejo e controle de danos, al\u00e9m da necessidade de um posicionamento estrat\u00e9gico de marcas e gest\u00e3o de riscos na cadeia produtiva. O evento contou ainda com uma an\u00e1lise aprofundada do cen\u00e1rio pol\u00edtico nacional e seu reflexo direto sobre o agroneg\u00f3cio, destacando pautas como cr\u00e9dito rural, Plano Safra e regulamenta\u00e7\u00f5es ambientais. [ad_2] Source link<\/p>\n","protected":false},"author":1,"featured_media":11862,"comment_status":"","ping_status":"open","sticky":false,"template":"","format":"standard","meta":{"_monsterinsights_skip_tracking":false,"_monsterinsights_sitenote_active":false,"_monsterinsights_sitenote_note":"","_monsterinsights_sitenote_category":0,"footnotes":""},"categories":[1],"tags":[],"class_list":["post-11861","post","type-post","status-publish","format-standard","has-post-thumbnail","hentry","category-agronegocio"],"_links":{"self":[{"href":"https:\/\/senhorafrutta.com.br\/index.php\/wp-json\/wp\/v2\/posts\/11861","targetHints":{"allow":["GET"]}}],"collection":[{"href":"https:\/\/senhorafrutta.com.br\/index.php\/wp-json\/wp\/v2\/posts"}],"about":[{"href":"https:\/\/senhorafrutta.com.br\/index.php\/wp-json\/wp\/v2\/types\/post"}],"author":[{"embeddable":true,"href":"https:\/\/senhorafrutta.com.br\/index.php\/wp-json\/wp\/v2\/users\/1"}],"replies":[{"embeddable":true,"href":"https:\/\/senhorafrutta.com.br\/index.php\/wp-json\/wp\/v2\/comments?post=11861"}],"version-history":[{"count":0,"href":"https:\/\/senhorafrutta.com.br\/index.php\/wp-json\/wp\/v2\/posts\/11861\/revisions"}],"wp:featuredmedia":[{"embeddable":true,"href":"https:\/\/senhorafrutta.com.br\/index.php\/wp-json\/wp\/v2\/media\/11862"}],"wp:attachment":[{"href":"https:\/\/senhorafrutta.com.br\/index.php\/wp-json\/wp\/v2\/media?parent=11861"}],"wp:term":[{"taxonomy":"category","embeddable":true,"href":"https:\/\/senhorafrutta.com.br\/index.php\/wp-json\/wp\/v2\/categories?post=11861"},{"taxonomy":"post_tag","embeddable":true,"href":"https:\/\/senhorafrutta.com.br\/index.php\/wp-json\/wp\/v2\/tags?post=11861"}],"curies":[{"name":"wp","href":"https:\/\/api.w.org\/{rel}","templated":true}]}}