{"id":11845,"date":"2025-05-30T17:34:26","date_gmt":"2025-05-30T17:34:26","guid":{"rendered":"https:\/\/senhorafrutta.com.br\/index.php\/2025\/05\/30\/connection-terroirs-do-brasil-valoriza-saberes-sabores-e-negocios-regionais\/"},"modified":"2025-05-30T17:34:26","modified_gmt":"2025-05-30T17:34:26","slug":"connection-terroirs-do-brasil-valoriza-saberes-sabores-e-negocios-regionais","status":"publish","type":"post","link":"https:\/\/senhorafrutta.com.br\/index.php\/2025\/05\/30\/connection-terroirs-do-brasil-valoriza-saberes-sabores-e-negocios-regionais\/","title":{"rendered":"&#8216;Connection Terroirs do Brasil&#8217; valoriza saberes, sabores e neg\u00f3cios regionais"},"content":{"rendered":"<p> [ad_1]<br \/>\n<br \/><img decoding=\"async\" src=\"https:\/\/imagens-cdn.canalrural.com.br\/2025\/05\/WhatsApp-Image-2025-05-30-at-12.29.25.jpeg\" \/><\/p>\n<div>\n<p>Aroma do caf\u00e9, o sabor \u00fanico dos queijos e a tradi\u00e7\u00e3o dos vinhos e cacha\u00e7as fazem parte da 8\u00aa edi\u00e7\u00e3o do <a href=\"https:\/\/sp.agenciasebrae.com.br\/cultura-empreendedora\/indicacoes-geograficas-de-cafes-paulistas-marcam-presenca-na-connection-terroirs-do-brasil\/\">Connection Terroirs do Brasil<\/a>, que acontece at\u00e9 s\u00e1bado (31), em Gramado, na Serra Ga\u00facha.<\/p>\n<p><a href=\"https:\/\/www.canalrural.com.br\/empreendedorismo\/como-feiras-e-eventos-podem-impulsionar-o-seu-negocio\/\">A equipe do programa Porteira Aberta Empreender<\/a> acompanha de perto cada detalhe do evento. <\/p>\n<p>Para micro e pequenos empreendedores, essa \u00e9 uma oportunidade de firmar parcerias e conhecer produtos diferenciados, onde o terroir brasileiro \u00e9 celebrado e valorizado.<\/p>\n<p>E por falar em valoriza\u00e7\u00e3o, o Sebrae, correalizador do evento, convidou produtores que j\u00e1 receberam a Indica\u00e7\u00e3o Geogr\u00e1fica (IG) \u2014 selo que certifica produtos \u00fanicos, representativos de suas regi\u00f5es, com sabores imposs\u00edveis de serem reproduzidos em qualquer outro lugar. <\/p>\n<p>Eles participam do evento para mostrar a for\u00e7a e a identidade de seus produtos.<\/p>\n<p>\u201cA gente tem 16 Indica\u00e7\u00f5es Geogr\u00e1ficas, s\u00e3o 16 territ\u00f3rios diferentes, e conseguimos apresentar essa pot\u00eancia para uma cidade tur\u00edstica como Gramado\u201d, afirma Ma\u00edra Santana, gestora de IG do Sebrae Nacional.<\/p>\n<\/div>\n<div>\n<p>Para quem gosta de explorar novos sabores, a Alameda Terroir, montada na Rua Coberta, no centro de Gramado, \u00e9 parada obrigat\u00f3ria.<\/p>\n<p>O p\u00fablico pode experimentar e comprar caf\u00e9s, queijos, vinhos, mel, cacha\u00e7as e outros produtos \u00fanicos, conhecendo de perto a hist\u00f3ria e o cuidado por tr\u00e1s de cada item.<\/p>\n<ul class=\"wp-block-list\">\n<li><em>Participe do Porteira Aberta Empreender: envie perguntas, sugest\u00f5es e conte sua hist\u00f3ria de empreendedorismo pelo\u00a0<\/em><a href=\"https:\/\/api.whatsapp.com\/send?phone=5511932796720&amp;PorteiraAbertaEmpreender=SuaMensagem\"><strong>WhatsApp<\/strong><\/a><\/li>\n<\/ul>\n<h3 class=\"wp-block-heading\" id=\"h-igs-tradicao-que-impulsiona-o-agro\">IGs: tradi\u00e7\u00e3o que impulsiona o agro<\/h3>\n<p>As Indica\u00e7\u00f5es Geogr\u00e1ficas s\u00e3o reconhecidas pelo Instituto Nacional da Propriedade Industrial (INPI) e garantem que produtos t\u00edpicos de certas regi\u00f5es tenham sua origem protegida. Al\u00e9m de manter vivas as tradi\u00e7\u00f5es, elas ajudam os produtores a ganhar competitividade, agregar valor ao que produzem e fortalecer a economia local.<\/p>\n<h3 class=\"wp-block-heading\" id=\"h-servico\">Servi\u00e7o<\/h3>\n<ul class=\"wp-block-list\">\n<li><strong>Connection Terroirs do Brasil<\/strong> <\/li>\n<li>Dias 28 a 31 de maio <\/li>\n<li> Gramado (RS)<\/li>\n<li><a href=\"https:\/\/www.connectionexperience.com.br\/\">Saiba mais<\/a><\/li>\n<\/ul><\/div>\n<p>[ad_2]<br \/>\n<br \/><a href=\"https:\/\/www.canalrural.com.br\/empreendedorismo\/connection-terroirs-do-brasil-valoriza-saberes-sabores-e-negocios-regionais\/\">Source link <\/a><\/p>\n","protected":false},"excerpt":{"rendered":"<p>[ad_1] Aroma do caf\u00e9, o sabor \u00fanico dos queijos e a tradi\u00e7\u00e3o dos vinhos e cacha\u00e7as fazem parte da 8\u00aa edi\u00e7\u00e3o do Connection Terroirs do Brasil, que acontece at\u00e9 s\u00e1bado (31), em Gramado, na Serra Ga\u00facha. A equipe do programa Porteira Aberta Empreender acompanha de perto cada detalhe do evento. Para micro e pequenos empreendedores, essa \u00e9 uma oportunidade de firmar parcerias e conhecer produtos diferenciados, onde o terroir brasileiro \u00e9 celebrado e valorizado. E por falar em valoriza\u00e7\u00e3o, o Sebrae, correalizador do evento, convidou produtores que j\u00e1 receberam a Indica\u00e7\u00e3o Geogr\u00e1fica (IG) \u2014 selo que certifica produtos \u00fanicos, representativos de suas regi\u00f5es, com sabores imposs\u00edveis de serem reproduzidos em qualquer outro lugar. Eles participam do evento para mostrar a for\u00e7a e a identidade de seus produtos. \u201cA gente tem 16 Indica\u00e7\u00f5es Geogr\u00e1ficas, s\u00e3o 16 territ\u00f3rios diferentes, e conseguimos apresentar essa pot\u00eancia para uma cidade tur\u00edstica como Gramado\u201d, afirma Ma\u00edra Santana, gestora de IG do Sebrae Nacional. Para quem gosta de explorar novos sabores, a Alameda Terroir, montada na Rua Coberta, no centro de Gramado, \u00e9 parada obrigat\u00f3ria. O p\u00fablico pode experimentar e comprar caf\u00e9s, queijos, vinhos, mel, cacha\u00e7as e outros produtos \u00fanicos, conhecendo de perto a hist\u00f3ria e o cuidado por tr\u00e1s de cada item. Participe do Porteira Aberta Empreender: envie perguntas, sugest\u00f5es e conte sua hist\u00f3ria de empreendedorismo pelo\u00a0WhatsApp IGs: tradi\u00e7\u00e3o que impulsiona o agro As Indica\u00e7\u00f5es Geogr\u00e1ficas s\u00e3o reconhecidas pelo Instituto Nacional da Propriedade Industrial (INPI) e garantem que produtos t\u00edpicos de certas regi\u00f5es tenham sua origem protegida. Al\u00e9m de manter vivas as tradi\u00e7\u00f5es, elas ajudam os produtores a ganhar competitividade, agregar valor ao que produzem e fortalecer a economia local. Servi\u00e7o Connection Terroirs do Brasil Dias 28 a 31 de maio Gramado (RS) Saiba mais [ad_2] Source link<\/p>\n","protected":false},"author":1,"featured_media":11846,"comment_status":"","ping_status":"open","sticky":false,"template":"","format":"standard","meta":{"_monsterinsights_skip_tracking":false,"_monsterinsights_sitenote_active":false,"_monsterinsights_sitenote_note":"","_monsterinsights_sitenote_category":0,"footnotes":""},"categories":[1],"tags":[],"class_list":["post-11845","post","type-post","status-publish","format-standard","has-post-thumbnail","hentry","category-agronegocio"],"_links":{"self":[{"href":"https:\/\/senhorafrutta.com.br\/index.php\/wp-json\/wp\/v2\/posts\/11845","targetHints":{"allow":["GET"]}}],"collection":[{"href":"https:\/\/senhorafrutta.com.br\/index.php\/wp-json\/wp\/v2\/posts"}],"about":[{"href":"https:\/\/senhorafrutta.com.br\/index.php\/wp-json\/wp\/v2\/types\/post"}],"author":[{"embeddable":true,"href":"https:\/\/senhorafrutta.com.br\/index.php\/wp-json\/wp\/v2\/users\/1"}],"replies":[{"embeddable":true,"href":"https:\/\/senhorafrutta.com.br\/index.php\/wp-json\/wp\/v2\/comments?post=11845"}],"version-history":[{"count":0,"href":"https:\/\/senhorafrutta.com.br\/index.php\/wp-json\/wp\/v2\/posts\/11845\/revisions"}],"wp:featuredmedia":[{"embeddable":true,"href":"https:\/\/senhorafrutta.com.br\/index.php\/wp-json\/wp\/v2\/media\/11846"}],"wp:attachment":[{"href":"https:\/\/senhorafrutta.com.br\/index.php\/wp-json\/wp\/v2\/media?parent=11845"}],"wp:term":[{"taxonomy":"category","embeddable":true,"href":"https:\/\/senhorafrutta.com.br\/index.php\/wp-json\/wp\/v2\/categories?post=11845"},{"taxonomy":"post_tag","embeddable":true,"href":"https:\/\/senhorafrutta.com.br\/index.php\/wp-json\/wp\/v2\/tags?post=11845"}],"curies":[{"name":"wp","href":"https:\/\/api.w.org\/{rel}","templated":true}]}}