{"id":11798,"date":"2025-05-29T02:09:00","date_gmt":"2025-05-29T02:09:00","guid":{"rendered":"https:\/\/senhorafrutta.com.br\/index.php\/2025\/05\/29\/verba-da-prorrogacao-das-dividas-dos-produtores-do-rs-e-confirmada-por-favaro\/"},"modified":"2025-05-29T02:09:00","modified_gmt":"2025-05-29T02:09:00","slug":"verba-da-prorrogacao-das-dividas-dos-produtores-do-rs-e-confirmada-por-favaro","status":"publish","type":"post","link":"https:\/\/senhorafrutta.com.br\/index.php\/2025\/05\/29\/verba-da-prorrogacao-das-dividas-dos-produtores-do-rs-e-confirmada-por-favaro\/","title":{"rendered":"Verba da prorroga\u00e7\u00e3o das d\u00edvidas dos produtores do RS \u00e9 confirmada por F\u00e1varo"},"content":{"rendered":"<p> [ad_1]<br \/>\n<br \/><img decoding=\"async\" src=\"https:\/\/imagens-cdn.canalrural.com.br\/2024\/05\/favaro.jpg\" \/><\/p>\n<div>\n<p>Em audi\u00eancia p\u00fablica na Comiss\u00e3o de Agricultura, Pecu\u00e1ria, Abastecimento e Desenvolvimento Rural da C\u00e2mara dos Deputados nesta quarta-feira (28), o ministro da Agricultura, Carlos F\u00e1varo, informou que o governo ajustou o or\u00e7amento para prorrogar d\u00edvidas dos produtores rurais do Rio Grande do Sul. <\/p>\n<p>Segundo ele, a quest\u00e3o or\u00e7ament\u00e1ria, considerada como entrave para a medida, foi equacionada e o texto est\u00e1 pronto. A previs\u00e3o \u00e9 que reuni\u00e3o extraordin\u00e1ria do Conselho Monet\u00e1rio Nacional (CMN) <strong><a href=\"https:\/\/www.canalrural.com.br\/nacional\/rio-grande-do-sul\/adiamento-de-dividas-de-produtores-gauchos-sera-aprovada-ate-sexta-diz-favaro\/\">vote a resolu\u00e7\u00e3o at\u00e9 a sexta-feira (30)<\/a><\/strong>. O custo para bancar o adiamento dos d\u00e9bitos dos agricultores ga\u00fachos vitimados por estiagens e enchentes ser\u00e1 de R$ 136 milh\u00f5es neste ano.<\/p>\n<p>\u201cTalvez as pessoas se esque\u00e7am de quanto recurso foi liberado no ano passado pelo governo para a reconstru\u00e7\u00e3o do Rio Grande do Sul, em todas as \u00e1reas\u201d, acrescentou Carlos F\u00e1varo quando provocado pelos parlamentares sobre a demora na aprova\u00e7\u00e3o da medida. <\/p>\n<p>De acordo com ele, somente para o setor agropecu\u00e1rio foram liberados mais de R$ 3 bilh\u00f5es para a repactua\u00e7\u00e3o das d\u00edvidas dos produtores com as cooperativas. Contudo, ele reconheceu que as medidas ainda n\u00e3o surtiram todos os efeitos esperados.<\/p>\n<p>Presidente da comiss\u00e3o, o deputado Rodolfo Nogueira (PL-MS) pediu a inclus\u00e3o dos produtores rurais do seu estado na prorroga\u00e7\u00e3o das d\u00edvidas. \u201cN\u00f3s estamos abertos ao di\u00e1logo, mas n\u00e3o temos clima para fazer a repactua\u00e7\u00e3o ampla e irrestrita no Brasil, porque s\u00e3o casos pontuais, mas muito graves, que precisam de a\u00e7\u00e3o\u201d, respondeu o ministro.<\/p>\n<\/div>\n<div>\n<p>F\u00e1varo afirmou que as recupera\u00e7\u00f5es judiciais n\u00e3o podem ser banalizadas para estados que n\u00e3o sofreram adversidades, j\u00e1 que os efeitos voltam ao produtor, por meio de restri\u00e7\u00f5es ao cr\u00e9dito, e n\u00e3o h\u00e1 fonte or\u00e7ament\u00e1ria para isso. <\/p>\n<p>Conforme ele, as medidas de repactua\u00e7\u00e3o de d\u00edvidas previstas para o Rio Grande do Sul podem ser estendidas para estados que efetivamente precisarem.<\/p>\n<h2 class=\"wp-block-heading\" id=\"h-aprovacao-do-fundagro\">Aprova\u00e7\u00e3o do Fundagro<\/h2>\n<p>A deputada Daniela Reinehr (PL-SC), que tamb\u00e9m pediu a audi\u00eancia, solicitou apoio do ministro para a aprova\u00e7\u00e3o do PL 711\/22 , do ex-deputado Jer\u00f4nimo Goergen (RS), que cria o Fundo Nacional de Defesa Agropecu\u00e1ria (Fundagro), para permitir resposta imediata a eventos clim\u00e1ticos ou sanit\u00e1rios extremos, como no caso da gripe avi\u00e1ria no Rio Grande do Sul.<\/p>\n<p>O ministro defendeu a universaliza\u00e7\u00e3o e a reformula\u00e7\u00e3o do seguro rural, para evitar as d\u00edvidas dos produtores por intemp\u00e9ries clim\u00e1ticas. \u201cEu defendo que seja obrigat\u00f3rio para todos os produtores que acessarem o cr\u00e9dito subsidiado. Quem busca recurso com subven\u00e7\u00e3o do governo, que equaliza taxa de juros, que barateia a taxa de juro tem obriga\u00e7\u00e3o de fazer seguro\u201d, afirmou.<\/p>\n<h2 class=\"wp-block-heading\" id=\"h-inflacao-de-alimentos\">Infla\u00e7\u00e3o de alimentos<\/h2>\n<p>No debate, Carlos F\u00e1varo disse tamb\u00e9m que as medidas tomadas pelo governo para conter a infla\u00e7\u00e3o de alimentos foram cautelosas, mas surtiram efeitos. Entre elas, citou a redu\u00e7\u00e3o a zero das tarifas do imposto de importa\u00e7\u00e3o de 11 alimentos, anunciadas em mar\u00e7o.<\/p>\n<p>\u201cO \u00faltimo IPCA-15 [Indice Nacional de Pre\u00e7os ao Consumidor Amplo 15] mostrou o melhor \u00edndice dos \u00faltimos cinco anos, de 0,36%, ainda positivo, mas j\u00e1 numa decrescente. Era mais de 1% ao m\u00eas em abril, agora em maio 0,36%, com destaque para a redu\u00e7\u00e3o do pre\u00e7o do arroz (-4%), frutas (-2%), tomate (-7%), feij\u00e3o preto (-7%) e ovos de galinha (-2%)\u201d, anunciou.<\/p>\n<\/p><\/div>\n<p>[ad_2]<br \/>\n<br \/><a href=\"https:\/\/www.canalrural.com.br\/politica\/verba-da-prorrogacao-das-dividas-dos-produtores-do-rs-e-confirmada-por-favaro\/\">Source link <\/a><\/p>\n","protected":false},"excerpt":{"rendered":"<p>[ad_1] Em audi\u00eancia p\u00fablica na Comiss\u00e3o de Agricultura, Pecu\u00e1ria, Abastecimento e Desenvolvimento Rural da C\u00e2mara dos Deputados nesta quarta-feira (28), o ministro da Agricultura, Carlos F\u00e1varo, informou que o governo ajustou o or\u00e7amento para prorrogar d\u00edvidas dos produtores rurais do Rio Grande do Sul. Segundo ele, a quest\u00e3o or\u00e7ament\u00e1ria, considerada como entrave para a medida, foi equacionada e o texto est\u00e1 pronto. A previs\u00e3o \u00e9 que reuni\u00e3o extraordin\u00e1ria do Conselho Monet\u00e1rio Nacional (CMN) vote a resolu\u00e7\u00e3o at\u00e9 a sexta-feira (30). O custo para bancar o adiamento dos d\u00e9bitos dos agricultores ga\u00fachos vitimados por estiagens e enchentes ser\u00e1 de R$ 136 milh\u00f5es neste ano. \u201cTalvez as pessoas se esque\u00e7am de quanto recurso foi liberado no ano passado pelo governo para a reconstru\u00e7\u00e3o do Rio Grande do Sul, em todas as \u00e1reas\u201d, acrescentou Carlos F\u00e1varo quando provocado pelos parlamentares sobre a demora na aprova\u00e7\u00e3o da medida. De acordo com ele, somente para o setor agropecu\u00e1rio foram liberados mais de R$ 3 bilh\u00f5es para a repactua\u00e7\u00e3o das d\u00edvidas dos produtores com as cooperativas. Contudo, ele reconheceu que as medidas ainda n\u00e3o surtiram todos os efeitos esperados. Presidente da comiss\u00e3o, o deputado Rodolfo Nogueira (PL-MS) pediu a inclus\u00e3o dos produtores rurais do seu estado na prorroga\u00e7\u00e3o das d\u00edvidas. \u201cN\u00f3s estamos abertos ao di\u00e1logo, mas n\u00e3o temos clima para fazer a repactua\u00e7\u00e3o ampla e irrestrita no Brasil, porque s\u00e3o casos pontuais, mas muito graves, que precisam de a\u00e7\u00e3o\u201d, respondeu o ministro. F\u00e1varo afirmou que as recupera\u00e7\u00f5es judiciais n\u00e3o podem ser banalizadas para estados que n\u00e3o sofreram adversidades, j\u00e1 que os efeitos voltam ao produtor, por meio de restri\u00e7\u00f5es ao cr\u00e9dito, e n\u00e3o h\u00e1 fonte or\u00e7ament\u00e1ria para isso. Conforme ele, as medidas de repactua\u00e7\u00e3o de d\u00edvidas previstas para o Rio Grande do Sul podem ser estendidas para estados que efetivamente precisarem. Aprova\u00e7\u00e3o do Fundagro A deputada Daniela Reinehr (PL-SC), que tamb\u00e9m pediu a audi\u00eancia, solicitou apoio do ministro para a aprova\u00e7\u00e3o do PL 711\/22 , do ex-deputado Jer\u00f4nimo Goergen (RS), que cria o Fundo Nacional de Defesa Agropecu\u00e1ria (Fundagro), para permitir resposta imediata a eventos clim\u00e1ticos ou sanit\u00e1rios extremos, como no caso da gripe avi\u00e1ria no Rio Grande do Sul. O ministro defendeu a universaliza\u00e7\u00e3o e a reformula\u00e7\u00e3o do seguro rural, para evitar as d\u00edvidas dos produtores por intemp\u00e9ries clim\u00e1ticas. \u201cEu defendo que seja obrigat\u00f3rio para todos os produtores que acessarem o cr\u00e9dito subsidiado. Quem busca recurso com subven\u00e7\u00e3o do governo, que equaliza taxa de juros, que barateia a taxa de juro tem obriga\u00e7\u00e3o de fazer seguro\u201d, afirmou. Infla\u00e7\u00e3o de alimentos No debate, Carlos F\u00e1varo disse tamb\u00e9m que as medidas tomadas pelo governo para conter a infla\u00e7\u00e3o de alimentos foram cautelosas, mas surtiram efeitos. Entre elas, citou a redu\u00e7\u00e3o a zero das tarifas do imposto de importa\u00e7\u00e3o de 11 alimentos, anunciadas em mar\u00e7o. \u201cO \u00faltimo IPCA-15 [Indice Nacional de Pre\u00e7os ao Consumidor Amplo 15] mostrou o melhor \u00edndice dos \u00faltimos cinco anos, de 0,36%, ainda positivo, mas j\u00e1 numa decrescente. Era mais de 1% ao m\u00eas em abril, agora em maio 0,36%, com destaque para a redu\u00e7\u00e3o do pre\u00e7o do arroz (-4%), frutas (-2%), tomate (-7%), feij\u00e3o preto (-7%) e ovos de galinha (-2%)\u201d, anunciou. [ad_2] Source link<\/p>\n","protected":false},"author":1,"featured_media":9257,"comment_status":"","ping_status":"open","sticky":false,"template":"","format":"standard","meta":{"_monsterinsights_skip_tracking":false,"_monsterinsights_sitenote_active":false,"_monsterinsights_sitenote_note":"","_monsterinsights_sitenote_category":0,"footnotes":""},"categories":[1],"tags":[],"class_list":["post-11798","post","type-post","status-publish","format-standard","has-post-thumbnail","hentry","category-agronegocio"],"_links":{"self":[{"href":"https:\/\/senhorafrutta.com.br\/index.php\/wp-json\/wp\/v2\/posts\/11798","targetHints":{"allow":["GET"]}}],"collection":[{"href":"https:\/\/senhorafrutta.com.br\/index.php\/wp-json\/wp\/v2\/posts"}],"about":[{"href":"https:\/\/senhorafrutta.com.br\/index.php\/wp-json\/wp\/v2\/types\/post"}],"author":[{"embeddable":true,"href":"https:\/\/senhorafrutta.com.br\/index.php\/wp-json\/wp\/v2\/users\/1"}],"replies":[{"embeddable":true,"href":"https:\/\/senhorafrutta.com.br\/index.php\/wp-json\/wp\/v2\/comments?post=11798"}],"version-history":[{"count":0,"href":"https:\/\/senhorafrutta.com.br\/index.php\/wp-json\/wp\/v2\/posts\/11798\/revisions"}],"wp:featuredmedia":[{"embeddable":true,"href":"https:\/\/senhorafrutta.com.br\/index.php\/wp-json\/wp\/v2\/media\/9257"}],"wp:attachment":[{"href":"https:\/\/senhorafrutta.com.br\/index.php\/wp-json\/wp\/v2\/media?parent=11798"}],"wp:term":[{"taxonomy":"category","embeddable":true,"href":"https:\/\/senhorafrutta.com.br\/index.php\/wp-json\/wp\/v2\/categories?post=11798"},{"taxonomy":"post_tag","embeddable":true,"href":"https:\/\/senhorafrutta.com.br\/index.php\/wp-json\/wp\/v2\/tags?post=11798"}],"curies":[{"name":"wp","href":"https:\/\/api.w.org\/{rel}","templated":true}]}}