{"id":11784,"date":"2025-05-28T17:58:54","date_gmt":"2025-05-28T17:58:54","guid":{"rendered":"https:\/\/senhorafrutta.com.br\/index.php\/2025\/05\/28\/impacto-milionario-e-sojicultores-limitados-pela-moratoria-da-soja-assista-ao-video\/"},"modified":"2025-05-28T17:58:54","modified_gmt":"2025-05-28T17:58:54","slug":"impacto-milionario-e-sojicultores-limitados-pela-moratoria-da-soja-assista-ao-video","status":"publish","type":"post","link":"https:\/\/senhorafrutta.com.br\/index.php\/2025\/05\/28\/impacto-milionario-e-sojicultores-limitados-pela-moratoria-da-soja-assista-ao-video\/","title":{"rendered":"Impacto milion\u00e1rio e sojicultores limitados pela Morat\u00f3ria da Soja; assista ao v\u00eddeo"},"content":{"rendered":"<p> [ad_1]<br \/>\n<br \/><img decoding=\"async\" src=\"https:\/\/imagens-cdn.canalrural.com.br\/wp-content\/uploads\/colheita-soja-parana.jpg\" \/><\/p>\n<div>\n<p>A Associa\u00e7\u00e3o dos Produtores de Soja e Milho de Mato Grosso (<a href=\"https:\/\/aprosoja.com.br\/\">Aprosoja-MT<\/a>) intensificou o embate jur\u00eddico contra as tradings signat\u00e1rias da <a href=\"https:\/\/www.canalrural.com.br\/agricultura\/projeto-soja-brasil\/prejuizo-aos-sojicultores-aprosoja-mt-pede-r-11-bilhao-de-indenizacao\/\">Morat\u00f3ria da Soja<\/a> com uma nova a\u00e7\u00e3o. Por meio de uma a\u00e7\u00e3o judicial protocolada na Vara Especializada em A\u00e7\u00f5es Coletivas de Cuiab\u00e1, a entidade exige R$ 1,1 bilh\u00e3o em indeniza\u00e7\u00f5es por danos morais coletivos. Para o presidente da Aprosoja-MT, Lucas Beber, a Morat\u00f3ria da Soja representa uma interfer\u00eancia indevida na atividade econ\u00f4mica e na liberdade de escolha dos sojicultores.<\/p>\n<ul class=\"wp-block-list\">\n<li><strong><em>Fique por dentro das novidades e not\u00edcias recentes sobre a soja! Participe da nossa comunidade atrav\u00e9s do\u00a0<a href=\"https:\/\/chat.whatsapp.com\/BmMRwA0TZ2DHGyhzoaVEWu\">link<\/a><\/em><\/strong>!<\/li>\n<\/ul>\n<p>Beber argumenta que, ao longo de quase duas d\u00e9cadas, empresas impuseram restri\u00e7\u00f5es \u00e0 atua\u00e7\u00e3o dos agricultores, o que limita o direito de cultivo, mesmo em propriedades legalmente estabelecidas ou em processo de regulariza\u00e7\u00e3o fundi\u00e1ria. Segundo ele, a pol\u00edtica de bloqueio, que visa impedir a comercializa\u00e7\u00e3o de soja de \u00e1reas desmatadas ap\u00f3s 2008, tem gerado s\u00e9rios impactos na economia e competitividade do estado de Mato Grosso.<\/p>\n<\/div>\n<div>\n<p>\u201cAo longo desses anos, empresas privadas impuseram restri\u00e7\u00f5es \u00e0 atua\u00e7\u00e3o dos sojicultores e agricultores, com limite direito de cultivo, mesmo em propriedades legalmente estabelecidas ou em processo de regulariza\u00e7\u00e3o\u201d, comenta o presidente. Ele refor\u00e7a que a a\u00e7\u00e3o judicial visa reparar os preju\u00edzos econ\u00f4micos e os danos morais e sociais causados \u00e0s fam\u00edlias que dependem da produ\u00e7\u00e3o agr\u00edcola.<\/p>\n<figure class=\"wp-block-video\"><video controls=\"\" src=\"https:\/\/imagens-cdn.canalrural.com.br\/2025\/05\/WhatsApp-Video-2025-05-28-at-13.42.04.mp4\" class=\"mcloud-attachment-4103022\"\/><figcaption class=\"wp-element-caption\">Lucas Beber, presidente da Aprosoja MT <\/figcaption><\/figure>\n<p>O valor de R$ 1,1 bilh\u00e3o solicitado refere-se aos danos morais e \u00e9 baseado em uma estimativa das perdas econ\u00f4micas acumuladas ao longo de quase duas d\u00e9cadas, per\u00edodo em que o acordo tem impactado na comercializa\u00e7\u00e3o da soja em Mato Grosso. Al\u00e9m disso, outras a\u00e7\u00f5es est\u00e3o sendo preparadas para reivindicar as perdas materiais sofridas pelos produtores ao longo dos anos. A a\u00e7\u00e3o destaca que a morat\u00f3ria afeta diretamente 2,7 milh\u00f5es de hectares e 85 munic\u00edpios no estado e bloqueia a comercializa\u00e7\u00e3o da soja em \u00e1reas legalizadas.<\/p>\n<p>Lucas Beber acrescenta que a entidade tamb\u00e9m protocolou duas den\u00fancias no Conselho Administrativo de Defesa Econ\u00f4mica (Cade) e que, caso o parecer seja favor\u00e1vel, a Morat\u00f3ria da Soja poder\u00e1 ser encerrada, com a aplica\u00e7\u00e3o de multas aos respons\u00e1veis. \u201d\u00c9 a a\u00e7\u00e3o que busca efetivamente a repara\u00e7\u00e3o das perdas acumuladas pelos produtores ao longo dos anos\u201d, conclui.<\/p>\n<\/p><\/div>\n<p>[ad_2]<br \/>\n<br \/><a href=\"https:\/\/www.canalrural.com.br\/agricultura\/projeto-soja-brasil\/impacto-milionario-e-sojicultores-limitados-pela-moratoria-da-soja-assista-ao-video\/\">Source link <\/a><\/p>\n","protected":false},"excerpt":{"rendered":"<p>[ad_1] A Associa\u00e7\u00e3o dos Produtores de Soja e Milho de Mato Grosso (Aprosoja-MT) intensificou o embate jur\u00eddico contra as tradings signat\u00e1rias da Morat\u00f3ria da Soja com uma nova a\u00e7\u00e3o. Por meio de uma a\u00e7\u00e3o judicial protocolada na Vara Especializada em A\u00e7\u00f5es Coletivas de Cuiab\u00e1, a entidade exige R$ 1,1 bilh\u00e3o em indeniza\u00e7\u00f5es por danos morais coletivos. Para o presidente da Aprosoja-MT, Lucas Beber, a Morat\u00f3ria da Soja representa uma interfer\u00eancia indevida na atividade econ\u00f4mica e na liberdade de escolha dos sojicultores. Fique por dentro das novidades e not\u00edcias recentes sobre a soja! Participe da nossa comunidade atrav\u00e9s do\u00a0link! Beber argumenta que, ao longo de quase duas d\u00e9cadas, empresas impuseram restri\u00e7\u00f5es \u00e0 atua\u00e7\u00e3o dos agricultores, o que limita o direito de cultivo, mesmo em propriedades legalmente estabelecidas ou em processo de regulariza\u00e7\u00e3o fundi\u00e1ria. Segundo ele, a pol\u00edtica de bloqueio, que visa impedir a comercializa\u00e7\u00e3o de soja de \u00e1reas desmatadas ap\u00f3s 2008, tem gerado s\u00e9rios impactos na economia e competitividade do estado de Mato Grosso. \u201cAo longo desses anos, empresas privadas impuseram restri\u00e7\u00f5es \u00e0 atua\u00e7\u00e3o dos sojicultores e agricultores, com limite direito de cultivo, mesmo em propriedades legalmente estabelecidas ou em processo de regulariza\u00e7\u00e3o\u201d, comenta o presidente. Ele refor\u00e7a que a a\u00e7\u00e3o judicial visa reparar os preju\u00edzos econ\u00f4micos e os danos morais e sociais causados \u00e0s fam\u00edlias que dependem da produ\u00e7\u00e3o agr\u00edcola. Lucas Beber, presidente da Aprosoja MT O valor de R$ 1,1 bilh\u00e3o solicitado refere-se aos danos morais e \u00e9 baseado em uma estimativa das perdas econ\u00f4micas acumuladas ao longo de quase duas d\u00e9cadas, per\u00edodo em que o acordo tem impactado na comercializa\u00e7\u00e3o da soja em Mato Grosso. Al\u00e9m disso, outras a\u00e7\u00f5es est\u00e3o sendo preparadas para reivindicar as perdas materiais sofridas pelos produtores ao longo dos anos. A a\u00e7\u00e3o destaca que a morat\u00f3ria afeta diretamente 2,7 milh\u00f5es de hectares e 85 munic\u00edpios no estado e bloqueia a comercializa\u00e7\u00e3o da soja em \u00e1reas legalizadas. Lucas Beber acrescenta que a entidade tamb\u00e9m protocolou duas den\u00fancias no Conselho Administrativo de Defesa Econ\u00f4mica (Cade) e que, caso o parecer seja favor\u00e1vel, a Morat\u00f3ria da Soja poder\u00e1 ser encerrada, com a aplica\u00e7\u00e3o de multas aos respons\u00e1veis. \u201d\u00c9 a a\u00e7\u00e3o que busca efetivamente a repara\u00e7\u00e3o das perdas acumuladas pelos produtores ao longo dos anos\u201d, conclui. [ad_2] Source link<\/p>\n","protected":false},"author":1,"featured_media":11785,"comment_status":"","ping_status":"open","sticky":false,"template":"","format":"standard","meta":{"_monsterinsights_skip_tracking":false,"_monsterinsights_sitenote_active":false,"_monsterinsights_sitenote_note":"","_monsterinsights_sitenote_category":0,"footnotes":""},"categories":[1],"tags":[],"class_list":["post-11784","post","type-post","status-publish","format-standard","has-post-thumbnail","hentry","category-agronegocio"],"_links":{"self":[{"href":"https:\/\/senhorafrutta.com.br\/index.php\/wp-json\/wp\/v2\/posts\/11784","targetHints":{"allow":["GET"]}}],"collection":[{"href":"https:\/\/senhorafrutta.com.br\/index.php\/wp-json\/wp\/v2\/posts"}],"about":[{"href":"https:\/\/senhorafrutta.com.br\/index.php\/wp-json\/wp\/v2\/types\/post"}],"author":[{"embeddable":true,"href":"https:\/\/senhorafrutta.com.br\/index.php\/wp-json\/wp\/v2\/users\/1"}],"replies":[{"embeddable":true,"href":"https:\/\/senhorafrutta.com.br\/index.php\/wp-json\/wp\/v2\/comments?post=11784"}],"version-history":[{"count":0,"href":"https:\/\/senhorafrutta.com.br\/index.php\/wp-json\/wp\/v2\/posts\/11784\/revisions"}],"wp:featuredmedia":[{"embeddable":true,"href":"https:\/\/senhorafrutta.com.br\/index.php\/wp-json\/wp\/v2\/media\/11785"}],"wp:attachment":[{"href":"https:\/\/senhorafrutta.com.br\/index.php\/wp-json\/wp\/v2\/media?parent=11784"}],"wp:term":[{"taxonomy":"category","embeddable":true,"href":"https:\/\/senhorafrutta.com.br\/index.php\/wp-json\/wp\/v2\/categories?post=11784"},{"taxonomy":"post_tag","embeddable":true,"href":"https:\/\/senhorafrutta.com.br\/index.php\/wp-json\/wp\/v2\/tags?post=11784"}],"curies":[{"name":"wp","href":"https:\/\/api.w.org\/{rel}","templated":true}]}}