{"id":11775,"date":"2025-05-28T12:47:29","date_gmt":"2025-05-28T12:47:29","guid":{"rendered":"https:\/\/senhorafrutta.com.br\/index.php\/2025\/05\/28\/exportacoes-de-carne-de-frango-de-todo-o-pais-estao-suspensas-para-24-mercados-diz-favaro\/"},"modified":"2025-05-28T12:47:29","modified_gmt":"2025-05-28T12:47:29","slug":"exportacoes-de-carne-de-frango-de-todo-o-pais-estao-suspensas-para-24-mercados-diz-favaro","status":"publish","type":"post","link":"https:\/\/senhorafrutta.com.br\/index.php\/2025\/05\/28\/exportacoes-de-carne-de-frango-de-todo-o-pais-estao-suspensas-para-24-mercados-diz-favaro\/","title":{"rendered":"Exporta\u00e7\u00f5es de carne de frango de todo o pa\u00eds est\u00e3o suspensas para 24 mercados, diz F\u00e1varo"},"content":{"rendered":"<p> [ad_1]<br \/>\n<br \/><img decoding=\"async\" src=\"https:\/\/imagens-cdn.canalrural.com.br\/wp-content\/uploads\/IMG_1131.jpg\" \/><\/p>\n<div>\n<p>O ministro da Agricultura, Carlos F\u00e1varo, afirmou que as exporta\u00e7\u00f5es de carne de frango de todo o Brasil est\u00e3o suspensas para 24 destinos, enquanto outros 13 suspenderam as importa\u00e7\u00f5es de frango proveniente do <strong><a href=\"https:\/\/www.canalrural.com.br\/nacional\/rio-grande-do-sul\/\">Rio Grande do Sul<\/a><\/strong> e outros restringiram as compras de um raio de 10 km do foco onde a gripe avi\u00e1ria foi detectada. <\/p>\n<p>\u201cAs medidas de embargos s\u00e3o fruto de protocolos estabelecidos nas aberturas de mercados. De 160 pa\u00edses que o Brasil tem rela\u00e7\u00e3o comercial, 128 mercados continuam plenamente abertos e sem restri\u00e7\u00f5es nem para o Rio Grande do Sul\u201d, disse F\u00e1varo, nesta ter\u00e7a-feira (27), durante audi\u00eancia p\u00fablica da Comiss\u00e3o de Agricultura e Reforma Agr\u00e1ria do Senado. <\/p>\n<p>\u201cA imensa maioria dos pa\u00edses n\u00e3o se manifestou contr\u00e1ria \u00e0s exporta\u00e7\u00f5es do frango brasileiro e reconheceu a for\u00e7a do sistema brasileiro\u201d, acrescentou o ministro.<\/p>\n<\/div>\n<div>\n<p>As suspens\u00f5es das importa\u00e7\u00f5es de frango brasileiro ocorrem ap\u00f3s a confirma\u00e7\u00e3o de um caso de gripe avi\u00e1ria em granja comercial em Montenegro (RS), em 15 de maio. As suspens\u00f5es tempor\u00e1rias e cautelares de compras de frango brasileiro de todo o territ\u00f3rio brasileiro, do estado do Rio Grande do Sul, do munic\u00edpio de Montenegro ou do raio de 10 km de onde o foco foi detectado est\u00e3o previstas no protocolo sanit\u00e1rio acordado com o Brasil e os pa\u00edses importadores.<\/p>\n<p>O ministro afirmou que a pasta est\u00e1 buscando a revis\u00e3o dos protocolos para regionaliza\u00e7\u00e3o das restri\u00e7\u00f5es dos embarques em caso de doen\u00e7as sanit\u00e1rias, citando o acordo firmado com o Jap\u00e3o para regionaliza\u00e7\u00e3o do protocolo. <\/p>\n<p>\u201cEstamos prestando informa\u00e7\u00f5es a todos os pa\u00edses. Agora temos de ter a paci\u00eancia de passar pelos 22 dias finais do vazio sanit\u00e1rio para que possamos anunciar o Brasil livre de gripe avi\u00e1ria e avan\u00e7ar na repactua\u00e7\u00e3o com todos os pa\u00edses que restringiram\u201d, disse o ministro. \u201cAt\u00e9 l\u00e1 n\u00e3o \u00e9 recomend\u00e1vel que fiquemos pedindo a regionaliza\u00e7\u00e3o aos pa\u00edses\u201d, afirmou F\u00e1varo.<\/p>\n<p>Entre os pa\u00edses importadores, o Brasil negocia a regionaliza\u00e7\u00e3o dos embarques com a Coreia do Sul. As tratativas est\u00e3o em andamento. \u201c\u00c9 uma livre iniciativa da Coreia do Sul\u201d, pontuou.<\/p>\n<p>Sobre os impactos comerciais das suspens\u00f5es \u00e0s exporta\u00e7\u00f5es, o ministro afirmou que n\u00e3o s\u00e3o \u201calarmantes\u201d, j\u00e1 que o pa\u00eds exporta cerca de 30% do que produz e 70% \u00e9 destinado ao mercado dom\u00e9stico. \u201cHaver\u00e1 um direcionamento para o mercado interno, mas n\u00e3o \u00e9 alarmante\u201d, observou o ministro.<\/p>\n<\/p><\/div>\n<p>[ad_2]<br \/>\n<br \/><a href=\"https:\/\/www.canalrural.com.br\/aves-e-suinos\/exportacoes-de-carne-de-frango-de-todo-o-pais-estao-suspensas-para-24-mercados-diz-favaro\/\">Source link <\/a><\/p>\n","protected":false},"excerpt":{"rendered":"<p>[ad_1] O ministro da Agricultura, Carlos F\u00e1varo, afirmou que as exporta\u00e7\u00f5es de carne de frango de todo o Brasil est\u00e3o suspensas para 24 destinos, enquanto outros 13 suspenderam as importa\u00e7\u00f5es de frango proveniente do Rio Grande do Sul e outros restringiram as compras de um raio de 10 km do foco onde a gripe avi\u00e1ria foi detectada. \u201cAs medidas de embargos s\u00e3o fruto de protocolos estabelecidos nas aberturas de mercados. De 160 pa\u00edses que o Brasil tem rela\u00e7\u00e3o comercial, 128 mercados continuam plenamente abertos e sem restri\u00e7\u00f5es nem para o Rio Grande do Sul\u201d, disse F\u00e1varo, nesta ter\u00e7a-feira (27), durante audi\u00eancia p\u00fablica da Comiss\u00e3o de Agricultura e Reforma Agr\u00e1ria do Senado. \u201cA imensa maioria dos pa\u00edses n\u00e3o se manifestou contr\u00e1ria \u00e0s exporta\u00e7\u00f5es do frango brasileiro e reconheceu a for\u00e7a do sistema brasileiro\u201d, acrescentou o ministro. As suspens\u00f5es das importa\u00e7\u00f5es de frango brasileiro ocorrem ap\u00f3s a confirma\u00e7\u00e3o de um caso de gripe avi\u00e1ria em granja comercial em Montenegro (RS), em 15 de maio. As suspens\u00f5es tempor\u00e1rias e cautelares de compras de frango brasileiro de todo o territ\u00f3rio brasileiro, do estado do Rio Grande do Sul, do munic\u00edpio de Montenegro ou do raio de 10 km de onde o foco foi detectado est\u00e3o previstas no protocolo sanit\u00e1rio acordado com o Brasil e os pa\u00edses importadores. O ministro afirmou que a pasta est\u00e1 buscando a revis\u00e3o dos protocolos para regionaliza\u00e7\u00e3o das restri\u00e7\u00f5es dos embarques em caso de doen\u00e7as sanit\u00e1rias, citando o acordo firmado com o Jap\u00e3o para regionaliza\u00e7\u00e3o do protocolo. \u201cEstamos prestando informa\u00e7\u00f5es a todos os pa\u00edses. Agora temos de ter a paci\u00eancia de passar pelos 22 dias finais do vazio sanit\u00e1rio para que possamos anunciar o Brasil livre de gripe avi\u00e1ria e avan\u00e7ar na repactua\u00e7\u00e3o com todos os pa\u00edses que restringiram\u201d, disse o ministro. \u201cAt\u00e9 l\u00e1 n\u00e3o \u00e9 recomend\u00e1vel que fiquemos pedindo a regionaliza\u00e7\u00e3o aos pa\u00edses\u201d, afirmou F\u00e1varo. Entre os pa\u00edses importadores, o Brasil negocia a regionaliza\u00e7\u00e3o dos embarques com a Coreia do Sul. As tratativas est\u00e3o em andamento. \u201c\u00c9 uma livre iniciativa da Coreia do Sul\u201d, pontuou. Sobre os impactos comerciais das suspens\u00f5es \u00e0s exporta\u00e7\u00f5es, o ministro afirmou que n\u00e3o s\u00e3o \u201calarmantes\u201d, j\u00e1 que o pa\u00eds exporta cerca de 30% do que produz e 70% \u00e9 destinado ao mercado dom\u00e9stico. \u201cHaver\u00e1 um direcionamento para o mercado interno, mas n\u00e3o \u00e9 alarmante\u201d, observou o ministro. [ad_2] Source link<\/p>\n","protected":false},"author":1,"featured_media":11776,"comment_status":"","ping_status":"open","sticky":false,"template":"","format":"standard","meta":{"_monsterinsights_skip_tracking":false,"_monsterinsights_sitenote_active":false,"_monsterinsights_sitenote_note":"","_monsterinsights_sitenote_category":0,"footnotes":""},"categories":[1],"tags":[],"class_list":["post-11775","post","type-post","status-publish","format-standard","has-post-thumbnail","hentry","category-agronegocio"],"_links":{"self":[{"href":"https:\/\/senhorafrutta.com.br\/index.php\/wp-json\/wp\/v2\/posts\/11775","targetHints":{"allow":["GET"]}}],"collection":[{"href":"https:\/\/senhorafrutta.com.br\/index.php\/wp-json\/wp\/v2\/posts"}],"about":[{"href":"https:\/\/senhorafrutta.com.br\/index.php\/wp-json\/wp\/v2\/types\/post"}],"author":[{"embeddable":true,"href":"https:\/\/senhorafrutta.com.br\/index.php\/wp-json\/wp\/v2\/users\/1"}],"replies":[{"embeddable":true,"href":"https:\/\/senhorafrutta.com.br\/index.php\/wp-json\/wp\/v2\/comments?post=11775"}],"version-history":[{"count":0,"href":"https:\/\/senhorafrutta.com.br\/index.php\/wp-json\/wp\/v2\/posts\/11775\/revisions"}],"wp:featuredmedia":[{"embeddable":true,"href":"https:\/\/senhorafrutta.com.br\/index.php\/wp-json\/wp\/v2\/media\/11776"}],"wp:attachment":[{"href":"https:\/\/senhorafrutta.com.br\/index.php\/wp-json\/wp\/v2\/media?parent=11775"}],"wp:term":[{"taxonomy":"category","embeddable":true,"href":"https:\/\/senhorafrutta.com.br\/index.php\/wp-json\/wp\/v2\/categories?post=11775"},{"taxonomy":"post_tag","embeddable":true,"href":"https:\/\/senhorafrutta.com.br\/index.php\/wp-json\/wp\/v2\/tags?post=11775"}],"curies":[{"name":"wp","href":"https:\/\/api.w.org\/{rel}","templated":true}]}}