{"id":11773,"date":"2025-05-28T08:40:16","date_gmt":"2025-05-28T08:40:16","guid":{"rendered":"https:\/\/senhorafrutta.com.br\/index.php\/2025\/05\/28\/frente-fria-pega-em-cheio-11-estados-e-leva-temporais-generalizados\/"},"modified":"2025-05-28T08:40:16","modified_gmt":"2025-05-28T08:40:16","slug":"frente-fria-pega-em-cheio-11-estados-e-leva-temporais-generalizados","status":"publish","type":"post","link":"https:\/\/senhorafrutta.com.br\/index.php\/2025\/05\/28\/frente-fria-pega-em-cheio-11-estados-e-leva-temporais-generalizados\/","title":{"rendered":"Frente fria pega em cheio 11 estados e leva temporais generalizados"},"content":{"rendered":"<p> [ad_1]<br \/>\n<br \/><img decoding=\"async\" src=\"https:\/\/imagens-cdn.canalrural.com.br\/wp-content\/uploads\/ciclone-agencia-brasil.jpg\" \/><\/p>\n<div>\n<p>A t\u00e3o aguardada \u2013 e temida \u2013 frente fria come\u00e7a para valer nesta quarta-feira. Com isso, estados do Sul, Sudeste, Centro-Oeste e do Norte ser\u00e3o fortemente afetados com chuva forte, ventania e queda de temperaturas. Confira a previs\u00e3o de hoje:<\/p>\n<div data-icp-cta=\"1\" id=\"icp-cta-unique\">Voc\u00ea quer entender como usar o clima a seu favor?<b> <\/b><a href=\"https:\/\/climacampo.canalrural.com.br\/climacampo_-01\">Preparamos um e-book exclusivo<\/a> para ajudar produtores rurais a se antecipar \u00e0s mudan\u00e7as do tempo e planejar melhor suas a\u00e7\u00f5es. Com base em previs\u00f5es meteorol\u00f3gicas confi\u00e1veis, ele oferece orienta\u00e7\u00f5es pr\u00e1ticas para proteger sua lavoura e otimizar seus resultados.<\/div>\n<h2 class=\"wp-block-heading\" id=\"h-sul\">Sul<\/h2>\n<p>A frente fria ainda se desloca sobre parte da Regi\u00e3o Sul e as instabilidades atuam durante a madrugada nos tr\u00eas estados. Destaque para a condi\u00e7\u00e3o de chuva mais forte entre o oeste paranaense e catarinense. Risco elevado para temporais, seguidos de fortes ventos e raios, ainda nas primeiras horas do dia. No <strong><a href=\"https:\/\/www.canalrural.com.br\/nacional\/rio-grande-do-sul\/\">Rio Grande do Sul<\/a><\/strong>, a chuva se concentra principalmente na manh\u00e3 e, ao longo do dia, vai gradativamente perdendo for\u00e7a.<\/p>\n<\/div>\n<div>\n<h2 class=\"wp-block-heading\" id=\"h-sudeste\">Sudeste<\/h2>\n<p>O dia marca a chegada da frente fria sobre S\u00e3o Paulo. Ainda pela manh\u00e3, as instabilidades associadas ao sistema alcan\u00e7am para o oeste paulista e se espalham para as demais regi\u00f5es do estado ao longo do dia. S\u00e3o esperadas rajadas de vento mais fortes entre S\u00e3o Paulo, Minas Gerais e Rio de Janeiro, que podem ultrapassar os 70 km\/h. Entre os territ\u00f3rios mineiro e fluminense, ainda n\u00e3o h\u00e1 previs\u00e3o de chuva. J\u00e1 no Esp\u00edrito Santo, a entrada de ventos mar\u00edtimos ainda favorece pancadas isoladas.<\/p>\n<h2 class=\"wp-block-heading\" id=\"h-centro-oeste\">Centro-Oeste<\/h2>\n<p>A frente fria se desloca sobre a regi\u00e3o e muda o tempo em Mato Grosso do Sul, Mato Grosso e parte de Goi\u00e1s. Ainda durante a noite, s\u00e3o esperadas pancadas de chuva mais fortes, com possibilidade de temporais generalizados com raios, ventos fortes e poss\u00edvel queda de granizo. No <strong><a href=\"https:\/\/www.canalrural.com.br\/nacional\/brasilia\/\">Distrito Federal<\/a><\/strong> n\u00e3o chove e o calor ganha for\u00e7a.<\/p>\n<h2 class=\"wp-block-heading\" id=\"h-nordeste\">Nordeste<\/h2>\n<p>O refor\u00e7o dos ventos \u00famidos vindos do oceano aumenta a chuva na costa leste. Espera-se chuva mais forte entre o litoral da <strong><a href=\"https:\/\/www.canalrural.com.br\/nacional\/bahia\/\">Bahia<\/a><\/strong> e do Rio Grande do Norte. Pode chover de forma isolada tamb\u00e9m no litoral do Maranh\u00e3o. Sert\u00e3o e agreste seguem com tempo firme.<\/p>\n<h2 class=\"wp-block-heading\" id=\"h-norte\">Norte<\/h2>\n<p>O avan\u00e7o da frente fria, com caracter\u00edstica mais continental, refor\u00e7a as instabilidades entre o Acre e Rond\u00f4nia. Risco de temporais com raios nas primeiras horas do dia. Ap\u00f3s o avan\u00e7o do sistema, h\u00e1 possibilidade de friagem em parte da regi\u00e3o. Amazonas, Roraima e Amap\u00e1 seguem com tempo bastante inst\u00e1vel, com temporais mais fortes \u00e0 tarde.<\/p>\n<\/p><\/div>\n<p>[ad_2]<br \/>\n<br \/><a href=\"https:\/\/www.canalrural.com.br\/tempo\/frente-fria-pega-em-cheio-11-estados-e-leva-temporais-generalizados\/\">Source link <\/a><\/p>\n","protected":false},"excerpt":{"rendered":"<p>[ad_1] A t\u00e3o aguardada \u2013 e temida \u2013 frente fria come\u00e7a para valer nesta quarta-feira. Com isso, estados do Sul, Sudeste, Centro-Oeste e do Norte ser\u00e3o fortemente afetados com chuva forte, ventania e queda de temperaturas. Confira a previs\u00e3o de hoje: Voc\u00ea quer entender como usar o clima a seu favor? Preparamos um e-book exclusivo para ajudar produtores rurais a se antecipar \u00e0s mudan\u00e7as do tempo e planejar melhor suas a\u00e7\u00f5es. Com base em previs\u00f5es meteorol\u00f3gicas confi\u00e1veis, ele oferece orienta\u00e7\u00f5es pr\u00e1ticas para proteger sua lavoura e otimizar seus resultados. Sul A frente fria ainda se desloca sobre parte da Regi\u00e3o Sul e as instabilidades atuam durante a madrugada nos tr\u00eas estados. Destaque para a condi\u00e7\u00e3o de chuva mais forte entre o oeste paranaense e catarinense. Risco elevado para temporais, seguidos de fortes ventos e raios, ainda nas primeiras horas do dia. No Rio Grande do Sul, a chuva se concentra principalmente na manh\u00e3 e, ao longo do dia, vai gradativamente perdendo for\u00e7a. Sudeste O dia marca a chegada da frente fria sobre S\u00e3o Paulo. Ainda pela manh\u00e3, as instabilidades associadas ao sistema alcan\u00e7am para o oeste paulista e se espalham para as demais regi\u00f5es do estado ao longo do dia. S\u00e3o esperadas rajadas de vento mais fortes entre S\u00e3o Paulo, Minas Gerais e Rio de Janeiro, que podem ultrapassar os 70 km\/h. Entre os territ\u00f3rios mineiro e fluminense, ainda n\u00e3o h\u00e1 previs\u00e3o de chuva. J\u00e1 no Esp\u00edrito Santo, a entrada de ventos mar\u00edtimos ainda favorece pancadas isoladas. Centro-Oeste A frente fria se desloca sobre a regi\u00e3o e muda o tempo em Mato Grosso do Sul, Mato Grosso e parte de Goi\u00e1s. Ainda durante a noite, s\u00e3o esperadas pancadas de chuva mais fortes, com possibilidade de temporais generalizados com raios, ventos fortes e poss\u00edvel queda de granizo. No Distrito Federal n\u00e3o chove e o calor ganha for\u00e7a. Nordeste O refor\u00e7o dos ventos \u00famidos vindos do oceano aumenta a chuva na costa leste. Espera-se chuva mais forte entre o litoral da Bahia e do Rio Grande do Norte. Pode chover de forma isolada tamb\u00e9m no litoral do Maranh\u00e3o. Sert\u00e3o e agreste seguem com tempo firme. Norte O avan\u00e7o da frente fria, com caracter\u00edstica mais continental, refor\u00e7a as instabilidades entre o Acre e Rond\u00f4nia. Risco de temporais com raios nas primeiras horas do dia. Ap\u00f3s o avan\u00e7o do sistema, h\u00e1 possibilidade de friagem em parte da regi\u00e3o. Amazonas, Roraima e Amap\u00e1 seguem com tempo bastante inst\u00e1vel, com temporais mais fortes \u00e0 tarde. [ad_2] Source link<\/p>\n","protected":false},"author":1,"featured_media":9475,"comment_status":"","ping_status":"open","sticky":false,"template":"","format":"standard","meta":{"_monsterinsights_skip_tracking":false,"_monsterinsights_sitenote_active":false,"_monsterinsights_sitenote_note":"","_monsterinsights_sitenote_category":0,"footnotes":""},"categories":[1],"tags":[],"class_list":["post-11773","post","type-post","status-publish","format-standard","has-post-thumbnail","hentry","category-agronegocio"],"_links":{"self":[{"href":"https:\/\/senhorafrutta.com.br\/index.php\/wp-json\/wp\/v2\/posts\/11773","targetHints":{"allow":["GET"]}}],"collection":[{"href":"https:\/\/senhorafrutta.com.br\/index.php\/wp-json\/wp\/v2\/posts"}],"about":[{"href":"https:\/\/senhorafrutta.com.br\/index.php\/wp-json\/wp\/v2\/types\/post"}],"author":[{"embeddable":true,"href":"https:\/\/senhorafrutta.com.br\/index.php\/wp-json\/wp\/v2\/users\/1"}],"replies":[{"embeddable":true,"href":"https:\/\/senhorafrutta.com.br\/index.php\/wp-json\/wp\/v2\/comments?post=11773"}],"version-history":[{"count":0,"href":"https:\/\/senhorafrutta.com.br\/index.php\/wp-json\/wp\/v2\/posts\/11773\/revisions"}],"wp:featuredmedia":[{"embeddable":true,"href":"https:\/\/senhorafrutta.com.br\/index.php\/wp-json\/wp\/v2\/media\/9475"}],"wp:attachment":[{"href":"https:\/\/senhorafrutta.com.br\/index.php\/wp-json\/wp\/v2\/media?parent=11773"}],"wp:term":[{"taxonomy":"category","embeddable":true,"href":"https:\/\/senhorafrutta.com.br\/index.php\/wp-json\/wp\/v2\/categories?post=11773"},{"taxonomy":"post_tag","embeddable":true,"href":"https:\/\/senhorafrutta.com.br\/index.php\/wp-json\/wp\/v2\/tags?post=11773"}],"curies":[{"name":"wp","href":"https:\/\/api.w.org\/{rel}","templated":true}]}}