{"id":1177,"date":"2024-08-10T16:00:20","date_gmt":"2024-08-10T16:00:20","guid":{"rendered":"https:\/\/senhorafrutta.com.br\/index.php\/2024\/08\/10\/confira-lista-atualizada-com-nomes-dos-58-passageiros-e-4-tripulantes\/"},"modified":"2024-08-10T16:00:20","modified_gmt":"2024-08-10T16:00:20","slug":"confira-lista-atualizada-com-nomes-dos-58-passageiros-e-4-tripulantes","status":"publish","type":"post","link":"https:\/\/senhorafrutta.com.br\/index.php\/2024\/08\/10\/confira-lista-atualizada-com-nomes-dos-58-passageiros-e-4-tripulantes\/","title":{"rendered":"Confira lista atualizada com nomes dos 58 passageiros e 4 tripulantes"},"content":{"rendered":"<div>Foto: Paulo Pinto\/Ag\u00eancia Brasil<\/div>\n<p>A Voepass Linhas A\u00e9reas retificou na manh\u00e3 deste s\u00e1bado (10) a lista contendo o nome dos 58 passageiros e 4 tripulantes que estavam no voo 2283, operado pela <a href=\"https:\/\/www.canalrural.com.br\/tag\/acidente-aereo\/\">aeronave turboh\u00e9lice ATR-72, de Cascavel (PR) \u00e0 Guarulhos (SP), que caiu no in\u00edcio da tarde desta sexta-feira (9)<\/a>. <\/p>\n<p><em>Confira na palma da m\u00e3o informa\u00e7\u00f5es quentes sobre agricultura, pecu\u00e1ria, economia e previs\u00e3o do tempo: <\/em><a href=\"https:\/\/www.whatsapp.com\/channel\/0029Va9VnZxGk1FplZjiW43k\"><strong>siga o Canal Rural no WhatsApp<\/strong><\/a>!<\/p>\n<p>O nome de Constantino Th\u00e9 Maia n\u00e3o estava na lista de passageiros embarcados divulgada inicialmente. Segundo a Voepass, a aus\u00eancia do nome ocorreu por uma quest\u00e3o t\u00e9cnica identificada pela companhia referente \u00e0s valida\u00e7\u00f5es de\u00a0<em>check-in<\/em>, valida\u00e7\u00e3o do\u00a0<em>boarding<\/em>\u00a0e contagem de passageiros embarcados.<\/p>\n<p>Passageiros do voo 2283\u00a0<\/p>\n<p>CONSTANTINO TH\u00c9 MAIA<\/p>\n<p>\u00a0ROSANGELA SOUZA\u00a0<\/p>\n<p>\u00a0ELIANE ANDRADE FREIRE\u00a0<\/p>\n<p>LUCIANI CAVALCANTI\u00a0<\/p>\n<p>JOSE FER\u00a0<\/p>\n<p>DENILDA ACORDI\u00a0<\/p>\n<p>MARIA AUXILIADORA VAZ DE ARRUDA\u00a0<\/p>\n<p>JOSE CLOVES ARRUDA\u00a0<\/p>\n<p>NELVIO JOSE HUBNER\u00a0<\/p>\n<p>GRACINDA MARINA CASTELO DA SILVA\u00a0<\/p>\n<p>RONALDO CAVALIERE\u00a0<\/p>\n<p>SILVIACRISTINA OSAKI\u00a0<\/p>\n<p>WLISSES OLIVEIRA\u00a0<\/p>\n<p>HIALESCARPINE FODRA\u00a0<\/p>\n<p>DANIELA SCHULZ FODRA\u00a0<\/p>\n<p>REGICLAUDIO FREITAS\u00a0<\/p>\n<p>SIMONEMIRIAN RIZENTAL\u00a0<\/p>\n<p>JOSGLEIDYS GONZALEZ\u00a0<\/p>\n<p>MARIA PARRA\u00a0<\/p>\n<p>JOSLAN PEREZ\u00a0<\/p>\n<p>MAURO BEDIN\u00a0<\/p>\n<p>ROSANGELAMARIA DEOLIVEIRA\u00a0<\/p>\n<p>ANTONIO DEOCLIDES ZINI JUNIOR\u00a0<\/p>\n<p>KHARINE GAVLIK PESSOA ZINI\u00a0<\/p>\n<p>MAURO SGUARIZI\u00a0<\/p>\n<p>LEONARDO HENRIQUE DA SILVA\u00a0<\/p>\n<p>MARIA VALDETE BARTNIK\u00a0<\/p>\n<p>RENATO BARTNIK\u00a0<\/p>\n<p>HADASSA MARIA DA SILVA\u00a0<\/p>\n<p>RAPHAEL BOHNE\u00a0<\/p>\n<p>RENATO LIMA\u00a0<\/p>\n<p>RAFAEL ALVES\u00a0<\/p>\n<p>LUCAS FELIPE COSTA CAMARGO\u00a0<\/p>\n<p>ADRIELLE COSTA\u00a0<\/p>\n<p>LAIANA VASATTA\u00a0<\/p>\n<p>ANACAROLINE REDIVO\u00a0<\/p>\n<p>JOSECARLOS COPETTI\u00a0<\/p>\n<p>ANDRE MICHEL\u00a0<\/p>\n<p>SARAH SELLALANGER\u00a0<\/p>\n<p>EDILSON HOBOLD\u00a0<\/p>\n<p>RAFAEL FERNANDO DOS SANTOS\u00a0<\/p>\n<p>LIZIBBA DOS SANTOS\u00a0<\/p>\n<p>PAULO ALVES\u00a0<\/p>\n<p>PEDRO GUSSON DO NASCIMENTO\u00a0<\/p>\n<p>ROSANA SANTOS XAVIER\u00a0<\/p>\n<p>THIAGO ALMEIDA PAULA\u00a0<\/p>\n<p>ADRIANA SANTOS\u00a0<\/p>\n<p>DEONIR SECCO\u00a0<\/p>\n<p>ALIPIO SANTOS NETO\u00a0<\/p>\n<p>RAQUEL RIBEIRO MOREIRA\u00a0<\/p>\n<p>ADRIANO DA LUCA BUENO\u00a0<\/p>\n<p>MIGUEL ARCANJO RODRIDUES JUNIOR\u00a0<\/p>\n<p>DIOGO AVILA\u00a0<\/p>\n<p>LUCIANO TRINDADE ALVES\u00a0<\/p>\n<p>ISABELLA SANTANA POZZUOLI\u00a0<\/p>\n<p>TIAGO AZEVEDO\u00a0<\/p>\n<p>MARIANA BELIM\u00a0<\/p>\n<p>ARIANNE RISSO \u00a0<\/p>\n<p>QUATRO TRIPULANTES<\/p>\n<p>DEBORA SOPER AVILA\u00a0<\/p>\n<p>RUBIA SILVA DE LIMA \u00a0<\/p>\n<p>HUMBERTO DE CAMPOS ALENCAR E SILVA \u00a0<\/p>\n<p>DANILO SANTOS ROMANO\u00a0<\/p>\n<p>O post <a href=\"https:\/\/www.canalrural.com.br\/nacional\/confira-lista-atualizada-com-nomes-dos-58-passageiros-e-4-tripulantes\/\">Confira lista atualizada com nomes dos 58 passageiros e 4 tripulantes<\/a> apareceu primeiro em <a href=\"https:\/\/www.canalrural.com.br\/\">Canal Rural<\/a>.<\/p>","protected":false},"excerpt":{"rendered":"<p>Foto: Paulo Pinto\/Ag\u00eancia Brasil A Voepass Linhas A\u00e9reas retificou na manh\u00e3 deste s\u00e1bado (10) a lista contendo o nome dos 58 passageiros e 4 tripulantes que estavam no voo 2283, operado pela aeronave turboh\u00e9lice ATR-72, de Cascavel (PR) \u00e0 Guarulhos (SP), que caiu no in\u00edcio da tarde desta sexta-feira (9). Confira na palma da m\u00e3o informa\u00e7\u00f5es quentes sobre agricultura, pecu\u00e1ria, economia e previs\u00e3o do tempo: siga o Canal Rural no WhatsApp! O nome de Constantino Th\u00e9 Maia n\u00e3o estava na lista de passageiros embarcados divulgada inicialmente. Segundo a Voepass, a aus\u00eancia do nome ocorreu por uma quest\u00e3o t\u00e9cnica identificada pela companhia referente \u00e0s valida\u00e7\u00f5es de\u00a0check-in, valida\u00e7\u00e3o do\u00a0boarding\u00a0e contagem de passageiros embarcados. Passageiros do voo 2283\u00a0 CONSTANTINO TH\u00c9 MAIA \u00a0ROSANGELA SOUZA\u00a0 \u00a0ELIANE ANDRADE FREIRE\u00a0 LUCIANI CAVALCANTI\u00a0 JOSE FER\u00a0 DENILDA ACORDI\u00a0 MARIA AUXILIADORA VAZ DE ARRUDA\u00a0 JOSE CLOVES ARRUDA\u00a0 NELVIO JOSE HUBNER\u00a0 GRACINDA MARINA CASTELO DA SILVA\u00a0 RONALDO CAVALIERE\u00a0 SILVIACRISTINA OSAKI\u00a0 WLISSES OLIVEIRA\u00a0 HIALESCARPINE FODRA\u00a0 DANIELA SCHULZ FODRA\u00a0 REGICLAUDIO FREITAS\u00a0 SIMONEMIRIAN RIZENTAL\u00a0 JOSGLEIDYS GONZALEZ\u00a0 MARIA PARRA\u00a0 JOSLAN PEREZ\u00a0 MAURO BEDIN\u00a0 ROSANGELAMARIA DEOLIVEIRA\u00a0 ANTONIO DEOCLIDES ZINI JUNIOR\u00a0 KHARINE GAVLIK PESSOA ZINI\u00a0 MAURO SGUARIZI\u00a0 LEONARDO HENRIQUE DA SILVA\u00a0 MARIA VALDETE BARTNIK\u00a0 RENATO BARTNIK\u00a0 HADASSA MARIA DA SILVA\u00a0 RAPHAEL BOHNE\u00a0 RENATO LIMA\u00a0 RAFAEL ALVES\u00a0 LUCAS FELIPE COSTA CAMARGO\u00a0 ADRIELLE COSTA\u00a0 LAIANA VASATTA\u00a0 ANACAROLINE REDIVO\u00a0 JOSECARLOS COPETTI\u00a0 ANDRE MICHEL\u00a0 SARAH SELLALANGER\u00a0 EDILSON HOBOLD\u00a0 RAFAEL FERNANDO DOS SANTOS\u00a0 LIZIBBA DOS SANTOS\u00a0 PAULO ALVES\u00a0 PEDRO GUSSON DO NASCIMENTO\u00a0 ROSANA SANTOS XAVIER\u00a0 THIAGO ALMEIDA PAULA\u00a0 ADRIANA SANTOS\u00a0 DEONIR SECCO\u00a0 ALIPIO SANTOS NETO\u00a0 RAQUEL RIBEIRO MOREIRA\u00a0 ADRIANO DA LUCA BUENO\u00a0 MIGUEL ARCANJO RODRIDUES JUNIOR\u00a0 DIOGO AVILA\u00a0 LUCIANO TRINDADE ALVES\u00a0 ISABELLA SANTANA POZZUOLI\u00a0 TIAGO AZEVEDO\u00a0 MARIANA BELIM\u00a0 ARIANNE RISSO \u00a0 QUATRO TRIPULANTES DEBORA SOPER AVILA\u00a0 RUBIA SILVA DE LIMA \u00a0 HUMBERTO DE CAMPOS ALENCAR E SILVA \u00a0 DANILO SANTOS ROMANO\u00a0 O post Confira lista atualizada com nomes dos 58 passageiros e 4 tripulantes apareceu primeiro em Canal Rural.<\/p>\n","protected":false},"author":0,"featured_media":0,"comment_status":"open","ping_status":"open","sticky":false,"template":"","format":"standard","meta":{"_monsterinsights_skip_tracking":false,"_monsterinsights_sitenote_active":false,"_monsterinsights_sitenote_note":"","_monsterinsights_sitenote_category":0,"footnotes":""},"categories":[1],"tags":[],"class_list":["post-1177","post","type-post","status-publish","format-standard","hentry","category-agronegocio"],"_links":{"self":[{"href":"https:\/\/senhorafrutta.com.br\/index.php\/wp-json\/wp\/v2\/posts\/1177","targetHints":{"allow":["GET"]}}],"collection":[{"href":"https:\/\/senhorafrutta.com.br\/index.php\/wp-json\/wp\/v2\/posts"}],"about":[{"href":"https:\/\/senhorafrutta.com.br\/index.php\/wp-json\/wp\/v2\/types\/post"}],"replies":[{"embeddable":true,"href":"https:\/\/senhorafrutta.com.br\/index.php\/wp-json\/wp\/v2\/comments?post=1177"}],"version-history":[{"count":0,"href":"https:\/\/senhorafrutta.com.br\/index.php\/wp-json\/wp\/v2\/posts\/1177\/revisions"}],"wp:attachment":[{"href":"https:\/\/senhorafrutta.com.br\/index.php\/wp-json\/wp\/v2\/media?parent=1177"}],"wp:term":[{"taxonomy":"category","embeddable":true,"href":"https:\/\/senhorafrutta.com.br\/index.php\/wp-json\/wp\/v2\/categories?post=1177"},{"taxonomy":"post_tag","embeddable":true,"href":"https:\/\/senhorafrutta.com.br\/index.php\/wp-json\/wp\/v2\/tags?post=1177"}],"curies":[{"name":"wp","href":"https:\/\/api.w.org\/{rel}","templated":true}]}}