{"id":11763,"date":"2025-05-27T21:21:04","date_gmt":"2025-05-27T21:21:04","guid":{"rendered":"https:\/\/senhorafrutta.com.br\/index.php\/2025\/05\/27\/sebrae-propoe-ajustes-em-resolucao-da-anvisa-para-evitar-impacto-negativo-ao-mei\/"},"modified":"2025-05-27T21:21:04","modified_gmt":"2025-05-27T21:21:04","slug":"sebrae-propoe-ajustes-em-resolucao-da-anvisa-para-evitar-impacto-negativo-ao-mei","status":"publish","type":"post","link":"https:\/\/senhorafrutta.com.br\/index.php\/2025\/05\/27\/sebrae-propoe-ajustes-em-resolucao-da-anvisa-para-evitar-impacto-negativo-ao-mei\/","title":{"rendered":"Sebrae prop\u00f5e ajustes em resolu\u00e7\u00e3o da Anvisa para evitar impacto negativo ao MEI"},"content":{"rendered":"<p> [ad_1]<br \/>\n<br \/><img decoding=\"async\" src=\"https:\/\/imagens-cdn.canalrural.com.br\/2025\/05\/imprensa-sebrae.webp\" \/><\/p>\n<div>\n<p>Durante reuni\u00e3o promovida pela Anvisa em Bras\u00edlia, o Sebrae apresentou propostas para evitar o aumento da burocracia no licenciamento de microempreendedores individuais (MEI). O encontro discutiu os resultados da Consulta P\u00fablica n\u00ba 1249\/2024, voltada \u00e0 revis\u00e3o da classifica\u00e7\u00e3o de risco em atividades sujeitas \u00e0 vigil\u00e2ncia sanit\u00e1ria.<\/p>\n<p>Na ocasi\u00e3o, foi destacado que a nova resolu\u00e7\u00e3o pode retirar a dispensa de alvar\u00e1s para parte dos MEIs, exigindo licenciamento ou vistoria pr\u00e9via. Conforme avalia\u00e7\u00e3o do Sebrae, tal medida pode incentivar a informalidade e dificultar o ambiente de neg\u00f3cios.<\/p>\n<\/div>\n<div>\n<p>O Sebrae, junto ao Minist\u00e9rio do Empreendedorismo (MEMP), refor\u00e7ou a import\u00e2ncia do tratamento diferenciado \u00e0s micro e pequenas empresas, conforme previsto em leis como a REDESIM, a Lei da Liberdade Econ\u00f4mica e o Estatuto da Micro e Pequena Empresa.<\/p>\n<blockquote class=\"wp-block-quote is-layout-flow wp-block-quote-is-layout-flow\">\n<p>\u201cO Sebrae apontou os impactos da proposta de classifica\u00e7\u00e3o de risco no licenciamento do MEI e das micro e pequenas empresas (MPE) e prop\u00f4s ajustes na minuta contemplando a simplifica\u00e7\u00e3o do ambiente de neg\u00f3cio, principalmente na manuten\u00e7\u00e3o da classifica\u00e7\u00e3o das atividades do MEI como baixo risco e da autonomia de \u00f3rg\u00e3os sanit\u00e1rios estaduais e municipais terem classifica\u00e7\u00f5es de risco mais ben\u00e9ficas, de acordo com a realidade local\u201d, apontou o gerente da Pol\u00edticas P\u00fablicas do Sebrae, Carlito Merss.<\/p>\n<\/blockquote><\/div>\n<p>[ad_2]<br \/>\n<br \/><a href=\"https:\/\/www.canalrural.com.br\/empreendedorismo\/sebrae-propoe-ajustes-em-resolucao-da-anvisa-para-evitar-impacto-negativo-ao-mei\/\">Source link <\/a><\/p>\n","protected":false},"excerpt":{"rendered":"<p>[ad_1] Durante reuni\u00e3o promovida pela Anvisa em Bras\u00edlia, o Sebrae apresentou propostas para evitar o aumento da burocracia no licenciamento de microempreendedores individuais (MEI). O encontro discutiu os resultados da Consulta P\u00fablica n\u00ba 1249\/2024, voltada \u00e0 revis\u00e3o da classifica\u00e7\u00e3o de risco em atividades sujeitas \u00e0 vigil\u00e2ncia sanit\u00e1ria. Na ocasi\u00e3o, foi destacado que a nova resolu\u00e7\u00e3o pode retirar a dispensa de alvar\u00e1s para parte dos MEIs, exigindo licenciamento ou vistoria pr\u00e9via. Conforme avalia\u00e7\u00e3o do Sebrae, tal medida pode incentivar a informalidade e dificultar o ambiente de neg\u00f3cios. O Sebrae, junto ao Minist\u00e9rio do Empreendedorismo (MEMP), refor\u00e7ou a import\u00e2ncia do tratamento diferenciado \u00e0s micro e pequenas empresas, conforme previsto em leis como a REDESIM, a Lei da Liberdade Econ\u00f4mica e o Estatuto da Micro e Pequena Empresa. \u201cO Sebrae apontou os impactos da proposta de classifica\u00e7\u00e3o de risco no licenciamento do MEI e das micro e pequenas empresas (MPE) e prop\u00f4s ajustes na minuta contemplando a simplifica\u00e7\u00e3o do ambiente de neg\u00f3cio, principalmente na manuten\u00e7\u00e3o da classifica\u00e7\u00e3o das atividades do MEI como baixo risco e da autonomia de \u00f3rg\u00e3os sanit\u00e1rios estaduais e municipais terem classifica\u00e7\u00f5es de risco mais ben\u00e9ficas, de acordo com a realidade local\u201d, apontou o gerente da Pol\u00edticas P\u00fablicas do Sebrae, Carlito Merss. [ad_2] Source link<\/p>\n","protected":false},"author":1,"featured_media":11764,"comment_status":"","ping_status":"open","sticky":false,"template":"","format":"standard","meta":{"_monsterinsights_skip_tracking":false,"_monsterinsights_sitenote_active":false,"_monsterinsights_sitenote_note":"","_monsterinsights_sitenote_category":0,"footnotes":""},"categories":[1],"tags":[],"class_list":["post-11763","post","type-post","status-publish","format-standard","has-post-thumbnail","hentry","category-agronegocio"],"_links":{"self":[{"href":"https:\/\/senhorafrutta.com.br\/index.php\/wp-json\/wp\/v2\/posts\/11763","targetHints":{"allow":["GET"]}}],"collection":[{"href":"https:\/\/senhorafrutta.com.br\/index.php\/wp-json\/wp\/v2\/posts"}],"about":[{"href":"https:\/\/senhorafrutta.com.br\/index.php\/wp-json\/wp\/v2\/types\/post"}],"author":[{"embeddable":true,"href":"https:\/\/senhorafrutta.com.br\/index.php\/wp-json\/wp\/v2\/users\/1"}],"replies":[{"embeddable":true,"href":"https:\/\/senhorafrutta.com.br\/index.php\/wp-json\/wp\/v2\/comments?post=11763"}],"version-history":[{"count":0,"href":"https:\/\/senhorafrutta.com.br\/index.php\/wp-json\/wp\/v2\/posts\/11763\/revisions"}],"wp:featuredmedia":[{"embeddable":true,"href":"https:\/\/senhorafrutta.com.br\/index.php\/wp-json\/wp\/v2\/media\/11764"}],"wp:attachment":[{"href":"https:\/\/senhorafrutta.com.br\/index.php\/wp-json\/wp\/v2\/media?parent=11763"}],"wp:term":[{"taxonomy":"category","embeddable":true,"href":"https:\/\/senhorafrutta.com.br\/index.php\/wp-json\/wp\/v2\/categories?post=11763"},{"taxonomy":"post_tag","embeddable":true,"href":"https:\/\/senhorafrutta.com.br\/index.php\/wp-json\/wp\/v2\/tags?post=11763"}],"curies":[{"name":"wp","href":"https:\/\/api.w.org\/{rel}","templated":true}]}}