{"id":1176,"date":"2024-08-10T16:04:00","date_gmt":"2024-08-10T16:04:00","guid":{"rendered":"https:\/\/senhorafrutta.com.br\/index.php\/2024\/08\/10\/goias-divulga-novas-medidas-para-controle-da-ferrugem-asiatica-da-soja\/"},"modified":"2024-08-10T16:04:00","modified_gmt":"2024-08-10T16:04:00","slug":"goias-divulga-novas-medidas-para-controle-da-ferrugem-asiatica-da-soja","status":"publish","type":"post","link":"https:\/\/senhorafrutta.com.br\/index.php\/2024\/08\/10\/goias-divulga-novas-medidas-para-controle-da-ferrugem-asiatica-da-soja\/","title":{"rendered":"Goi\u00e1s divulga novas medidas para controle da ferrugem-asi\u00e1tica da soja"},"content":{"rendered":"<div>Foto: Leila Maria Costamilan \u2013 Embrapa<\/div>\n<p>A Ag\u00eancia Goiana de Defesa Agropecu\u00e1ria <a href=\"https:\/\/www.canalrural.com.br\/tag\/agrodefesa\/\">(Agrodefesa)<\/a> publicou nesta semana a instru\u00e7\u00e3o normativa n\u00ba 6\/2024, que traz novas medidas fitossanit\u00e1rias voltadas \u00e0 preven\u00e7\u00e3o e controle de pragas para a cultura da soja, com principal aten\u00e7\u00e3o \u00e0 ferrugem-asi\u00e1tica, causada pelo fungo <em>Phakopsora pachyrhizi<\/em>.<\/p>\n<p><em>Confira na palma da m\u00e3o informa\u00e7\u00f5es quentes sobre agricultura, pecu\u00e1ria, economia\u00a0e previs\u00e3o do tempo:<strong> <\/strong><a href=\"https:\/\/www.whatsapp.com\/channel\/0029Va9VnZxGk1FplZjiW43k\"><strong>siga o Canal Rural no WhatsApp<\/strong><\/a>!<\/em><\/p>\n<p>As mudan\u00e7as est\u00e3o alinhadas ao Programa Nacional de Controle da Ferrugem Asi\u00e1tica da Soja <a href=\"https:\/\/www.canalrural.com.br\/tag\/PNCFS\/\">(PNCFS)<\/a> no \u00e2mbito do Minist\u00e9rio da Agricultura e Pecu\u00e1ria <a href=\"https:\/\/www.canalrural.com.br\/tag\/mapa\/\">(Mapa)<\/a> e s\u00e3o relativas ao per\u00edodo e ao conceito do calend\u00e1rio de semeadura para a safra 2024\/25, bem como \u00e0s excepcionalidades de cultivo no per\u00edodo de vazio sanit\u00e1rio.<\/p>\n<h2 class=\"wp-block-heading\">Mudan\u00e7as para a safra 24\/25<\/h2>\n<p>A normativa amplia o calend\u00e1rio de semeadura da safra 24\/25, que tem in\u00edcio em 25 de setembro de 2024 e se estende agora at\u00e9 2 de janeiro de 2025.<\/p>\n<p>\u201cEssa mudan\u00e7a segue o per\u00edodo definido pelo Minist\u00e9rio da Agricultura, que estabelece, em portaria, os per\u00edodos de calend\u00e1rio de semeadura e vazio sanit\u00e1rio para todas as Unidades da Federa\u00e7\u00e3o\u201d, afirma o presidente da Agrodefesa, Jos\u00e9 Ricardo Caixeta Ramos.<\/p>\n<p>Al\u00e9m disso, altera o conceito de calend\u00e1rio de semeadura como sendo a data inicial aquela a partir da qual \u00e9 permitida a presen\u00e7a de pl\u00e2ntulas emergidas no campo.<\/p>\n<p>J\u00e1 a data final \u00e9 considerada o \u00faltimo dia em que \u00e9 permitida a semeadura de soja no campo. A pl\u00e2ntula \u00e9 uma designa\u00e7\u00e3o da agronomia para o embri\u00e3o vegetal j\u00e1 desenvolvido que emerge da semente, geralmente constitu\u00edda de rad\u00edcula (raiz embrion\u00e1ria), hipoc\u00f3tilo (rebento embrion\u00e1rio) e cotil\u00e9dones (folhas embrion\u00e1rias da semente).<\/p>\n<p>\u201cOutra novidade \u00e9 que a Agrodefesa tamb\u00e9m est\u00e1 preparando um m\u00f3dulo no Sistema de Defesa Agropecu\u00e1ria, o Sidago, que permite a comunica\u00e7\u00e3o informatizada da ocorr\u00eancia da ferrugem-asi\u00e1tica em lavouras ou plantas volunt\u00e1rias de soja\u201d, aponta a gerente de Sanidade Vegetal da Agrodefesa, Daniela R\u00e9zio.<\/p>\n<p>De acordo com ela, o m\u00f3dulo estar\u00e1 dispon\u00edvel ao p\u00fablico em breve e ser\u00e1 uma ferramenta importante de alerta aos produtores da chegada da ferrugem-asi\u00e1tica em uma regi\u00e3o para que o produtor possa adotar as medidas de controle da praga.<\/p>\n<p>A gerente lembra ainda que a Instru\u00e7\u00e3o Normativa mant\u00e9m a obrigatoriedade do cadastramento eletr\u00f4nico das lavouras de soja no Sidago em at\u00e9 no m\u00e1ximo <strong>15 dias<\/strong> ap\u00f3s o t\u00e9rmino do calend\u00e1rio de semeadura.<\/p>\n<p>\u201cEssa medida \u00e9 importante para que os fiscais da Agrodefesa possam identificar as lavouras e orientar os produtores quanto \u00e0s medidas legislativas a serem adotadas na preven\u00e7\u00e3o e controle da ferrugem-asi\u00e1tica, desenvolver a\u00e7\u00f5es de educa\u00e7\u00e3o sanit\u00e1ria, bem como responder com efic\u00e1cia caso seja encontrada alguma suspeita de pragas quarenten\u00e1rias na lavoura, como o Amaranthus palmeri, por exemplo\u201d, complementa.<\/p>\n<h2 class=\"wp-block-heading\">Vazio sanit\u00e1rio<\/h2>\n<p>O vazio sanit\u00e1rio \u00e9 o per\u00edodo definido e cont\u00ednuo em que \u00e9 proibido cultivar, manter ou permitir, em qualquer est\u00e1gio vegetativo ou reprodutivo, plantas vivas emergidas de soja em uma determinada \u00e1rea, com vistas \u00e0 redu\u00e7\u00e3o do in\u00f3culo do fungo causador da ferrugem.<\/p>\n<p>Em Goi\u00e1s, o per\u00edodo do vazio sanit\u00e1rio n\u00e3o sofreu altera\u00e7\u00f5es e continua de <strong>27 de junho a 24 de setembro<\/strong>. Em semeaduras ou manuten\u00e7\u00e3o de cultivos de soja durante o per\u00edodo estabelecido ser\u00e1 determinada pela Agrodefesa a destrui\u00e7\u00e3o da lavoura, al\u00e9m de outras penalidades previstas na legisla\u00e7\u00e3o.<\/p>\n<p>A IN n\u00ba 6\/2024 tamb\u00e9m traz novidades quanto aos cultivos excepcionais, em que s\u00e3o permitidas a semeadura e manuten\u00e7\u00e3o de plantas vivas dentro do per\u00edodo de vazio sanit\u00e1rio. At\u00e9 ent\u00e3o, eram consideradas exce\u00e7\u00f5es apenas o cultivo em ambiente protegido ou no projeto p\u00fablico de irriga\u00e7\u00e3o de Luiz Alves do Araguaia.<\/p>\n<p>Com a atualiza\u00e7\u00e3o, agora tamb\u00e9m s\u00e3o permitidas em casos de cultivo destinado \u00e0 pesquisa cient\u00edfica e aqueles destinados \u00e0 demonstra\u00e7\u00e3o de cultivares e tecnologias em eventos e feiras agr\u00edcolas.<\/p>\n<p>No projeto p\u00fablico de irriga\u00e7\u00e3o de Luiz Alves do Araguaia a semeadura \u00e9 permitida, com autoriza\u00e7\u00e3o da Agrodefesa, somente entre os dias <strong>20 de maio e 20 de junho<\/strong>.<\/p>\n<p>\u201cTamb\u00e9m poder\u00e1 ser autorizada, excepcionalmente pela Agrodefesa, a semeadura de sementes de soja tratadas com agrot\u00f3xicos n\u00e3o comercializadas pelo produtor de sementes, ap\u00f3s o calend\u00e1rio de semeadura, com obrigatoriedade de destrui\u00e7\u00e3o at\u00e9 30 dias ap\u00f3s a emerg\u00eancia\u201d, complementa o coordenador de Programas Fitossanit\u00e1rios de Grandes Culturas da Agrodefesa, M\u00e1rio S\u00e9rgio de Oliveira.<\/p>\n<p>As solicita\u00e7\u00f5es em rela\u00e7\u00e3o \u00e0s exce\u00e7\u00f5es dever\u00e3o ser protocoladas na Agrodefesa, assinadas pelo produtor, respons\u00e1vel t\u00e9cnico ou representantes da institui\u00e7\u00e3o de pesquisa com no m\u00ednimo 30 dias de anteced\u00eancia da data de semeadura, acompanhado da documenta\u00e7\u00e3o exigida.<\/p>\n<p><em>Saiba em primeira m\u00e3o informa\u00e7\u00f5es sobre agricultura, pecu\u00e1ria, economia e previs\u00e3o do tempo. <a href=\"https:\/\/news.google.com\/publications\/CAAqBwgKMPKZlQswq_mqAw?ceid=BR:pt-419&amp;oc=3&amp;hl=pt-BR&amp;gl=BR\"><strong>Siga o Canal Rural no Google News<\/strong><\/a>.<\/em><\/p>\n<p>O post <a href=\"https:\/\/www.canalrural.com.br\/agricultura\/projeto-soja-brasil\/goias-divulga-novas-medidas-para-o-controle-da-ferrugem-asiatica-da-soja\/\">Goi\u00e1s divulga novas medidas para controle da ferrugem-asi\u00e1tica da soja<\/a> apareceu primeiro em <a href=\"https:\/\/www.canalrural.com.br\/\">Canal Rural<\/a>.<\/p>","protected":false},"excerpt":{"rendered":"<p>Foto: Leila Maria Costamilan \u2013 Embrapa A Ag\u00eancia Goiana de Defesa Agropecu\u00e1ria (Agrodefesa) publicou nesta semana a instru\u00e7\u00e3o normativa n\u00ba 6\/2024, que traz novas medidas fitossanit\u00e1rias voltadas \u00e0 preven\u00e7\u00e3o e controle de pragas para a cultura da soja, com principal aten\u00e7\u00e3o \u00e0 ferrugem-asi\u00e1tica, causada pelo fungo Phakopsora pachyrhizi. Confira na palma da m\u00e3o informa\u00e7\u00f5es quentes sobre agricultura, pecu\u00e1ria, economia\u00a0e previs\u00e3o do tempo: siga o Canal Rural no WhatsApp! As mudan\u00e7as est\u00e3o alinhadas ao Programa Nacional de Controle da Ferrugem Asi\u00e1tica da Soja (PNCFS) no \u00e2mbito do Minist\u00e9rio da Agricultura e Pecu\u00e1ria (Mapa) e s\u00e3o relativas ao per\u00edodo e ao conceito do calend\u00e1rio de semeadura para a safra 2024\/25, bem como \u00e0s excepcionalidades de cultivo no per\u00edodo de vazio sanit\u00e1rio. Mudan\u00e7as para a safra 24\/25 A normativa amplia o calend\u00e1rio de semeadura da safra 24\/25, que tem in\u00edcio em 25 de setembro de 2024 e se estende agora at\u00e9 2 de janeiro de 2025. \u201cEssa mudan\u00e7a segue o per\u00edodo definido pelo Minist\u00e9rio da Agricultura, que estabelece, em portaria, os per\u00edodos de calend\u00e1rio de semeadura e vazio sanit\u00e1rio para todas as Unidades da Federa\u00e7\u00e3o\u201d, afirma o presidente da Agrodefesa, Jos\u00e9 Ricardo Caixeta Ramos. Al\u00e9m disso, altera o conceito de calend\u00e1rio de semeadura como sendo a data inicial aquela a partir da qual \u00e9 permitida a presen\u00e7a de pl\u00e2ntulas emergidas no campo. J\u00e1 a data final \u00e9 considerada o \u00faltimo dia em que \u00e9 permitida a semeadura de soja no campo. A pl\u00e2ntula \u00e9 uma designa\u00e7\u00e3o da agronomia para o embri\u00e3o vegetal j\u00e1 desenvolvido que emerge da semente, geralmente constitu\u00edda de rad\u00edcula (raiz embrion\u00e1ria), hipoc\u00f3tilo (rebento embrion\u00e1rio) e cotil\u00e9dones (folhas embrion\u00e1rias da semente). \u201cOutra novidade \u00e9 que a Agrodefesa tamb\u00e9m est\u00e1 preparando um m\u00f3dulo no Sistema de Defesa Agropecu\u00e1ria, o Sidago, que permite a comunica\u00e7\u00e3o informatizada da ocorr\u00eancia da ferrugem-asi\u00e1tica em lavouras ou plantas volunt\u00e1rias de soja\u201d, aponta a gerente de Sanidade Vegetal da Agrodefesa, Daniela R\u00e9zio. De acordo com ela, o m\u00f3dulo estar\u00e1 dispon\u00edvel ao p\u00fablico em breve e ser\u00e1 uma ferramenta importante de alerta aos produtores da chegada da ferrugem-asi\u00e1tica em uma regi\u00e3o para que o produtor possa adotar as medidas de controle da praga. A gerente lembra ainda que a Instru\u00e7\u00e3o Normativa mant\u00e9m a obrigatoriedade do cadastramento eletr\u00f4nico das lavouras de soja no Sidago em at\u00e9 no m\u00e1ximo 15 dias ap\u00f3s o t\u00e9rmino do calend\u00e1rio de semeadura. \u201cEssa medida \u00e9 importante para que os fiscais da Agrodefesa possam identificar as lavouras e orientar os produtores quanto \u00e0s medidas legislativas a serem adotadas na preven\u00e7\u00e3o e controle da ferrugem-asi\u00e1tica, desenvolver a\u00e7\u00f5es de educa\u00e7\u00e3o sanit\u00e1ria, bem como responder com efic\u00e1cia caso seja encontrada alguma suspeita de pragas quarenten\u00e1rias na lavoura, como o Amaranthus palmeri, por exemplo\u201d, complementa. Vazio sanit\u00e1rio O vazio sanit\u00e1rio \u00e9 o per\u00edodo definido e cont\u00ednuo em que \u00e9 proibido cultivar, manter ou permitir, em qualquer est\u00e1gio vegetativo ou reprodutivo, plantas vivas emergidas de soja em uma determinada \u00e1rea, com vistas \u00e0 redu\u00e7\u00e3o do in\u00f3culo do fungo causador da ferrugem. Em Goi\u00e1s, o per\u00edodo do vazio sanit\u00e1rio n\u00e3o sofreu altera\u00e7\u00f5es e continua de 27 de junho a 24 de setembro. Em semeaduras ou manuten\u00e7\u00e3o de cultivos de soja durante o per\u00edodo estabelecido ser\u00e1 determinada pela Agrodefesa a destrui\u00e7\u00e3o da lavoura, al\u00e9m de outras penalidades previstas na legisla\u00e7\u00e3o. A IN n\u00ba 6\/2024 tamb\u00e9m traz novidades quanto aos cultivos excepcionais, em que s\u00e3o permitidas a semeadura e manuten\u00e7\u00e3o de plantas vivas dentro do per\u00edodo de vazio sanit\u00e1rio. At\u00e9 ent\u00e3o, eram consideradas exce\u00e7\u00f5es apenas o cultivo em ambiente protegido ou no projeto p\u00fablico de irriga\u00e7\u00e3o de Luiz Alves do Araguaia. Com a atualiza\u00e7\u00e3o, agora tamb\u00e9m s\u00e3o permitidas em casos de cultivo destinado \u00e0 pesquisa cient\u00edfica e aqueles destinados \u00e0 demonstra\u00e7\u00e3o de cultivares e tecnologias em eventos e feiras agr\u00edcolas. No projeto p\u00fablico de irriga\u00e7\u00e3o de Luiz Alves do Araguaia a semeadura \u00e9 permitida, com autoriza\u00e7\u00e3o da Agrodefesa, somente entre os dias 20 de maio e 20 de junho. \u201cTamb\u00e9m poder\u00e1 ser autorizada, excepcionalmente pela Agrodefesa, a semeadura de sementes de soja tratadas com agrot\u00f3xicos n\u00e3o comercializadas pelo produtor de sementes, ap\u00f3s o calend\u00e1rio de semeadura, com obrigatoriedade de destrui\u00e7\u00e3o at\u00e9 30 dias ap\u00f3s a emerg\u00eancia\u201d, complementa o coordenador de Programas Fitossanit\u00e1rios de Grandes Culturas da Agrodefesa, M\u00e1rio S\u00e9rgio de Oliveira. As solicita\u00e7\u00f5es em rela\u00e7\u00e3o \u00e0s exce\u00e7\u00f5es dever\u00e3o ser protocoladas na Agrodefesa, assinadas pelo produtor, respons\u00e1vel t\u00e9cnico ou representantes da institui\u00e7\u00e3o de pesquisa com no m\u00ednimo 30 dias de anteced\u00eancia da data de semeadura, acompanhado da documenta\u00e7\u00e3o exigida. Saiba em primeira m\u00e3o informa\u00e7\u00f5es sobre agricultura, pecu\u00e1ria, economia e previs\u00e3o do tempo. Siga o Canal Rural no Google News. O post Goi\u00e1s divulga novas medidas para controle da ferrugem-asi\u00e1tica da soja apareceu primeiro em Canal Rural.<\/p>\n","protected":false},"author":0,"featured_media":0,"comment_status":"open","ping_status":"open","sticky":false,"template":"","format":"standard","meta":{"_monsterinsights_skip_tracking":false,"_monsterinsights_sitenote_active":false,"_monsterinsights_sitenote_note":"","_monsterinsights_sitenote_category":0,"footnotes":""},"categories":[1],"tags":[],"class_list":["post-1176","post","type-post","status-publish","format-standard","hentry","category-agronegocio"],"_links":{"self":[{"href":"https:\/\/senhorafrutta.com.br\/index.php\/wp-json\/wp\/v2\/posts\/1176","targetHints":{"allow":["GET"]}}],"collection":[{"href":"https:\/\/senhorafrutta.com.br\/index.php\/wp-json\/wp\/v2\/posts"}],"about":[{"href":"https:\/\/senhorafrutta.com.br\/index.php\/wp-json\/wp\/v2\/types\/post"}],"replies":[{"embeddable":true,"href":"https:\/\/senhorafrutta.com.br\/index.php\/wp-json\/wp\/v2\/comments?post=1176"}],"version-history":[{"count":0,"href":"https:\/\/senhorafrutta.com.br\/index.php\/wp-json\/wp\/v2\/posts\/1176\/revisions"}],"wp:attachment":[{"href":"https:\/\/senhorafrutta.com.br\/index.php\/wp-json\/wp\/v2\/media?parent=1176"}],"wp:term":[{"taxonomy":"category","embeddable":true,"href":"https:\/\/senhorafrutta.com.br\/index.php\/wp-json\/wp\/v2\/categories?post=1176"},{"taxonomy":"post_tag","embeddable":true,"href":"https:\/\/senhorafrutta.com.br\/index.php\/wp-json\/wp\/v2\/tags?post=1176"}],"curies":[{"name":"wp","href":"https:\/\/api.w.org\/{rel}","templated":true}]}}