{"id":11740,"date":"2025-05-27T02:48:16","date_gmt":"2025-05-27T02:48:16","guid":{"rendered":"https:\/\/senhorafrutta.com.br\/index.php\/2025\/05\/27\/frango-e-ovo-devem-ter-queda-de-precos-nos-proximos-tres-meses\/"},"modified":"2025-05-27T02:48:16","modified_gmt":"2025-05-27T02:48:16","slug":"frango-e-ovo-devem-ter-queda-de-precos-nos-proximos-tres-meses","status":"publish","type":"post","link":"https:\/\/senhorafrutta.com.br\/index.php\/2025\/05\/27\/frango-e-ovo-devem-ter-queda-de-precos-nos-proximos-tres-meses\/","title":{"rendered":"Frango e ovo devem ter queda de pre\u00e7os nos pr\u00f3ximos tr\u00eas meses"},"content":{"rendered":"<p> [ad_1]<br \/>\n<br \/><img decoding=\"async\" src=\"https:\/\/imagens-cdn.canalrural.com.br\/2025\/05\/1748294259266131.jpg\" \/><\/p>\n<div>\n<p>A confirma\u00e7\u00e3o do primeiro foco de gripe avi\u00e1ria em uma granja comercial no Brasil h\u00e1 dez dias e a consequente suspens\u00e3o das exporta\u00e7\u00f5es de produtos av\u00edcolas a 38 destinos devem levar \u00e0 queda nos pre\u00e7os da carne de frango e ovos no pa\u00eds.<\/p>\n<p>A avalia\u00e7\u00e3o \u00e9 de t\u00e9cnicos da equipe agr\u00edcola e econ\u00f4mica do governo. Entretanto, o movimento deve ser tempor\u00e1rio. De acordo com as fontes, frango e ovos tendem a ceder em um primeiro momento no mercado dom\u00e9stico em virtude de um aumento tempor\u00e1rio na oferta local. <\/p>\n<p>Parte do volume que n\u00e3o ser\u00e1 embarcado tende a ser direcionada ao varejo local, o que pode pressionar as cota\u00e7\u00f5es de produtos av\u00edcolas, especialmente da carne de frango e de ovos. Ainda assim, a queda deve ser pontual, sem recuo significativo nos valores no mercado interno. <\/p>\n<p>Assim, esse movimento deve se estender ao m\u00e1ximo por tr\u00eas meses, per\u00edodo para as granjas ajustarem o alojamento de pintinhos \u00e0 demanda atual. \u201cDepois dessa press\u00e3o pontual inicial, a tend\u00eancia \u00e9 de estabilidade nos pre\u00e7os de frango e ovos\u201d, observou um t\u00e9cnico que acompanha as medidas do governo para o enfrentamento da infla\u00e7\u00e3o de alimentos. <\/p>\n<p>Outro interlocutor lembra que a autoriza\u00e7\u00e3o para a ind\u00fastria armazenar temporariamente cargas de carne de frango congeladas, j\u00e1 inspecionadas e prontas para exporta\u00e7\u00e3o tamb\u00e9m limita o impacto sobre os pre\u00e7os do frango e ovos. A leitura \u00e9 compartilhada por t\u00e9cnicos da equipe econ\u00f4mica. <\/p>\n<p>Um interlocutor lembra que, apesar do arrefecimento recente, os pre\u00e7os de carne de frango e ovos acumulam infla\u00e7\u00e3o ao longo dos \u00faltimos 12 meses. N\u00fameros do \u00cdndice Nacional de Pre\u00e7os ao Consumidor Amplo (IPCA) de abril, o mais recente, mostram queda de 0,82% nos pre\u00e7os do frango inteiro, mas alta acumulada de 2,59% em 12 meses.<\/p>\n<\/div>\n<div>\n<p>J\u00e1 os ovos registraram retra\u00e7\u00e3o de 0,30% nos pre\u00e7os praticados em abril ante mar\u00e7o, mas acumulam alta de 4,16% em 12 meses. Economistas do mercado apostam em queda de 0,05 e 0,10 ponto porcentual no IPCA nos pr\u00f3ximos meses por causa da suspens\u00e3o da importa\u00e7\u00e3o de carne de frango do Brasil por v\u00e1rios pa\u00edses. <\/p>\n<p>Para eles, as restri\u00e7\u00f5es impostas aos embarques do frango nacional devem trazer al\u00edvio inflacion\u00e1rio de curto prazo, dada a perspectiva de redirecionamento da oferta para o mercado interno. Eles destacam, por\u00e9m, que, com a retomada das exporta\u00e7\u00f5es, deve ocorrer o efeito \u201crebote\u201d nos pre\u00e7os de carne de frango. J\u00e1 a ind\u00fastria avalia que o pre\u00e7o do frango n\u00e3o ter\u00e1 press\u00e3o, pois a oferta j\u00e1 estava ajustada. <\/p>\n<h2 class=\"wp-block-heading\" id=\"h-mapa-e-abpa-discordam-das-quedas\">Mapa e ABPA discordam das quedas<\/h2>\n<p>O presidente da Associa\u00e7\u00e3o Brasileira de Prote\u00edna Animal (ABPA), Ricardo Santin, afirmou que n\u00e3o h\u00e1 expectativa de press\u00e3o sobre os pre\u00e7os da carne de frango no mercado interno neste momento, mesmo que o pa\u00eds n\u00e3o possa exportar sua produ\u00e7\u00e3o para diversos pa\u00edses, em virtude do foco de gripe avi\u00e1ria detectado em granja comercial ga\u00facha h\u00e1 dez dias. <\/p>\n<p>Segundo ele, apesar de eventuais varia\u00e7\u00f5es pontuais, o cen\u00e1rio atual ainda \u00e9 de oferta ajustada. O ministro da Agricultura, Carlos F\u00e1varo, tamb\u00e9m vem dizendo que n\u00e3o haver\u00e1 \u201cimpacto relevante\u201d da gripe avi\u00e1ria nos pre\u00e7os da carne de frango e ovos. <\/p>\n<p>\u201cPode haver excesso de oferta em 10 a 15 dias de carne de frango, mas vemos estabilidade\u201d, declarou em coletiva de imprensa recente. Ele citou o fato de que 70% da produ\u00e7\u00e3o nacional de frango j\u00e1 \u00e9 direcionada ao mercado dom\u00e9stico, enquanto 30% s\u00e3o exportados. <\/p>\n<\/p><\/div>\n<p>[ad_2]<br \/>\n<br \/><a href=\"https:\/\/www.canalrural.com.br\/economia\/frango-e-ovo-devem-ter-queda-de-precos-nos-proximos-tres-meses\/\">Source link <\/a><\/p>\n","protected":false},"excerpt":{"rendered":"<p>[ad_1] A confirma\u00e7\u00e3o do primeiro foco de gripe avi\u00e1ria em uma granja comercial no Brasil h\u00e1 dez dias e a consequente suspens\u00e3o das exporta\u00e7\u00f5es de produtos av\u00edcolas a 38 destinos devem levar \u00e0 queda nos pre\u00e7os da carne de frango e ovos no pa\u00eds. A avalia\u00e7\u00e3o \u00e9 de t\u00e9cnicos da equipe agr\u00edcola e econ\u00f4mica do governo. Entretanto, o movimento deve ser tempor\u00e1rio. De acordo com as fontes, frango e ovos tendem a ceder em um primeiro momento no mercado dom\u00e9stico em virtude de um aumento tempor\u00e1rio na oferta local. Parte do volume que n\u00e3o ser\u00e1 embarcado tende a ser direcionada ao varejo local, o que pode pressionar as cota\u00e7\u00f5es de produtos av\u00edcolas, especialmente da carne de frango e de ovos. Ainda assim, a queda deve ser pontual, sem recuo significativo nos valores no mercado interno. Assim, esse movimento deve se estender ao m\u00e1ximo por tr\u00eas meses, per\u00edodo para as granjas ajustarem o alojamento de pintinhos \u00e0 demanda atual. \u201cDepois dessa press\u00e3o pontual inicial, a tend\u00eancia \u00e9 de estabilidade nos pre\u00e7os de frango e ovos\u201d, observou um t\u00e9cnico que acompanha as medidas do governo para o enfrentamento da infla\u00e7\u00e3o de alimentos. Outro interlocutor lembra que a autoriza\u00e7\u00e3o para a ind\u00fastria armazenar temporariamente cargas de carne de frango congeladas, j\u00e1 inspecionadas e prontas para exporta\u00e7\u00e3o tamb\u00e9m limita o impacto sobre os pre\u00e7os do frango e ovos. A leitura \u00e9 compartilhada por t\u00e9cnicos da equipe econ\u00f4mica. Um interlocutor lembra que, apesar do arrefecimento recente, os pre\u00e7os de carne de frango e ovos acumulam infla\u00e7\u00e3o ao longo dos \u00faltimos 12 meses. N\u00fameros do \u00cdndice Nacional de Pre\u00e7os ao Consumidor Amplo (IPCA) de abril, o mais recente, mostram queda de 0,82% nos pre\u00e7os do frango inteiro, mas alta acumulada de 2,59% em 12 meses. J\u00e1 os ovos registraram retra\u00e7\u00e3o de 0,30% nos pre\u00e7os praticados em abril ante mar\u00e7o, mas acumulam alta de 4,16% em 12 meses. Economistas do mercado apostam em queda de 0,05 e 0,10 ponto porcentual no IPCA nos pr\u00f3ximos meses por causa da suspens\u00e3o da importa\u00e7\u00e3o de carne de frango do Brasil por v\u00e1rios pa\u00edses. Para eles, as restri\u00e7\u00f5es impostas aos embarques do frango nacional devem trazer al\u00edvio inflacion\u00e1rio de curto prazo, dada a perspectiva de redirecionamento da oferta para o mercado interno. Eles destacam, por\u00e9m, que, com a retomada das exporta\u00e7\u00f5es, deve ocorrer o efeito \u201crebote\u201d nos pre\u00e7os de carne de frango. J\u00e1 a ind\u00fastria avalia que o pre\u00e7o do frango n\u00e3o ter\u00e1 press\u00e3o, pois a oferta j\u00e1 estava ajustada. Mapa e ABPA discordam das quedas O presidente da Associa\u00e7\u00e3o Brasileira de Prote\u00edna Animal (ABPA), Ricardo Santin, afirmou que n\u00e3o h\u00e1 expectativa de press\u00e3o sobre os pre\u00e7os da carne de frango no mercado interno neste momento, mesmo que o pa\u00eds n\u00e3o possa exportar sua produ\u00e7\u00e3o para diversos pa\u00edses, em virtude do foco de gripe avi\u00e1ria detectado em granja comercial ga\u00facha h\u00e1 dez dias. Segundo ele, apesar de eventuais varia\u00e7\u00f5es pontuais, o cen\u00e1rio atual ainda \u00e9 de oferta ajustada. O ministro da Agricultura, Carlos F\u00e1varo, tamb\u00e9m vem dizendo que n\u00e3o haver\u00e1 \u201cimpacto relevante\u201d da gripe avi\u00e1ria nos pre\u00e7os da carne de frango e ovos. \u201cPode haver excesso de oferta em 10 a 15 dias de carne de frango, mas vemos estabilidade\u201d, declarou em coletiva de imprensa recente. Ele citou o fato de que 70% da produ\u00e7\u00e3o nacional de frango j\u00e1 \u00e9 direcionada ao mercado dom\u00e9stico, enquanto 30% s\u00e3o exportados. [ad_2] Source link<\/p>\n","protected":false},"author":1,"featured_media":11741,"comment_status":"","ping_status":"open","sticky":false,"template":"","format":"standard","meta":{"_monsterinsights_skip_tracking":false,"_monsterinsights_sitenote_active":false,"_monsterinsights_sitenote_note":"","_monsterinsights_sitenote_category":0,"footnotes":""},"categories":[1],"tags":[],"class_list":["post-11740","post","type-post","status-publish","format-standard","has-post-thumbnail","hentry","category-agronegocio"],"_links":{"self":[{"href":"https:\/\/senhorafrutta.com.br\/index.php\/wp-json\/wp\/v2\/posts\/11740","targetHints":{"allow":["GET"]}}],"collection":[{"href":"https:\/\/senhorafrutta.com.br\/index.php\/wp-json\/wp\/v2\/posts"}],"about":[{"href":"https:\/\/senhorafrutta.com.br\/index.php\/wp-json\/wp\/v2\/types\/post"}],"author":[{"embeddable":true,"href":"https:\/\/senhorafrutta.com.br\/index.php\/wp-json\/wp\/v2\/users\/1"}],"replies":[{"embeddable":true,"href":"https:\/\/senhorafrutta.com.br\/index.php\/wp-json\/wp\/v2\/comments?post=11740"}],"version-history":[{"count":0,"href":"https:\/\/senhorafrutta.com.br\/index.php\/wp-json\/wp\/v2\/posts\/11740\/revisions"}],"wp:featuredmedia":[{"embeddable":true,"href":"https:\/\/senhorafrutta.com.br\/index.php\/wp-json\/wp\/v2\/media\/11741"}],"wp:attachment":[{"href":"https:\/\/senhorafrutta.com.br\/index.php\/wp-json\/wp\/v2\/media?parent=11740"}],"wp:term":[{"taxonomy":"category","embeddable":true,"href":"https:\/\/senhorafrutta.com.br\/index.php\/wp-json\/wp\/v2\/categories?post=11740"},{"taxonomy":"post_tag","embeddable":true,"href":"https:\/\/senhorafrutta.com.br\/index.php\/wp-json\/wp\/v2\/tags?post=11740"}],"curies":[{"name":"wp","href":"https:\/\/api.w.org\/{rel}","templated":true}]}}