{"id":1173,"date":"2024-08-10T18:38:32","date_gmt":"2024-08-10T18:38:32","guid":{"rendered":"https:\/\/senhorafrutta.com.br\/index.php\/2024\/08\/10\/autoridades-dizem-ser-cedo-para-falar-sobre-fim-de-trabalhos-de-busca\/"},"modified":"2024-08-10T18:38:32","modified_gmt":"2024-08-10T18:38:32","slug":"autoridades-dizem-ser-cedo-para-falar-sobre-fim-de-trabalhos-de-busca","status":"publish","type":"post","link":"https:\/\/senhorafrutta.com.br\/index.php\/2024\/08\/10\/autoridades-dizem-ser-cedo-para-falar-sobre-fim-de-trabalhos-de-busca\/","title":{"rendered":"Autoridades dizem ser cedo para falar sobre fim de trabalhos de busca"},"content":{"rendered":"<div>Foto: Paulo Pinto\/Ag\u00eancia Brasil<\/div>\n<p>Representantes dos \u00f3rg\u00e3os federais e do estado de S\u00e3o Paulo que participam dos trabalhos de retirada e identifica\u00e7\u00e3o dos corpos das v\u00edtimas da <a href=\"https:\/\/www.canalrural.com.br\/tag\/acidente-aereo\/\">queda do avi\u00e3o<\/a> da empresa a\u00e9rea Voepass (antiga Passaredo) disseram ainda ser cedo para falar em prazos para a conclus\u00e3o dos trabalhos.<\/p>\n<p><em>Confira na palma da m\u00e3o informa\u00e7\u00f5es quentes sobre agricultura, pecu\u00e1ria, economia e previs\u00e3o do tempo: <\/em><a href=\"https:\/\/www.whatsapp.com\/channel\/0029Va9VnZxGk1FplZjiW43k\"><strong>siga o Canal Rural no WhatsApp<\/strong><\/a>!<\/p>\n<p>\u201cAinda n\u00e3o h\u00e1 previs\u00e3o de t\u00e9rmino dos trabalhos\u201d, disse, hoje (10), o chefe do Centro de Investiga\u00e7\u00e3o e Preven\u00e7\u00e3o de Acidentes Aeron\u00e1uticos (Cenipa), brigadeiro Marcelo Moreno, durante um r\u00e1pido pronunciamento \u00e0 jornalistas reunidos no acesso ao condom\u00ednio residencial onde a aeronave, um turboh\u00e9lice ATR-72, caiu por volta das 13h20 de ontem (9), em Vinhedo, no interior de S\u00e3o Paulo.<\/p>\n<p>\u201cEm fun\u00e7\u00e3o da import\u00e2ncia destas informa\u00e7\u00f5es, estamos priorizando a qualidade ao inv\u00e9s de celeridade\u201d, acrescentou Moreno ao explicar que as \u201ccaixas-pretas\u201d, ou seja, os gravadores de vozes e dados t\u00e9cnicos como a velocidade em que a aeronave voava no momento em que os pilotos perderam o controle, j\u00e1 est\u00e3o sendo analisados por t\u00e9cnicos, em Bras\u00edlia.<\/p>\n<p>\u201cIniciamos primeiro a tentativa de degrava\u00e7\u00e3o dos registros de voz e, na sequ\u00eancia, dos de dados\u201d, comentou o brigadeiro que, ontem, j\u00e1 tinha explicado que recuperar os registros das conversas entre piloto e co-piloto e dados t\u00e9cnicos do voo s\u00e3o fundamentais para que os investigadores consigam entender a ocorr\u00eancia e, assim, tentar evitar acidentes semelhantes.<\/p>\n<h2 class=\"wp-block-heading\">Resgatados<\/h2>\n<p>At\u00e9 por volta das 13h30, ao menos 31 das 62 v\u00edtimas fatais da queda do avi\u00e3o que fazia o voo 2283, de Cascavel (PR) a Guarulhos (SP), j\u00e1 tinham sido localizados. Embora os servidores de \u00f3rg\u00e3os de seguran\u00e7a e resgate federais e paulistas estejam trabalhando ininterruptamente, concentrados em uma pequena \u00e1rea residencial, o comandante-geral da Pol\u00edcia Militar, coronel C\u00e1ssio Ara\u00fajo de Freitas, destacou a dificuldade das buscas.<\/p>\n<p>\u201cVamos completar 24 horas desse epis\u00f3dio. A primeira viatura chegou aqui cinco minutos ap\u00f3s sermos acionados. Na sequ\u00eancia, chegaram as viaturas do Corpo de Bombeiros. E temos, aqui, homens e mulheres experientes, mas n\u00e3o \u00e9 f\u00e1cil o que eles est\u00e3o fazendo\u201d, comentou o comandante, relatando problemas com a presen\u00e7a de drones n\u00e3o autorizados na \u00e1rea do acidente. \u201cTivemos problemas com isso e utilizaremos os equipamentos que temos para, se necess\u00e1rio, tirarmos fora de a\u00e7\u00e3o os drones que n\u00e3o perten\u00e7am a alguma ag\u00eancia envolvida na opera\u00e7\u00e3o\u201d.<\/p>\n<p>O superintendente da Pol\u00edcia Federal (PF) em S\u00e3o Paulo, Rodrigo Luis Sanfurgo, refor\u00e7ou ser dif\u00edcil falar quando os trabalhos ser\u00e3o conclu\u00eddos. \u201cN\u00e3o podemos falar em prazo. Da parte da PF, o que podemos afirmar \u00e9 que estamos trabalhando incansavelmente para finalizarmos este trabalho, identificando todas as v\u00edtimas, e que realizamos todos os procedimentos para preservar o local e colher os elementos necess\u00e1rios \u00e0 instru\u00e7\u00e3o de nossa investiga\u00e7\u00e3o\u201d, comentou o superintendente.<\/p>\n<p>O post <a href=\"https:\/\/www.canalrural.com.br\/nacional\/autoridades-dizem-ser-cedo-para-falar-sobre-fim-de-trabalhos-de-busca\/\">Autoridades dizem ser cedo para falar sobre fim de trabalhos de busca<\/a> apareceu primeiro em <a href=\"https:\/\/www.canalrural.com.br\/\">Canal Rural<\/a>.<\/p>","protected":false},"excerpt":{"rendered":"<p>Foto: Paulo Pinto\/Ag\u00eancia Brasil Representantes dos \u00f3rg\u00e3os federais e do estado de S\u00e3o Paulo que participam dos trabalhos de retirada e identifica\u00e7\u00e3o dos corpos das v\u00edtimas da queda do avi\u00e3o da empresa a\u00e9rea Voepass (antiga Passaredo) disseram ainda ser cedo para falar em prazos para a conclus\u00e3o dos trabalhos. Confira na palma da m\u00e3o informa\u00e7\u00f5es quentes sobre agricultura, pecu\u00e1ria, economia e previs\u00e3o do tempo: siga o Canal Rural no WhatsApp! \u201cAinda n\u00e3o h\u00e1 previs\u00e3o de t\u00e9rmino dos trabalhos\u201d, disse, hoje (10), o chefe do Centro de Investiga\u00e7\u00e3o e Preven\u00e7\u00e3o de Acidentes Aeron\u00e1uticos (Cenipa), brigadeiro Marcelo Moreno, durante um r\u00e1pido pronunciamento \u00e0 jornalistas reunidos no acesso ao condom\u00ednio residencial onde a aeronave, um turboh\u00e9lice ATR-72, caiu por volta das 13h20 de ontem (9), em Vinhedo, no interior de S\u00e3o Paulo. \u201cEm fun\u00e7\u00e3o da import\u00e2ncia destas informa\u00e7\u00f5es, estamos priorizando a qualidade ao inv\u00e9s de celeridade\u201d, acrescentou Moreno ao explicar que as \u201ccaixas-pretas\u201d, ou seja, os gravadores de vozes e dados t\u00e9cnicos como a velocidade em que a aeronave voava no momento em que os pilotos perderam o controle, j\u00e1 est\u00e3o sendo analisados por t\u00e9cnicos, em Bras\u00edlia. \u201cIniciamos primeiro a tentativa de degrava\u00e7\u00e3o dos registros de voz e, na sequ\u00eancia, dos de dados\u201d, comentou o brigadeiro que, ontem, j\u00e1 tinha explicado que recuperar os registros das conversas entre piloto e co-piloto e dados t\u00e9cnicos do voo s\u00e3o fundamentais para que os investigadores consigam entender a ocorr\u00eancia e, assim, tentar evitar acidentes semelhantes. Resgatados At\u00e9 por volta das 13h30, ao menos 31 das 62 v\u00edtimas fatais da queda do avi\u00e3o que fazia o voo 2283, de Cascavel (PR) a Guarulhos (SP), j\u00e1 tinham sido localizados. Embora os servidores de \u00f3rg\u00e3os de seguran\u00e7a e resgate federais e paulistas estejam trabalhando ininterruptamente, concentrados em uma pequena \u00e1rea residencial, o comandante-geral da Pol\u00edcia Militar, coronel C\u00e1ssio Ara\u00fajo de Freitas, destacou a dificuldade das buscas. \u201cVamos completar 24 horas desse epis\u00f3dio. A primeira viatura chegou aqui cinco minutos ap\u00f3s sermos acionados. Na sequ\u00eancia, chegaram as viaturas do Corpo de Bombeiros. E temos, aqui, homens e mulheres experientes, mas n\u00e3o \u00e9 f\u00e1cil o que eles est\u00e3o fazendo\u201d, comentou o comandante, relatando problemas com a presen\u00e7a de drones n\u00e3o autorizados na \u00e1rea do acidente. \u201cTivemos problemas com isso e utilizaremos os equipamentos que temos para, se necess\u00e1rio, tirarmos fora de a\u00e7\u00e3o os drones que n\u00e3o perten\u00e7am a alguma ag\u00eancia envolvida na opera\u00e7\u00e3o\u201d. O superintendente da Pol\u00edcia Federal (PF) em S\u00e3o Paulo, Rodrigo Luis Sanfurgo, refor\u00e7ou ser dif\u00edcil falar quando os trabalhos ser\u00e3o conclu\u00eddos. \u201cN\u00e3o podemos falar em prazo. Da parte da PF, o que podemos afirmar \u00e9 que estamos trabalhando incansavelmente para finalizarmos este trabalho, identificando todas as v\u00edtimas, e que realizamos todos os procedimentos para preservar o local e colher os elementos necess\u00e1rios \u00e0 instru\u00e7\u00e3o de nossa investiga\u00e7\u00e3o\u201d, comentou o superintendente. O post Autoridades dizem ser cedo para falar sobre fim de trabalhos de busca apareceu primeiro em Canal Rural.<\/p>\n","protected":false},"author":0,"featured_media":0,"comment_status":"open","ping_status":"open","sticky":false,"template":"","format":"standard","meta":{"_monsterinsights_skip_tracking":false,"_monsterinsights_sitenote_active":false,"_monsterinsights_sitenote_note":"","_monsterinsights_sitenote_category":0,"footnotes":""},"categories":[1],"tags":[],"class_list":["post-1173","post","type-post","status-publish","format-standard","hentry","category-agronegocio"],"_links":{"self":[{"href":"https:\/\/senhorafrutta.com.br\/index.php\/wp-json\/wp\/v2\/posts\/1173","targetHints":{"allow":["GET"]}}],"collection":[{"href":"https:\/\/senhorafrutta.com.br\/index.php\/wp-json\/wp\/v2\/posts"}],"about":[{"href":"https:\/\/senhorafrutta.com.br\/index.php\/wp-json\/wp\/v2\/types\/post"}],"replies":[{"embeddable":true,"href":"https:\/\/senhorafrutta.com.br\/index.php\/wp-json\/wp\/v2\/comments?post=1173"}],"version-history":[{"count":0,"href":"https:\/\/senhorafrutta.com.br\/index.php\/wp-json\/wp\/v2\/posts\/1173\/revisions"}],"wp:attachment":[{"href":"https:\/\/senhorafrutta.com.br\/index.php\/wp-json\/wp\/v2\/media?parent=1173"}],"wp:term":[{"taxonomy":"category","embeddable":true,"href":"https:\/\/senhorafrutta.com.br\/index.php\/wp-json\/wp\/v2\/categories?post=1173"},{"taxonomy":"post_tag","embeddable":true,"href":"https:\/\/senhorafrutta.com.br\/index.php\/wp-json\/wp\/v2\/tags?post=1173"}],"curies":[{"name":"wp","href":"https:\/\/api.w.org\/{rel}","templated":true}]}}