{"id":11717,"date":"2025-05-26T13:28:58","date_gmt":"2025-05-26T13:28:58","guid":{"rendered":"https:\/\/senhorafrutta.com.br\/index.php\/2025\/05\/26\/feijao-carioca-tem-queda-de-preco-e-cotacao-do-feijao-preto-se-mantem\/"},"modified":"2025-05-26T13:28:58","modified_gmt":"2025-05-26T13:28:58","slug":"feijao-carioca-tem-queda-de-preco-e-cotacao-do-feijao-preto-se-mantem","status":"publish","type":"post","link":"https:\/\/senhorafrutta.com.br\/index.php\/2025\/05\/26\/feijao-carioca-tem-queda-de-preco-e-cotacao-do-feijao-preto-se-mantem\/","title":{"rendered":"Feij\u00e3o-carioca tem queda de pre\u00e7o e cota\u00e7\u00e3o do feij\u00e3o-preto se mant\u00e9m"},"content":{"rendered":"<p> [ad_1]<br \/>\n<br \/><img decoding=\"async\" src=\"https:\/\/imagens-cdn.canalrural.com.br\/2024\/11\/1473170375447.jpg\" \/><\/p>\n<div>\n<p>Os pre\u00e7os dos feij\u00f5es apresentaram varia\u00e7\u00f5es distintas na terceira semana de maio, refletindo o avan\u00e7o das atividades de colheita da segunda safra e a din\u00e2mica da demanda por diferentes padr\u00f5es de qualidade. \u00c9 o que aponta levantamento realizado em parceira entre o Centro de Estudos Avan\u00e7aos em Economia Aplicada (Cepea) e a Confedera\u00e7\u00e3o da Agricultura e Pecu\u00e1ria do Brasil (CNA).<\/p>\n<p>Pesquisadores do Cepea destacam, por\u00e9m, que as varia\u00e7\u00f5es negativas foram menos intensas, o que pode sinalizar que os pre\u00e7os teriam alcan\u00e7ado um patamar m\u00ednimo aceit\u00e1vel por vendedores. <\/p>\n<p>No caso do feij\u00e3o-carioca, dados do Cepea mostram que a fraca demanda resultou em queda nos valores, especialmente em Goi\u00e1s, Bahia e Rio Grande do Sul. Na \u00faltima sexta-feira (23), a saca do gr\u00e3o no centro\/noroeste goiano estava cotada a R$ 256,25.<\/p>\n<\/div>\n<div>\n<p>J\u00e1 para o feij\u00e3o-preto, a demanda mais aquecida acabou dando sustenta\u00e7\u00e3o aos pre\u00e7os. Al\u00e9m disso, produtores estruturados optaram por armazenar os lotes, \u00e0 espera de valoriza\u00e7\u00f5es. Na sexta, a cota\u00e7\u00e3o da saca de feij\u00e3o-preto em Itapeva (SP) era de R$ 159,88.<\/p>\n<p>No campo, a colheita da primeira safra est\u00e1 sendo finalizada, somando 97% da \u00e1rea at\u00e9 o dia 17 de maio, segundo dados da Companhia Nacional de Abastecimento (Conab). <\/p>\n<p>No caso da segunda safra, a colheita tem sido realizada sobretudo na regi\u00e3o Sul, totalizando praticamente metade da \u00e1rea cultivada. Segundo pesquisadores do Cepea, chuvas na regi\u00e3o, no entanto, interromperam temporariamente as atividades nos \u00faltimos dias.<\/p>\n<\/p><\/div>\n<p>[ad_2]<br \/>\n<br \/><a href=\"https:\/\/www.canalrural.com.br\/diversos\/feijao-carioca-tem-queda-de-preco-e-cotacao-do-feijao-preto-se-mantem\/\">Source link <\/a><\/p>\n","protected":false},"excerpt":{"rendered":"<p>[ad_1] Os pre\u00e7os dos feij\u00f5es apresentaram varia\u00e7\u00f5es distintas na terceira semana de maio, refletindo o avan\u00e7o das atividades de colheita da segunda safra e a din\u00e2mica da demanda por diferentes padr\u00f5es de qualidade. \u00c9 o que aponta levantamento realizado em parceira entre o Centro de Estudos Avan\u00e7aos em Economia Aplicada (Cepea) e a Confedera\u00e7\u00e3o da Agricultura e Pecu\u00e1ria do Brasil (CNA). Pesquisadores do Cepea destacam, por\u00e9m, que as varia\u00e7\u00f5es negativas foram menos intensas, o que pode sinalizar que os pre\u00e7os teriam alcan\u00e7ado um patamar m\u00ednimo aceit\u00e1vel por vendedores. No caso do feij\u00e3o-carioca, dados do Cepea mostram que a fraca demanda resultou em queda nos valores, especialmente em Goi\u00e1s, Bahia e Rio Grande do Sul. Na \u00faltima sexta-feira (23), a saca do gr\u00e3o no centro\/noroeste goiano estava cotada a R$ 256,25. J\u00e1 para o feij\u00e3o-preto, a demanda mais aquecida acabou dando sustenta\u00e7\u00e3o aos pre\u00e7os. Al\u00e9m disso, produtores estruturados optaram por armazenar os lotes, \u00e0 espera de valoriza\u00e7\u00f5es. Na sexta, a cota\u00e7\u00e3o da saca de feij\u00e3o-preto em Itapeva (SP) era de R$ 159,88. No campo, a colheita da primeira safra est\u00e1 sendo finalizada, somando 97% da \u00e1rea at\u00e9 o dia 17 de maio, segundo dados da Companhia Nacional de Abastecimento (Conab). No caso da segunda safra, a colheita tem sido realizada sobretudo na regi\u00e3o Sul, totalizando praticamente metade da \u00e1rea cultivada. Segundo pesquisadores do Cepea, chuvas na regi\u00e3o, no entanto, interromperam temporariamente as atividades nos \u00faltimos dias. [ad_2] Source link<\/p>\n","protected":false},"author":1,"featured_media":11718,"comment_status":"","ping_status":"open","sticky":false,"template":"","format":"standard","meta":{"_monsterinsights_skip_tracking":false,"_monsterinsights_sitenote_active":false,"_monsterinsights_sitenote_note":"","_monsterinsights_sitenote_category":0,"footnotes":""},"categories":[1],"tags":[],"class_list":["post-11717","post","type-post","status-publish","format-standard","has-post-thumbnail","hentry","category-agronegocio"],"_links":{"self":[{"href":"https:\/\/senhorafrutta.com.br\/index.php\/wp-json\/wp\/v2\/posts\/11717","targetHints":{"allow":["GET"]}}],"collection":[{"href":"https:\/\/senhorafrutta.com.br\/index.php\/wp-json\/wp\/v2\/posts"}],"about":[{"href":"https:\/\/senhorafrutta.com.br\/index.php\/wp-json\/wp\/v2\/types\/post"}],"author":[{"embeddable":true,"href":"https:\/\/senhorafrutta.com.br\/index.php\/wp-json\/wp\/v2\/users\/1"}],"replies":[{"embeddable":true,"href":"https:\/\/senhorafrutta.com.br\/index.php\/wp-json\/wp\/v2\/comments?post=11717"}],"version-history":[{"count":0,"href":"https:\/\/senhorafrutta.com.br\/index.php\/wp-json\/wp\/v2\/posts\/11717\/revisions"}],"wp:featuredmedia":[{"embeddable":true,"href":"https:\/\/senhorafrutta.com.br\/index.php\/wp-json\/wp\/v2\/media\/11718"}],"wp:attachment":[{"href":"https:\/\/senhorafrutta.com.br\/index.php\/wp-json\/wp\/v2\/media?parent=11717"}],"wp:term":[{"taxonomy":"category","embeddable":true,"href":"https:\/\/senhorafrutta.com.br\/index.php\/wp-json\/wp\/v2\/categories?post=11717"},{"taxonomy":"post_tag","embeddable":true,"href":"https:\/\/senhorafrutta.com.br\/index.php\/wp-json\/wp\/v2\/tags?post=11717"}],"curies":[{"name":"wp","href":"https:\/\/api.w.org\/{rel}","templated":true}]}}