{"id":11654,"date":"2025-05-23T00:17:13","date_gmt":"2025-05-23T00:17:13","guid":{"rendered":"https:\/\/senhorafrutta.com.br\/index.php\/2025\/05\/23\/grande-onda-de-frio-ja-tem-data-marcada-e-deve-gerar-temperaturas-negativas\/"},"modified":"2025-05-23T00:17:13","modified_gmt":"2025-05-23T00:17:13","slug":"grande-onda-de-frio-ja-tem-data-marcada-e-deve-gerar-temperaturas-negativas","status":"publish","type":"post","link":"https:\/\/senhorafrutta.com.br\/index.php\/2025\/05\/23\/grande-onda-de-frio-ja-tem-data-marcada-e-deve-gerar-temperaturas-negativas\/","title":{"rendered":"Grande onda de frio j\u00e1 tem data marcada e deve gerar temperaturas negativas"},"content":{"rendered":"<p> [ad_1]<br \/>\n<\/p>\n<div>\n<p>A virada de maio para junho de 2025 reserva a entrada de uma potente e grande massa de ar frio de origem polar sobre Am\u00e9rica do Sul, com potencial para avan\u00e7ar com muita for\u00e7a sobre o territ\u00f3rio brasileiro.<\/p>\n<p>Voc\u00ea quer entender como usar o clima a seu favor?<b> <\/b><a href=\"https:\/\/climacampo.canalrural.com.br\/climacampo_-01\">Preparamos um e-book exclusivo<\/a> para ajudar produtores rurais a se antecipar \u00e0s mudan\u00e7as do tempo e planejar melhor suas a\u00e7\u00f5es. Com base em previs\u00f5es meteorol\u00f3gicas confi\u00e1veis, ele oferece orienta\u00e7\u00f5es pr\u00e1ticas para proteger sua lavoura e otimizar seus resultados.<\/p>\n<p>De acordo com a <strong><a href=\"https:\/\/www.canalrural.com.br\/tag\/climatempo\">Climatempo<\/a><\/strong>, a condi\u00e7\u00e3o vem sendo confirmada nos \u00faltimos dias em simula\u00e7\u00f5es atmosf\u00e9ricas feitas em super computadores.<\/p>\n<p>\u201cAo que tudo indica, ser\u00e1 a primeira onda de frio de 2025 e que poder\u00e1 causar uma queda de temperatura bastante acentuada n\u00e3o s\u00f3 na Regi\u00e3o Sul, mas em grande parte do Sudeste, do Centro-Oeste e tamb\u00e9m em Rond\u00f4nia, no Acre e no sul do Amazonas\u201d, diz a empresa, em nota. <\/p>\n<h2 class=\"wp-block-heading\" id=\"h-massa-de-ar-frio-continental\">Massa de ar frio continental<\/h2>\n<p>O grande diferencial desta massa de ar frio \u00e9 que ela deve ter caracter\u00edsticas continentais, conforme a Climatempo. <\/p>\n<p>\u201cIsso quer dizer que o ar de origem polar vai se deslocar pelo interior da Am\u00e9rica do Sul e n\u00e3o sobre o oceano. A maioria das massas de ar frio que chegam ao Brasil passam mais tempo sobre o oceano e isso enfraquece o poder de resfriamento\u201d, esclarece. <\/p>\n<p>Segundo os meteorologistas da empresa, uma massa de ar frio continental normalmente tem pouca umidade, fazendo com que seu potencial de resfriamento seja muito maior. Por\u00e9m, as que s\u00e3o continentais conseguem levar o ar gelado para o Brasil, causando temperaturas realmente baixas no interior do Sudeste, no Centro-Oeste e tamb\u00e9m o fen\u00f4meno da friagem em parte da regi\u00e3o Norte.<\/p>\n<h2 class=\"wp-block-heading\" id=\"h-dois-pulsos-de-ar-polar\">Dois pulsos de ar polar<\/h2>\n<p>An\u00e1lises mais recentes mostraram que este intenso resfriamento sobre o Brasil poder\u00e1 acontecer em duas partes, com o ar polar avan\u00e7ando no pa\u00eds em dois pulsos. <\/p>\n<\/div>\n<div>\n<p>A primeira dose deste ar frio intenso deve vir junto com uma frente fria que provavelmente come\u00e7ar\u00e1 a causar chuva sobre o Sul do Brasil e sobre o Paraguai no dia 27 de maio. J\u00e1 no dia 28, enquanto o ar polar avan\u00e7a sobre o Sul e o Mato Grosso do Sul, a instabilidade da frente fria deve se espalhar sobre parte de S\u00e3o Paulo e de Mato Grosso. <\/p>\n<p>Segundo a Climatempo, nos dias 29 e 30 de maio, o ar polar j\u00e1 deve causar uma queda da temperatura muito acentuada em \u00e1reas do Sul do Brasil, de Mato Grosso do Sul e tamb\u00e9m do oeste e sul de Mato Grosso. <\/p>\n<p>\u201c\u00c9 poss\u00edvel que o vento gelado j\u00e1 alcance at\u00e9 parte de Rond\u00f4nia e do Acre. Em S\u00e3o Paulo, a queda da temperatura ainda n\u00e3o seria muito brusca por causa do excesso de nebulosidade e chuva. Estes dois dias ainda devem ser marcados por temperaturas altas e calor na maioria das \u00e1reas do Sudeste e do Centro-Oeste.\u201d<\/p>\n<p>O segundo pulso de ar polar, e que vai refor\u00e7ar o primeiro, deve avan\u00e7ar sobre o Brasil entre os dias 31 de maio e 1 de junho, fazendo com que o ar frio seja empurrado de vez sobre as regi\u00f5es Sudeste e Centro-oeste do Brasil.<\/p>\n<p>\u201cEssas proje\u00e7\u00f5es s\u00e3o iniciais e ainda v\u00e3o sofrer v\u00e1rios ajustes de rota na pr\u00f3xima semana, considerando as condi\u00e7\u00f5es reais do tempo que estar\u00e3o sendo observadas sobre o Brasil e sobre a Am\u00e9rica do Sul. Essas varia\u00e7\u00f5es s\u00e3o muito comuns e poderemos ter atraso ou um adiantamento da entrada do ar frio\u201d, diz a Climatempo.<\/p>\n<h2 class=\"wp-block-heading\" id=\"h-temperatura-negativas\">Temperatura negativas<\/h2>\n<figure class=\"wp-block-image size-large\"><img fetchpriority=\"high\" decoding=\"async\" width=\"640\" height=\"383\" src=\"https:\/\/imagens-cdn.canalrural.com.br\/wp-content\/uploads\/frio_em_sao_joaquim-640x383.jpg\" alt=\"Fim de semana dos namorados ser\u00e1 com muito frio, sol e chuva pelo Brasil\" class=\"wp-image-2858246\" srcset=\"https:\/\/imagens-cdn.canalrural.com.br\/wp-content\/uploads\/frio_em_sao_joaquim-150x90.jpg 150w, https:\/\/imagens-cdn.canalrural.com.br\/wp-content\/uploads\/frio_em_sao_joaquim.jpg 1170w\" sizes=\"(max-width: 640px) 100vw, 640px\"\/><figcaption class=\"wp-element-caption\">Foto: James Tavares\/Secom<\/figcaption><\/figure>\n<p>A empresa destaca que, tecnicamente, ainda \u00e9 cedo para precisar valores de temperatura e definir as \u00e1reas que ficar\u00e3o mais geladas, bem como o tempo de dura\u00e7\u00e3o da atua\u00e7\u00e3o da onda de frio. Mas alguns impactos j\u00e1 podem ser adiantados:<\/p>\n<p>Os tr\u00eas estados da regi\u00e3o Sul do Brasil v\u00e3o registrar temperaturas negativas: term\u00f4metros poder\u00e3o marcar menos de 0\u00b0C at\u00e9 em locais fora das regi\u00f5es serranas.<\/p>\n<blockquote class=\"wp-block-quote is-layout-flow wp-block-quote-is-layout-flow\">\n<p>\u201cNuma primeira an\u00e1lise, temperaturas um pouco abaixo de 0\u00b0C poderiam ocorrer em \u00e1reas de Mato Grosso do Sul e tamb\u00e9m em S\u00e3o Paulo.\u201d<\/p>\n<\/blockquote>\n<p>De acordo com a Climatempo, \u00e9 poss\u00edvel que um novo recorde de baixa nos term\u00f4metros em 2025 seja registrado no Brasil. At\u00e9 o dia 22 de maio, a menor temperatura oficial foi de <strong>-3,2\u00b0C<\/strong> na regi\u00e3o do Caminhos da Neve, em S\u00e3o Joaquim, na serra de Santa Catarina.<\/p>\n<\/p><\/div>\n<p>[ad_2]<br \/>\n<br \/><a href=\"https:\/\/www.canalrural.com.br\/tempo\/grande-onda-de-frio-ja-tem-data-marcada-e-deve-gerar-temperaturas-negativas\/\">Source link <\/a><\/p>\n","protected":false},"excerpt":{"rendered":"<p>[ad_1] A virada de maio para junho de 2025 reserva a entrada de uma potente e grande massa de ar frio de origem polar sobre Am\u00e9rica do Sul, com potencial para avan\u00e7ar com muita for\u00e7a sobre o territ\u00f3rio brasileiro. Voc\u00ea quer entender como usar o clima a seu favor? Preparamos um e-book exclusivo para ajudar produtores rurais a se antecipar \u00e0s mudan\u00e7as do tempo e planejar melhor suas a\u00e7\u00f5es. Com base em previs\u00f5es meteorol\u00f3gicas confi\u00e1veis, ele oferece orienta\u00e7\u00f5es pr\u00e1ticas para proteger sua lavoura e otimizar seus resultados. De acordo com a Climatempo, a condi\u00e7\u00e3o vem sendo confirmada nos \u00faltimos dias em simula\u00e7\u00f5es atmosf\u00e9ricas feitas em super computadores. \u201cAo que tudo indica, ser\u00e1 a primeira onda de frio de 2025 e que poder\u00e1 causar uma queda de temperatura bastante acentuada n\u00e3o s\u00f3 na Regi\u00e3o Sul, mas em grande parte do Sudeste, do Centro-Oeste e tamb\u00e9m em Rond\u00f4nia, no Acre e no sul do Amazonas\u201d, diz a empresa, em nota. Massa de ar frio continental O grande diferencial desta massa de ar frio \u00e9 que ela deve ter caracter\u00edsticas continentais, conforme a Climatempo. \u201cIsso quer dizer que o ar de origem polar vai se deslocar pelo interior da Am\u00e9rica do Sul e n\u00e3o sobre o oceano. A maioria das massas de ar frio que chegam ao Brasil passam mais tempo sobre o oceano e isso enfraquece o poder de resfriamento\u201d, esclarece. Segundo os meteorologistas da empresa, uma massa de ar frio continental normalmente tem pouca umidade, fazendo com que seu potencial de resfriamento seja muito maior. Por\u00e9m, as que s\u00e3o continentais conseguem levar o ar gelado para o Brasil, causando temperaturas realmente baixas no interior do Sudeste, no Centro-Oeste e tamb\u00e9m o fen\u00f4meno da friagem em parte da regi\u00e3o Norte. Dois pulsos de ar polar An\u00e1lises mais recentes mostraram que este intenso resfriamento sobre o Brasil poder\u00e1 acontecer em duas partes, com o ar polar avan\u00e7ando no pa\u00eds em dois pulsos. A primeira dose deste ar frio intenso deve vir junto com uma frente fria que provavelmente come\u00e7ar\u00e1 a causar chuva sobre o Sul do Brasil e sobre o Paraguai no dia 27 de maio. J\u00e1 no dia 28, enquanto o ar polar avan\u00e7a sobre o Sul e o Mato Grosso do Sul, a instabilidade da frente fria deve se espalhar sobre parte de S\u00e3o Paulo e de Mato Grosso. Segundo a Climatempo, nos dias 29 e 30 de maio, o ar polar j\u00e1 deve causar uma queda da temperatura muito acentuada em \u00e1reas do Sul do Brasil, de Mato Grosso do Sul e tamb\u00e9m do oeste e sul de Mato Grosso. \u201c\u00c9 poss\u00edvel que o vento gelado j\u00e1 alcance at\u00e9 parte de Rond\u00f4nia e do Acre. Em S\u00e3o Paulo, a queda da temperatura ainda n\u00e3o seria muito brusca por causa do excesso de nebulosidade e chuva. Estes dois dias ainda devem ser marcados por temperaturas altas e calor na maioria das \u00e1reas do Sudeste e do Centro-Oeste.\u201d O segundo pulso de ar polar, e que vai refor\u00e7ar o primeiro, deve avan\u00e7ar sobre o Brasil entre os dias 31 de maio e 1 de junho, fazendo com que o ar frio seja empurrado de vez sobre as regi\u00f5es Sudeste e Centro-oeste do Brasil. \u201cEssas proje\u00e7\u00f5es s\u00e3o iniciais e ainda v\u00e3o sofrer v\u00e1rios ajustes de rota na pr\u00f3xima semana, considerando as condi\u00e7\u00f5es reais do tempo que estar\u00e3o sendo observadas sobre o Brasil e sobre a Am\u00e9rica do Sul. Essas varia\u00e7\u00f5es s\u00e3o muito comuns e poderemos ter atraso ou um adiantamento da entrada do ar frio\u201d, diz a Climatempo. Temperatura negativas Foto: James Tavares\/Secom A empresa destaca que, tecnicamente, ainda \u00e9 cedo para precisar valores de temperatura e definir as \u00e1reas que ficar\u00e3o mais geladas, bem como o tempo de dura\u00e7\u00e3o da atua\u00e7\u00e3o da onda de frio. Mas alguns impactos j\u00e1 podem ser adiantados: Os tr\u00eas estados da regi\u00e3o Sul do Brasil v\u00e3o registrar temperaturas negativas: term\u00f4metros poder\u00e3o marcar menos de 0\u00b0C at\u00e9 em locais fora das regi\u00f5es serranas. \u201cNuma primeira an\u00e1lise, temperaturas um pouco abaixo de 0\u00b0C poderiam ocorrer em \u00e1reas de Mato Grosso do Sul e tamb\u00e9m em S\u00e3o Paulo.\u201d De acordo com a Climatempo, \u00e9 poss\u00edvel que um novo recorde de baixa nos term\u00f4metros em 2025 seja registrado no Brasil. At\u00e9 o dia 22 de maio, a menor temperatura oficial foi de -3,2\u00b0C na regi\u00e3o do Caminhos da Neve, em S\u00e3o Joaquim, na serra de Santa Catarina. [ad_2] Source link<\/p>\n","protected":false},"author":1,"featured_media":11655,"comment_status":"","ping_status":"open","sticky":false,"template":"","format":"standard","meta":{"_monsterinsights_skip_tracking":false,"_monsterinsights_sitenote_active":false,"_monsterinsights_sitenote_note":"","_monsterinsights_sitenote_category":0,"footnotes":""},"categories":[1],"tags":[],"class_list":["post-11654","post","type-post","status-publish","format-standard","has-post-thumbnail","hentry","category-agronegocio"],"_links":{"self":[{"href":"https:\/\/senhorafrutta.com.br\/index.php\/wp-json\/wp\/v2\/posts\/11654","targetHints":{"allow":["GET"]}}],"collection":[{"href":"https:\/\/senhorafrutta.com.br\/index.php\/wp-json\/wp\/v2\/posts"}],"about":[{"href":"https:\/\/senhorafrutta.com.br\/index.php\/wp-json\/wp\/v2\/types\/post"}],"author":[{"embeddable":true,"href":"https:\/\/senhorafrutta.com.br\/index.php\/wp-json\/wp\/v2\/users\/1"}],"replies":[{"embeddable":true,"href":"https:\/\/senhorafrutta.com.br\/index.php\/wp-json\/wp\/v2\/comments?post=11654"}],"version-history":[{"count":0,"href":"https:\/\/senhorafrutta.com.br\/index.php\/wp-json\/wp\/v2\/posts\/11654\/revisions"}],"wp:featuredmedia":[{"embeddable":true,"href":"https:\/\/senhorafrutta.com.br\/index.php\/wp-json\/wp\/v2\/media\/11655"}],"wp:attachment":[{"href":"https:\/\/senhorafrutta.com.br\/index.php\/wp-json\/wp\/v2\/media?parent=11654"}],"wp:term":[{"taxonomy":"category","embeddable":true,"href":"https:\/\/senhorafrutta.com.br\/index.php\/wp-json\/wp\/v2\/categories?post=11654"},{"taxonomy":"post_tag","embeddable":true,"href":"https:\/\/senhorafrutta.com.br\/index.php\/wp-json\/wp\/v2\/tags?post=11654"}],"curies":[{"name":"wp","href":"https:\/\/api.w.org\/{rel}","templated":true}]}}