{"id":11631,"date":"2025-05-22T03:55:24","date_gmt":"2025-05-22T03:55:24","guid":{"rendered":"https:\/\/senhorafrutta.com.br\/index.php\/2025\/05\/22\/frente-fria-deve-mudar-o-tempo-seco-em-tres-estados\/"},"modified":"2025-05-22T03:55:24","modified_gmt":"2025-05-22T03:55:24","slug":"frente-fria-deve-mudar-o-tempo-seco-em-tres-estados","status":"publish","type":"post","link":"https:\/\/senhorafrutta.com.br\/index.php\/2025\/05\/22\/frente-fria-deve-mudar-o-tempo-seco-em-tres-estados\/","title":{"rendered":"Frente fria deve mudar o tempo seco em tr\u00eas estados"},"content":{"rendered":"<p> [ad_1]<br \/>\n<br \/><img decoding=\"async\" src=\"https:\/\/imagens-cdn.canalrural.com.br\/wp-content\/uploads\/frente-fria-estrada-nebulosidade-tempo-carregado-nuvens.jpg\" \/><\/p>\n<div>\n<p>Depois de v\u00e1rios dias ensolarados e com baixa umidade no ar, a regi\u00e3o da <strong>Grande S\u00e3o Paulo <\/strong>come\u00e7ou a ver as mudan\u00e7as no tempo nesta quarta-feira (21). Isso porque a passagem de uma frente fria pelo litoral paulista trouxe mais umidade, estimulando a forma\u00e7\u00e3o de muitas nuvens.<\/p>\n<p>De acordo com a Climatempo, o sistema avan\u00e7a tamb\u00e9m para o <strong>Rio de Janeiro<\/strong> e tamb\u00e9m vai causar muitas mudan\u00e7as no tempo por l\u00e1 nos pr\u00f3ximos dias. Al\u00e9m disso, a umidade e as condi\u00e7\u00f5es para chuva tendem a aumentar, tamb\u00e9m, no <strong>Esp\u00edrito Santo<\/strong>.<\/p>\n<h2 class=\"wp-block-heading\" id=\"h-frente-fria-oceanica\">Frente fria oce\u00e2nica<\/h2>\n<p>A frente fria que come\u00e7a a impactar grande parte do Sudeste \u00e9 do tipo oce\u00e2nica, conforme a Climatempo. Isso significa que seu maior impacto ser\u00e1 nas \u00e1reas pr\u00f3ximas ao mar. O interior da regi\u00e3o, por exemplo, quase n\u00e3o sentir\u00e1 os seus efeitos, onde o ar quente e seco ainda vai predominar.<\/p>\n<\/div>\n<div>\n<p>Ainda assim, mudan\u00e7as relevantes no clima est\u00e3o previstas:<\/p>\n<ul class=\"wp-block-list\">\n<li><strong>Volta a chover no leste de S\u00e3o Paulo:<\/strong> durante esta quinta-feira (22), a umidade aumenta ainda mais no leste do estado de S\u00e3o Paulo. No entanto, praticamente todo o interior paulista vai continuar com o sol e tempo seco, sem expectativa de chuva. A quinta e a sexta-feira ser\u00e3o marcadas por muitas nuvens sobre a Grande S\u00e3o Paulo, com expectativa de chuva a qualquer momento. Assim, essas \u00e1reas e tamb\u00e9m o Vale do Para\u00edba podem ter chuva com moderada a forte intensidade, mas n\u00e3o necessariamente com raios.<\/li>\n<li><strong>Risco de chuva forte:<\/strong> a intensifica\u00e7\u00e3o dos ventos mar\u00edtimos que acontece nesta quinta-feira estimula muitas nuvens carregadas pelo litoral de S\u00e3o Paulo. A Climatempo alerta para a ocorr\u00eancia de chuva forte em v\u00e1rios momentos do dia no litoral sul e na Baixada Santista. A chuva se prolonga por v\u00e1rias horas. J\u00e1 o litoral norte paulista tamb\u00e9m ter\u00e1 chuva, mas o risco de tempestades \u00e9 maior durante a sexta-feira (23). A nebulosidade diminui no leste de S\u00e3o Paulo durante o s\u00e1bado e o sol volta a aparecer. O tempo deve ficar firme durante o domingo, inclusive na Grande S\u00e3o Paulo.<\/li>\n<li><strong>Chuva aumenta no Rio de Janeiro:<\/strong> a nova frente fria avan\u00e7a pelo Rio de Janeiro nesta quinta-feira, mas o Grande Rio e a maioria das \u00e1reas fluminenses ainda ter\u00e1 predom\u00ednio de sol. Durante a noite pode come\u00e7ar a chuviscar em algumas \u00e1reas. Contudo, \u00e9 necess\u00e1rio aten\u00e7\u00e3o na regi\u00e3o de Paraty e de Angra dos Reis, munic\u00edpios onde a chuva j\u00e1 pode cair com moderada a forte intensidade. \u00c9 na sexta-feira e tamb\u00e9m no s\u00e1bado que todo estado do Rio de Janeiro ficar\u00e1 com o tempo inst\u00e1vel, com muita nebulosidade e chuva a qualquer hora. H\u00e1 risco de chuva moderada forte durante a sexta-feira, principalmente nas \u00e1reas litor\u00e2neas, conforme a Climatempo. Ainda deve chover durante o s\u00e1bado em todo o estado do Rio, mas o sol volta a predominar durante o domingo.<\/li>\n<li><strong>Mais chuva no Esp\u00edrito Santo:<\/strong> o sol deve predominar sobre o Esp\u00edrito Santo nesta quinta-feira, apenas com uma possibilidade de chuva moderada no litoral norte capixaba. A nova frente fria que avan\u00e7a pela costa do Sudeste nos pr\u00f3ximos dias chega ao estado na sexta-feira. Por\u00e9m, o maior impacto no litoral ser\u00e1 sentido durante o fim de semana. O s\u00e1bado (24) e o domingo (25 ) ser\u00e3o marcados por muita nebulosidade em todo o Esp\u00edrito Santo e a chuva volta a cair com frequ\u00eancia, a qualquer hora. O risco de chuva de moderada para forte intensidade \u00e9 maior durante o domingo. Com aumento da nebulosidade e da chuva, a temperatura volta a ter uma ligeira queda no estado.<\/li>\n<li><strong>Tempo seco predomina em Minas Gerais:<\/strong> a passagem da nova pente fria pela costa da Regi\u00e3o Sudeste praticamente n\u00e3o ter\u00e1 efeito sobre o estado de Minas Gerais. Assim, n\u00e3o h\u00e1 expectativa de chuva para a grande Belo Horizonte e nem para \u00e1reas como Tri\u00e2ngulo Mineiro ou noroeste de mineiro.<\/li>\n<\/ul><\/div>\n<p>[ad_2]<br \/>\n<br \/><a href=\"https:\/\/www.canalrural.com.br\/tempo\/frente-fria-deve-mudar-o-tempo-seco-em-tres-estados\/\">Source link <\/a><\/p>\n","protected":false},"excerpt":{"rendered":"<p>[ad_1] Depois de v\u00e1rios dias ensolarados e com baixa umidade no ar, a regi\u00e3o da Grande S\u00e3o Paulo come\u00e7ou a ver as mudan\u00e7as no tempo nesta quarta-feira (21). Isso porque a passagem de uma frente fria pelo litoral paulista trouxe mais umidade, estimulando a forma\u00e7\u00e3o de muitas nuvens. De acordo com a Climatempo, o sistema avan\u00e7a tamb\u00e9m para o Rio de Janeiro e tamb\u00e9m vai causar muitas mudan\u00e7as no tempo por l\u00e1 nos pr\u00f3ximos dias. Al\u00e9m disso, a umidade e as condi\u00e7\u00f5es para chuva tendem a aumentar, tamb\u00e9m, no Esp\u00edrito Santo. Frente fria oce\u00e2nica A frente fria que come\u00e7a a impactar grande parte do Sudeste \u00e9 do tipo oce\u00e2nica, conforme a Climatempo. Isso significa que seu maior impacto ser\u00e1 nas \u00e1reas pr\u00f3ximas ao mar. O interior da regi\u00e3o, por exemplo, quase n\u00e3o sentir\u00e1 os seus efeitos, onde o ar quente e seco ainda vai predominar. Ainda assim, mudan\u00e7as relevantes no clima est\u00e3o previstas: Volta a chover no leste de S\u00e3o Paulo: durante esta quinta-feira (22), a umidade aumenta ainda mais no leste do estado de S\u00e3o Paulo. No entanto, praticamente todo o interior paulista vai continuar com o sol e tempo seco, sem expectativa de chuva. A quinta e a sexta-feira ser\u00e3o marcadas por muitas nuvens sobre a Grande S\u00e3o Paulo, com expectativa de chuva a qualquer momento. Assim, essas \u00e1reas e tamb\u00e9m o Vale do Para\u00edba podem ter chuva com moderada a forte intensidade, mas n\u00e3o necessariamente com raios. Risco de chuva forte: a intensifica\u00e7\u00e3o dos ventos mar\u00edtimos que acontece nesta quinta-feira estimula muitas nuvens carregadas pelo litoral de S\u00e3o Paulo. A Climatempo alerta para a ocorr\u00eancia de chuva forte em v\u00e1rios momentos do dia no litoral sul e na Baixada Santista. A chuva se prolonga por v\u00e1rias horas. J\u00e1 o litoral norte paulista tamb\u00e9m ter\u00e1 chuva, mas o risco de tempestades \u00e9 maior durante a sexta-feira (23). A nebulosidade diminui no leste de S\u00e3o Paulo durante o s\u00e1bado e o sol volta a aparecer. O tempo deve ficar firme durante o domingo, inclusive na Grande S\u00e3o Paulo. Chuva aumenta no Rio de Janeiro: a nova frente fria avan\u00e7a pelo Rio de Janeiro nesta quinta-feira, mas o Grande Rio e a maioria das \u00e1reas fluminenses ainda ter\u00e1 predom\u00ednio de sol. Durante a noite pode come\u00e7ar a chuviscar em algumas \u00e1reas. Contudo, \u00e9 necess\u00e1rio aten\u00e7\u00e3o na regi\u00e3o de Paraty e de Angra dos Reis, munic\u00edpios onde a chuva j\u00e1 pode cair com moderada a forte intensidade. \u00c9 na sexta-feira e tamb\u00e9m no s\u00e1bado que todo estado do Rio de Janeiro ficar\u00e1 com o tempo inst\u00e1vel, com muita nebulosidade e chuva a qualquer hora. H\u00e1 risco de chuva moderada forte durante a sexta-feira, principalmente nas \u00e1reas litor\u00e2neas, conforme a Climatempo. Ainda deve chover durante o s\u00e1bado em todo o estado do Rio, mas o sol volta a predominar durante o domingo. Mais chuva no Esp\u00edrito Santo: o sol deve predominar sobre o Esp\u00edrito Santo nesta quinta-feira, apenas com uma possibilidade de chuva moderada no litoral norte capixaba. A nova frente fria que avan\u00e7a pela costa do Sudeste nos pr\u00f3ximos dias chega ao estado na sexta-feira. Por\u00e9m, o maior impacto no litoral ser\u00e1 sentido durante o fim de semana. O s\u00e1bado (24) e o domingo (25 ) ser\u00e3o marcados por muita nebulosidade em todo o Esp\u00edrito Santo e a chuva volta a cair com frequ\u00eancia, a qualquer hora. O risco de chuva de moderada para forte intensidade \u00e9 maior durante o domingo. Com aumento da nebulosidade e da chuva, a temperatura volta a ter uma ligeira queda no estado. Tempo seco predomina em Minas Gerais: a passagem da nova pente fria pela costa da Regi\u00e3o Sudeste praticamente n\u00e3o ter\u00e1 efeito sobre o estado de Minas Gerais. Assim, n\u00e3o h\u00e1 expectativa de chuva para a grande Belo Horizonte e nem para \u00e1reas como Tri\u00e2ngulo Mineiro ou noroeste de mineiro. [ad_2] Source link<\/p>\n","protected":false},"author":1,"featured_media":10245,"comment_status":"","ping_status":"open","sticky":false,"template":"","format":"standard","meta":{"_monsterinsights_skip_tracking":false,"_monsterinsights_sitenote_active":false,"_monsterinsights_sitenote_note":"","_monsterinsights_sitenote_category":0,"footnotes":""},"categories":[1],"tags":[],"class_list":["post-11631","post","type-post","status-publish","format-standard","has-post-thumbnail","hentry","category-agronegocio"],"_links":{"self":[{"href":"https:\/\/senhorafrutta.com.br\/index.php\/wp-json\/wp\/v2\/posts\/11631","targetHints":{"allow":["GET"]}}],"collection":[{"href":"https:\/\/senhorafrutta.com.br\/index.php\/wp-json\/wp\/v2\/posts"}],"about":[{"href":"https:\/\/senhorafrutta.com.br\/index.php\/wp-json\/wp\/v2\/types\/post"}],"author":[{"embeddable":true,"href":"https:\/\/senhorafrutta.com.br\/index.php\/wp-json\/wp\/v2\/users\/1"}],"replies":[{"embeddable":true,"href":"https:\/\/senhorafrutta.com.br\/index.php\/wp-json\/wp\/v2\/comments?post=11631"}],"version-history":[{"count":0,"href":"https:\/\/senhorafrutta.com.br\/index.php\/wp-json\/wp\/v2\/posts\/11631\/revisions"}],"wp:featuredmedia":[{"embeddable":true,"href":"https:\/\/senhorafrutta.com.br\/index.php\/wp-json\/wp\/v2\/media\/10245"}],"wp:attachment":[{"href":"https:\/\/senhorafrutta.com.br\/index.php\/wp-json\/wp\/v2\/media?parent=11631"}],"wp:term":[{"taxonomy":"category","embeddable":true,"href":"https:\/\/senhorafrutta.com.br\/index.php\/wp-json\/wp\/v2\/categories?post=11631"},{"taxonomy":"post_tag","embeddable":true,"href":"https:\/\/senhorafrutta.com.br\/index.php\/wp-json\/wp\/v2\/tags?post=11631"}],"curies":[{"name":"wp","href":"https:\/\/api.w.org\/{rel}","templated":true}]}}