{"id":11619,"date":"2025-05-21T19:41:13","date_gmt":"2025-05-21T19:41:13","guid":{"rendered":"https:\/\/senhorafrutta.com.br\/index.php\/2025\/05\/21\/licenciamento-ambiental-e-avanco-para-o-agro-e-o-pais\/"},"modified":"2025-05-21T19:41:13","modified_gmt":"2025-05-21T19:41:13","slug":"licenciamento-ambiental-e-avanco-para-o-agro-e-o-pais","status":"publish","type":"post","link":"https:\/\/senhorafrutta.com.br\/index.php\/2025\/05\/21\/licenciamento-ambiental-e-avanco-para-o-agro-e-o-pais\/","title":{"rendered":"licenciamento ambiental \u00e9 avan\u00e7o para o agro e o pa\u00eds"},"content":{"rendered":"<p> [ad_1]<br \/>\n<\/p>\n<div>\n<p>A recente aprova\u00e7\u00e3o do marco do licenciamento ambiental pela Comiss\u00e3o de Meio Ambiente (CMA) do Senado Federal reacende uma das discuss\u00f5es mais importantes para o futuro do Brasil: como conciliar desenvolvimento com preserva\u00e7\u00e3o. <\/p>\n<p>O Projeto de Lei 2.159\/2021 n\u00e3o \u00e9 uma amea\u00e7a ao meio ambiente, como afirmam seus cr\u00edticos. Ao contr\u00e1rio, representa um passo necess\u00e1rio para preparar o pa\u00eds para o protagonismo que o mundo j\u00e1 lhe atribuiu: ser o grande fornecedor de alimentos do planeta nas pr\u00f3ximas d\u00e9cadas.<\/p>\n<p>Segundo proje\u00e7\u00f5es da Organiza\u00e7\u00e3o das Na\u00e7\u00f5es Unidas para Agricultura e Alimenta\u00e7\u00e3o (FAO), a produ\u00e7\u00e3o de alimentos precisar\u00e1 crescer cerca de 60% at\u00e9 2050 para atender \u00e0 demanda global. E n\u00e3o h\u00e1 outro pa\u00eds com as condi\u00e7\u00f5es naturais, tecnol\u00f3gicas e produtivas que o Brasil possui para liderar esse esfor\u00e7o. Afinal, temos \u00e1gua, clima, conhecimento t\u00e9cnico, produtores resilientes e uma agropecu\u00e1ria que, mesmo com adversidades, bate recordes ano ap\u00f3s ano.<\/p>\n<p>Mas n\u00e3o haver\u00e1 futuro sem seguran\u00e7a jur\u00eddica, agilidade e racionalidade nos processos de licenciamento. A atual legisla\u00e7\u00e3o \u00e9 fragmentada, burocr\u00e1tica, ineficaz e muitas vezes paralisante. Em vez de proteger, ela emperra, afasta investimentos e marginaliza pequenos produtores \u2014 sobretudo aqueles que vivem em \u00e1reas remotas e dependem da regulariza\u00e7\u00e3o para acessar cr\u00e9dito, assist\u00eancia t\u00e9cnica e mercados.<\/p>\n<\/div>\n<div>\n<h2 class=\"wp-block-heading\" id=\"h-licenciamento-inteligente-sem-ideologia\">Licenciamento inteligente, sem ideologia<\/h2>\n<p>O novo marco traz um caminho equilibrado. Preserva rigor para empreendimentos de alto impacto, mas prop\u00f5e mecanismos simplificados e tecnol\u00f3gicos, como a Licen\u00e7a por Ades\u00e3o e Compromisso (LAC), para atividades de baixo risco ambiental. Estimula a transpar\u00eancia, a responsabilidade dos entes federativos e o respeito \u00e0 legisla\u00e7\u00e3o. E o mais importante: promove a sustentabilidade com gest\u00e3o inteligente, n\u00e3o com ideologia.<\/p>\n<p>A cr\u00edtica de que essa lei abre brechas \u00e9, em grande parte, um discurso ancorado no passado. O mundo j\u00e1 entendeu que \u00e9 poss\u00edvel crescer e preservar. Pa\u00edses desenvolvidos, que no passado devastaram seus recursos, hoje incentivam modelos produtivos sustent\u00e1veis \u2014 muitos deles inspirados no Brasil, como o C\u00f3digo Florestal e a integra\u00e7\u00e3o lavoura-pecu\u00e1ria-floresta.<\/p>\n<p>\u00c9 hora de agirmos com a mesma coragem que tivemos para desbravar fronteiras agr\u00edcolas e construir uma agropecu\u00e1ria de vanguarda. N\u00e3o podemos aceitar que o pa\u00eds que mais preserva seja o que mais se autossabota com barreiras internas criadas por desinforma\u00e7\u00e3o ou interesses ideol\u00f3gicos. O futuro do Brasil \u2014 e do mundo \u2014 passa pelo campo.<\/p>\n<p>Por isso, defender o novo marco do licenciamento ambiental \u00e9, acima de tudo, um ato patri\u00f3tico. \u00c9 defender a sustentabilidade com responsabilidade, sem travas in\u00fateis. \u00c9 garantir que o Brasil siga alimentando bilh\u00f5es sem comprometer suas florestas, rios e biomas. Porque o verdadeiro nacionalismo hoje \u00e9 produzir com consci\u00eancia, crescer com equil\u00edbrio e preservar com intelig\u00eancia.<\/p>\n<div class=\"wp-block-media-text is-stacked-on-mobile\">\n<figure class=\"wp-block-media-text__media\"><img fetchpriority=\"high\" decoding=\"async\" width=\"683\" height=\"1024\" alt=\"Miguel Daoud\" class=\"wp-image-4095706 size-full\" srcset=\"https:\/\/imagens-cdn.canalrural.com.br\/2025\/04\/daoud-200x300.jpg 200w, https:\/\/imagens-cdn.canalrural.com.br\/2025\/04\/daoud.jpg 683w, https:\/\/imagens-cdn.canalrural.com.br\/2025\/04\/daoud-768x1151.jpg 768w, https:\/\/imagens-cdn.canalrural.com.br\/2025\/04\/daoud-1025x1536.jpg 1025w, https:\/\/imagens-cdn.canalrural.com.br\/2025\/04\/daoud-600x900.jpg 600w, https:\/\/imagens-cdn.canalrural.com.br\/2025\/04\/daoud-150x225.jpg 150w, https:\/\/imagens-cdn.canalrural.com.br\/2025\/04\/daoud.jpg 1366w\" data-lazy-sizes=\"(max-width: 683px) 100vw, 683px\" src=\"https:\/\/imagens-cdn.canalrural.com.br\/2025\/04\/daoud.jpg\"\/><img decoding=\"async\" width=\"683\" height=\"1024\" src=\"https:\/\/imagens-cdn.canalrural.com.br\/2025\/04\/daoud.jpg\" alt=\"Miguel Daoud\" class=\"wp-image-4095706 size-full\" srcset=\"https:\/\/imagens-cdn.canalrural.com.br\/2025\/04\/daoud-200x300.jpg 200w, https:\/\/imagens-cdn.canalrural.com.br\/2025\/04\/daoud.jpg 683w, https:\/\/imagens-cdn.canalrural.com.br\/2025\/04\/daoud-768x1151.jpg 768w, https:\/\/imagens-cdn.canalrural.com.br\/2025\/04\/daoud-1025x1536.jpg 1025w, https:\/\/imagens-cdn.canalrural.com.br\/2025\/04\/daoud-600x900.jpg 600w, https:\/\/imagens-cdn.canalrural.com.br\/2025\/04\/daoud-150x225.jpg 150w, https:\/\/imagens-cdn.canalrural.com.br\/2025\/04\/daoud.jpg 1366w\" sizes=\"(max-width: 683px) 100vw, 683px\"\/><\/figure>\n<div class=\"wp-block-media-text__content\">\n<p class=\"has-text-align-center\"><em><strong>Miguel Daoud<\/strong>\u00a0\u00e9 comentarista de Economia e Pol\u00edtica\u00a0do Canal Rural<\/em><\/p>\n<\/div>\n<\/div>\n<p><em>O\u00a0<strong>Canal Rural<\/strong>\u00a0n\u00e3o se responsabiliza pelas opini\u00f5es e conceitos emitidos nos textos desta sess\u00e3o, sendo os conte\u00fados de inteira responsabilidade de seus autores. A empresa se reserva o direito de fazer ajustes no texto para adequa\u00e7\u00e3o \u00e0s normas de publica\u00e7\u00e3o.<\/em><\/p>\n<\/p><\/div>\n<p>[ad_2]<br \/>\n<br \/><a href=\"https:\/\/www.canalrural.com.br\/opiniao-noticias\/progresso-com-responsabilidade-licenciamento-ambiental-e-avanco-para-o-agro-e-o-pais\/\">Source link <\/a><\/p>\n","protected":false},"excerpt":{"rendered":"<p>[ad_1] A recente aprova\u00e7\u00e3o do marco do licenciamento ambiental pela Comiss\u00e3o de Meio Ambiente (CMA) do Senado Federal reacende uma das discuss\u00f5es mais importantes para o futuro do Brasil: como conciliar desenvolvimento com preserva\u00e7\u00e3o. O Projeto de Lei 2.159\/2021 n\u00e3o \u00e9 uma amea\u00e7a ao meio ambiente, como afirmam seus cr\u00edticos. Ao contr\u00e1rio, representa um passo necess\u00e1rio para preparar o pa\u00eds para o protagonismo que o mundo j\u00e1 lhe atribuiu: ser o grande fornecedor de alimentos do planeta nas pr\u00f3ximas d\u00e9cadas. Segundo proje\u00e7\u00f5es da Organiza\u00e7\u00e3o das Na\u00e7\u00f5es Unidas para Agricultura e Alimenta\u00e7\u00e3o (FAO), a produ\u00e7\u00e3o de alimentos precisar\u00e1 crescer cerca de 60% at\u00e9 2050 para atender \u00e0 demanda global. E n\u00e3o h\u00e1 outro pa\u00eds com as condi\u00e7\u00f5es naturais, tecnol\u00f3gicas e produtivas que o Brasil possui para liderar esse esfor\u00e7o. Afinal, temos \u00e1gua, clima, conhecimento t\u00e9cnico, produtores resilientes e uma agropecu\u00e1ria que, mesmo com adversidades, bate recordes ano ap\u00f3s ano. Mas n\u00e3o haver\u00e1 futuro sem seguran\u00e7a jur\u00eddica, agilidade e racionalidade nos processos de licenciamento. A atual legisla\u00e7\u00e3o \u00e9 fragmentada, burocr\u00e1tica, ineficaz e muitas vezes paralisante. Em vez de proteger, ela emperra, afasta investimentos e marginaliza pequenos produtores \u2014 sobretudo aqueles que vivem em \u00e1reas remotas e dependem da regulariza\u00e7\u00e3o para acessar cr\u00e9dito, assist\u00eancia t\u00e9cnica e mercados. Licenciamento inteligente, sem ideologia O novo marco traz um caminho equilibrado. Preserva rigor para empreendimentos de alto impacto, mas prop\u00f5e mecanismos simplificados e tecnol\u00f3gicos, como a Licen\u00e7a por Ades\u00e3o e Compromisso (LAC), para atividades de baixo risco ambiental. Estimula a transpar\u00eancia, a responsabilidade dos entes federativos e o respeito \u00e0 legisla\u00e7\u00e3o. E o mais importante: promove a sustentabilidade com gest\u00e3o inteligente, n\u00e3o com ideologia. A cr\u00edtica de que essa lei abre brechas \u00e9, em grande parte, um discurso ancorado no passado. O mundo j\u00e1 entendeu que \u00e9 poss\u00edvel crescer e preservar. Pa\u00edses desenvolvidos, que no passado devastaram seus recursos, hoje incentivam modelos produtivos sustent\u00e1veis \u2014 muitos deles inspirados no Brasil, como o C\u00f3digo Florestal e a integra\u00e7\u00e3o lavoura-pecu\u00e1ria-floresta. \u00c9 hora de agirmos com a mesma coragem que tivemos para desbravar fronteiras agr\u00edcolas e construir uma agropecu\u00e1ria de vanguarda. N\u00e3o podemos aceitar que o pa\u00eds que mais preserva seja o que mais se autossabota com barreiras internas criadas por desinforma\u00e7\u00e3o ou interesses ideol\u00f3gicos. O futuro do Brasil \u2014 e do mundo \u2014 passa pelo campo. Por isso, defender o novo marco do licenciamento ambiental \u00e9, acima de tudo, um ato patri\u00f3tico. \u00c9 defender a sustentabilidade com responsabilidade, sem travas in\u00fateis. \u00c9 garantir que o Brasil siga alimentando bilh\u00f5es sem comprometer suas florestas, rios e biomas. Porque o verdadeiro nacionalismo hoje \u00e9 produzir com consci\u00eancia, crescer com equil\u00edbrio e preservar com intelig\u00eancia. Miguel Daoud\u00a0\u00e9 comentarista de Economia e Pol\u00edtica\u00a0do Canal Rural O\u00a0Canal Rural\u00a0n\u00e3o se responsabiliza pelas opini\u00f5es e conceitos emitidos nos textos desta sess\u00e3o, sendo os conte\u00fados de inteira responsabilidade de seus autores. A empresa se reserva o direito de fazer ajustes no texto para adequa\u00e7\u00e3o \u00e0s normas de publica\u00e7\u00e3o. [ad_2] Source link<\/p>\n","protected":false},"author":1,"featured_media":11620,"comment_status":"","ping_status":"open","sticky":false,"template":"","format":"standard","meta":{"_monsterinsights_skip_tracking":false,"_monsterinsights_sitenote_active":false,"_monsterinsights_sitenote_note":"","_monsterinsights_sitenote_category":0,"footnotes":""},"categories":[1],"tags":[],"class_list":["post-11619","post","type-post","status-publish","format-standard","has-post-thumbnail","hentry","category-agronegocio"],"_links":{"self":[{"href":"https:\/\/senhorafrutta.com.br\/index.php\/wp-json\/wp\/v2\/posts\/11619","targetHints":{"allow":["GET"]}}],"collection":[{"href":"https:\/\/senhorafrutta.com.br\/index.php\/wp-json\/wp\/v2\/posts"}],"about":[{"href":"https:\/\/senhorafrutta.com.br\/index.php\/wp-json\/wp\/v2\/types\/post"}],"author":[{"embeddable":true,"href":"https:\/\/senhorafrutta.com.br\/index.php\/wp-json\/wp\/v2\/users\/1"}],"replies":[{"embeddable":true,"href":"https:\/\/senhorafrutta.com.br\/index.php\/wp-json\/wp\/v2\/comments?post=11619"}],"version-history":[{"count":0,"href":"https:\/\/senhorafrutta.com.br\/index.php\/wp-json\/wp\/v2\/posts\/11619\/revisions"}],"wp:featuredmedia":[{"embeddable":true,"href":"https:\/\/senhorafrutta.com.br\/index.php\/wp-json\/wp\/v2\/media\/11620"}],"wp:attachment":[{"href":"https:\/\/senhorafrutta.com.br\/index.php\/wp-json\/wp\/v2\/media?parent=11619"}],"wp:term":[{"taxonomy":"category","embeddable":true,"href":"https:\/\/senhorafrutta.com.br\/index.php\/wp-json\/wp\/v2\/categories?post=11619"},{"taxonomy":"post_tag","embeddable":true,"href":"https:\/\/senhorafrutta.com.br\/index.php\/wp-json\/wp\/v2\/tags?post=11619"}],"curies":[{"name":"wp","href":"https:\/\/api.w.org\/{rel}","templated":true}]}}