{"id":11600,"date":"2025-05-20T23:02:15","date_gmt":"2025-05-20T23:02:15","guid":{"rendered":"https:\/\/senhorafrutta.com.br\/index.php\/2025\/05\/20\/cotacoes-da-arroba-do-boi-gordo-pelo-pais-confira-os-precos-de-hoje\/"},"modified":"2025-05-20T23:02:15","modified_gmt":"2025-05-20T23:02:15","slug":"cotacoes-da-arroba-do-boi-gordo-pelo-pais-confira-os-precos-de-hoje","status":"publish","type":"post","link":"https:\/\/senhorafrutta.com.br\/index.php\/2025\/05\/20\/cotacoes-da-arroba-do-boi-gordo-pelo-pais-confira-os-precos-de-hoje\/","title":{"rendered":"Cota\u00e7\u00f5es da arroba do boi gordo pelo pa\u00eds: confira os pre\u00e7os de hoje"},"content":{"rendered":"<p> [ad_1]<br \/>\n<br \/><img decoding=\"async\" src=\"https:\/\/imagens-cdn.canalrural.com.br\/2025\/02\/1740765992401662.jpg\" \/><\/p>\n<div>\n<p>O mercado f\u00edsico do boi gordo volta a apresentar recuo dos pre\u00e7os no decorrer da ter\u00e7a-feira (20). <\/p>\n<p>Segundo o analista da consultoria Safras &amp; Mercado Fernando Henrique Iglesias, o ambiente de neg\u00f3cios ainda sugere pela continuidade deste movimento no curto prazo, em linha com o confort\u00e1vel posicionamento das escalas de abate, entre oito e nove dias \u00fateis na m\u00e9dia nacional.<\/p>\n<p>\u201cO mercado aparenta ter assimilado as quest\u00f5es inerentes ao foco de Influenza Avi\u00e1ria de alta<br \/>patogenicidade no <strong><a href=\"https:\/\/www.canalrural.com.br\/nacional\/rio-grande-do-sul\/\">Rio Grande do Sul<\/a><\/strong>, chegando ao entendimento que a situa\u00e7\u00e3o tende a se normalizar rapidamente.\u201d<\/p>\n<p>De acordo com ele, ao mesmo tempo, as exporta\u00e7\u00f5es de carne bovina seguem contundentes, com o pa\u00eds caminhando para mais um recorde de embarques.<\/p>\n<\/div>\n<div>\n<h2 class=\"wp-block-heading\" id=\"h-precos-da-arroba-do-boi\">Pre\u00e7os da arroba do boi<\/h2>\n<ul class=\"wp-block-list\">\n<li><strong>S\u00e3o Paulo:<\/strong> R$ 304,83<\/li>\n<li><strong>Goi\u00e1s:<\/strong> R$ 288,75<\/li>\n<li><strong>Minas Gerais:<\/strong> R$ 293,24<\/li>\n<li><strong>Mato Grosso do Sul:<\/strong> R$ 300,91<\/li>\n<li><strong>Mato Grosso:<\/strong> R$ 298,38<\/li>\n<\/ul>\n<h2 class=\"wp-block-heading\" id=\"h-mercado-atacadista\">Mercado atacadista<\/h2>\n<p>Os pre\u00e7os da carne bovina apresentaram acomoda\u00e7\u00e3o nesta ter\u00e7a-feira. Segundo Iglesias, o<br \/>ambiente de neg\u00f3cios ainda sugere por nova queda das cota\u00e7\u00f5es no curt\u00edssimo prazo, avaliando que o consumo \u00e9 mais discreto no decorrer da segunda quinzena do m\u00eas. <\/p>\n<p>Al\u00e9m disso, boa parte da popula\u00e7\u00e3o ainda prioriza o consumo de prote\u00ednas mais acess\u00edveis, a exemplo dos cortes do frango, ovos e embutidos.<\/p>\n<p>O quarto traseiro ainda \u00e9 precificado a R$ 23,90 por quilo, o dianteiro segue cotado a R$<br \/>19,40 por quilo e a ponta de agulha ainda \u00e9 precificada a R$ 17,80 por quilo.<\/p>\n<h2 class=\"wp-block-heading\" id=\"h-cambio\">C\u00e2mbio<\/h2>\n<p>O d\u00f3lar comercial encerrou a sess\u00e3o em alta de 0,23%, sendo negociado a R$ 5,6677 para venda e a R$ 5,6657 para compra. Durante o dia, a moeda norte-americana oscilou entre a m\u00ednima de R$ 5,6426 e a m\u00e1xima de R$ 5,6831.<\/p>\n<\/p><\/div>\n<p>[ad_2]<br \/>\n<br \/><a href=\"https:\/\/www.canalrural.com.br\/diversos\/cotacoes-da-arroba-do-boi-gordo-pelo-pais-confira-os-precos-de-hoje\/\">Source link <\/a><\/p>\n","protected":false},"excerpt":{"rendered":"<p>[ad_1] O mercado f\u00edsico do boi gordo volta a apresentar recuo dos pre\u00e7os no decorrer da ter\u00e7a-feira (20). Segundo o analista da consultoria Safras &amp; Mercado Fernando Henrique Iglesias, o ambiente de neg\u00f3cios ainda sugere pela continuidade deste movimento no curto prazo, em linha com o confort\u00e1vel posicionamento das escalas de abate, entre oito e nove dias \u00fateis na m\u00e9dia nacional. \u201cO mercado aparenta ter assimilado as quest\u00f5es inerentes ao foco de Influenza Avi\u00e1ria de altapatogenicidade no Rio Grande do Sul, chegando ao entendimento que a situa\u00e7\u00e3o tende a se normalizar rapidamente.\u201d De acordo com ele, ao mesmo tempo, as exporta\u00e7\u00f5es de carne bovina seguem contundentes, com o pa\u00eds caminhando para mais um recorde de embarques. Pre\u00e7os da arroba do boi S\u00e3o Paulo: R$ 304,83 Goi\u00e1s: R$ 288,75 Minas Gerais: R$ 293,24 Mato Grosso do Sul: R$ 300,91 Mato Grosso: R$ 298,38 Mercado atacadista Os pre\u00e7os da carne bovina apresentaram acomoda\u00e7\u00e3o nesta ter\u00e7a-feira. Segundo Iglesias, oambiente de neg\u00f3cios ainda sugere por nova queda das cota\u00e7\u00f5es no curt\u00edssimo prazo, avaliando que o consumo \u00e9 mais discreto no decorrer da segunda quinzena do m\u00eas. Al\u00e9m disso, boa parte da popula\u00e7\u00e3o ainda prioriza o consumo de prote\u00ednas mais acess\u00edveis, a exemplo dos cortes do frango, ovos e embutidos. O quarto traseiro ainda \u00e9 precificado a R$ 23,90 por quilo, o dianteiro segue cotado a R$19,40 por quilo e a ponta de agulha ainda \u00e9 precificada a R$ 17,80 por quilo. C\u00e2mbio O d\u00f3lar comercial encerrou a sess\u00e3o em alta de 0,23%, sendo negociado a R$ 5,6677 para venda e a R$ 5,6657 para compra. Durante o dia, a moeda norte-americana oscilou entre a m\u00ednima de R$ 5,6426 e a m\u00e1xima de R$ 5,6831. [ad_2] Source link<\/p>\n","protected":false},"author":1,"featured_media":11601,"comment_status":"","ping_status":"open","sticky":false,"template":"","format":"standard","meta":{"_monsterinsights_skip_tracking":false,"_monsterinsights_sitenote_active":false,"_monsterinsights_sitenote_note":"","_monsterinsights_sitenote_category":0,"footnotes":""},"categories":[1],"tags":[],"class_list":["post-11600","post","type-post","status-publish","format-standard","has-post-thumbnail","hentry","category-agronegocio"],"_links":{"self":[{"href":"https:\/\/senhorafrutta.com.br\/index.php\/wp-json\/wp\/v2\/posts\/11600","targetHints":{"allow":["GET"]}}],"collection":[{"href":"https:\/\/senhorafrutta.com.br\/index.php\/wp-json\/wp\/v2\/posts"}],"about":[{"href":"https:\/\/senhorafrutta.com.br\/index.php\/wp-json\/wp\/v2\/types\/post"}],"author":[{"embeddable":true,"href":"https:\/\/senhorafrutta.com.br\/index.php\/wp-json\/wp\/v2\/users\/1"}],"replies":[{"embeddable":true,"href":"https:\/\/senhorafrutta.com.br\/index.php\/wp-json\/wp\/v2\/comments?post=11600"}],"version-history":[{"count":0,"href":"https:\/\/senhorafrutta.com.br\/index.php\/wp-json\/wp\/v2\/posts\/11600\/revisions"}],"wp:featuredmedia":[{"embeddable":true,"href":"https:\/\/senhorafrutta.com.br\/index.php\/wp-json\/wp\/v2\/media\/11601"}],"wp:attachment":[{"href":"https:\/\/senhorafrutta.com.br\/index.php\/wp-json\/wp\/v2\/media?parent=11600"}],"wp:term":[{"taxonomy":"category","embeddable":true,"href":"https:\/\/senhorafrutta.com.br\/index.php\/wp-json\/wp\/v2\/categories?post=11600"},{"taxonomy":"post_tag","embeddable":true,"href":"https:\/\/senhorafrutta.com.br\/index.php\/wp-json\/wp\/v2\/tags?post=11600"}],"curies":[{"name":"wp","href":"https:\/\/api.w.org\/{rel}","templated":true}]}}