{"id":1160,"date":"2024-08-09T17:01:44","date_gmt":"2024-08-09T17:01:44","guid":{"rendered":"https:\/\/senhorafrutta.com.br\/index.php\/2024\/08\/09\/produtor-da-safrinha-2023-24-de-milho-do-pr-recebeu-12-mais-pelo-grao-diz-deral\/"},"modified":"2024-08-09T17:01:44","modified_gmt":"2024-08-09T17:01:44","slug":"produtor-da-safrinha-2023-24-de-milho-do-pr-recebeu-12-mais-pelo-grao-diz-deral","status":"publish","type":"post","link":"https:\/\/senhorafrutta.com.br\/index.php\/2024\/08\/09\/produtor-da-safrinha-2023-24-de-milho-do-pr-recebeu-12-mais-pelo-grao-diz-deral\/","title":{"rendered":"Produtor da safrinha 2023\/24 de milho do PR recebeu 12% mais pelo gr\u00e3o, diz Deral"},"content":{"rendered":"<div><\/div>\n<p>O produtor paranaense recebeu 12% a mais pelo gr\u00e3o neste fim de safra em compara\u00e7\u00e3o com agosto de 2023, informou em nota o Departamento de Economia Rural (<strong><a href=\"https:\/\/www.canalrural.com.br\/tag\/deral\/\">Deral<\/a><\/strong>), da Secretaria de Agricultura e Abastecimento do Estado. Segundo o Deral, o pre\u00e7o recebido pela saca de 60 quilos fechou em R$ 49,96 nesta \u00faltima semana, sendo que, em igual per\u00edodo do ano passado, a saca valia R$ 44,51.<\/p>\n<p><em>Confira na palma da m\u00e3o informa\u00e7\u00f5es quentes sobre agricultura, pecu\u00e1ria, economia e previs\u00e3o do tempo: <\/em><a href=\"https:\/\/www.whatsapp.com\/channel\/0029Va9VnZxGk1FplZjiW43k\"><strong>siga o Canal Rural no WhatsApp<\/strong><\/a>!<\/p>\n<p>\u201cO desempenho do pre\u00e7o no mercado interno caminhou no lado oposto ao que foi observado na cota\u00e7\u00e3o da commodity na Bolsa de Chicago (EUA), que caiu 16% no mesmo per\u00edodo\u201d, diz o Deral. \u201cEm agosto do ano passado o bushel estava a US$ 4,7950 e baixou para US$ 4,0162 agora\u201d, continua.<\/p>\n<p>De acordo com o analista de milho do Deral, Edmar Gerv\u00e1sio, o pre\u00e7o do milho est\u00e1 sustentado pela alta do d\u00f3lar ante o real e pela menor disponibilidade do produto. No entanto, ele ponderou, no relat\u00f3rio, que o cen\u00e1rio \u201c\u00e9 t\u00eanue\u201d, visto que oscila\u00e7\u00f5es negativas no d\u00f3lar tendem a pressionar os pre\u00e7os. \u201cAl\u00e9m disso, logo teremos o in\u00edcio da colheita americana e, confirmando uma safra normal, \u00e9 prov\u00e1vel uma press\u00e3o ainda maior nos pre\u00e7os do mercado internacional.\u201d<\/p>\n<p>No Paran\u00e1 a colheita avan\u00e7ou e atingiu 92% da \u00e1rea de 2,5 milh\u00f5es de hectares de milho da segunda safra 23\/24. A estimativa \u00e9 de que a safra forne\u00e7a 12,9 milh\u00f5es de toneladas ao mercado.<\/p>\n<p>O post <a href=\"https:\/\/www.canalrural.com.br\/agricultura\/produtor-da-safrinha-2023-24-de-milho-do-pr-recebeu-12-mais-pelo-grao-diz-deral\/\">Produtor da safrinha 2023\/24 de milho do PR recebeu 12% mais pelo gr\u00e3o, diz Deral<\/a> apareceu primeiro em <a href=\"https:\/\/www.canalrural.com.br\/\">Canal Rural<\/a>.<\/p>","protected":false},"excerpt":{"rendered":"<p>O produtor paranaense recebeu 12% a mais pelo gr\u00e3o neste fim de safra em compara\u00e7\u00e3o com agosto de 2023, informou em nota o Departamento de Economia Rural (Deral), da Secretaria de Agricultura e Abastecimento do Estado. Segundo o Deral, o pre\u00e7o recebido pela saca de 60 quilos fechou em R$ 49,96 nesta \u00faltima semana, sendo que, em igual per\u00edodo do ano passado, a saca valia R$ 44,51. Confira na palma da m\u00e3o informa\u00e7\u00f5es quentes sobre agricultura, pecu\u00e1ria, economia e previs\u00e3o do tempo: siga o Canal Rural no WhatsApp! \u201cO desempenho do pre\u00e7o no mercado interno caminhou no lado oposto ao que foi observado na cota\u00e7\u00e3o da commodity na Bolsa de Chicago (EUA), que caiu 16% no mesmo per\u00edodo\u201d, diz o Deral. \u201cEm agosto do ano passado o bushel estava a US$ 4,7950 e baixou para US$ 4,0162 agora\u201d, continua. De acordo com o analista de milho do Deral, Edmar Gerv\u00e1sio, o pre\u00e7o do milho est\u00e1 sustentado pela alta do d\u00f3lar ante o real e pela menor disponibilidade do produto. No entanto, ele ponderou, no relat\u00f3rio, que o cen\u00e1rio \u201c\u00e9 t\u00eanue\u201d, visto que oscila\u00e7\u00f5es negativas no d\u00f3lar tendem a pressionar os pre\u00e7os. \u201cAl\u00e9m disso, logo teremos o in\u00edcio da colheita americana e, confirmando uma safra normal, \u00e9 prov\u00e1vel uma press\u00e3o ainda maior nos pre\u00e7os do mercado internacional.\u201d No Paran\u00e1 a colheita avan\u00e7ou e atingiu 92% da \u00e1rea de 2,5 milh\u00f5es de hectares de milho da segunda safra 23\/24. A estimativa \u00e9 de que a safra forne\u00e7a 12,9 milh\u00f5es de toneladas ao mercado. O post Produtor da safrinha 2023\/24 de milho do PR recebeu 12% mais pelo gr\u00e3o, diz Deral apareceu primeiro em Canal Rural.<\/p>\n","protected":false},"author":0,"featured_media":0,"comment_status":"open","ping_status":"open","sticky":false,"template":"","format":"standard","meta":{"_monsterinsights_skip_tracking":false,"_monsterinsights_sitenote_active":false,"_monsterinsights_sitenote_note":"","_monsterinsights_sitenote_category":0,"footnotes":""},"categories":[1],"tags":[],"class_list":["post-1160","post","type-post","status-publish","format-standard","hentry","category-agronegocio"],"_links":{"self":[{"href":"https:\/\/senhorafrutta.com.br\/index.php\/wp-json\/wp\/v2\/posts\/1160","targetHints":{"allow":["GET"]}}],"collection":[{"href":"https:\/\/senhorafrutta.com.br\/index.php\/wp-json\/wp\/v2\/posts"}],"about":[{"href":"https:\/\/senhorafrutta.com.br\/index.php\/wp-json\/wp\/v2\/types\/post"}],"replies":[{"embeddable":true,"href":"https:\/\/senhorafrutta.com.br\/index.php\/wp-json\/wp\/v2\/comments?post=1160"}],"version-history":[{"count":0,"href":"https:\/\/senhorafrutta.com.br\/index.php\/wp-json\/wp\/v2\/posts\/1160\/revisions"}],"wp:attachment":[{"href":"https:\/\/senhorafrutta.com.br\/index.php\/wp-json\/wp\/v2\/media?parent=1160"}],"wp:term":[{"taxonomy":"category","embeddable":true,"href":"https:\/\/senhorafrutta.com.br\/index.php\/wp-json\/wp\/v2\/categories?post=1160"},{"taxonomy":"post_tag","embeddable":true,"href":"https:\/\/senhorafrutta.com.br\/index.php\/wp-json\/wp\/v2\/tags?post=1160"}],"curies":[{"name":"wp","href":"https:\/\/api.w.org\/{rel}","templated":true}]}}