{"id":1157,"date":"2024-08-09T20:16:31","date_gmt":"2024-08-09T20:16:31","guid":{"rendered":"https:\/\/senhorafrutta.com.br\/index.php\/2024\/08\/09\/queda-de-aviao-em-sp-climatempo-afirma-que-ainda-nao-e-possivel-atribuir-acidente-ao-clima\/"},"modified":"2024-08-09T20:16:31","modified_gmt":"2024-08-09T20:16:31","slug":"queda-de-aviao-em-sp-climatempo-afirma-que-ainda-nao-e-possivel-atribuir-acidente-ao-clima","status":"publish","type":"post","link":"https:\/\/senhorafrutta.com.br\/index.php\/2024\/08\/09\/queda-de-aviao-em-sp-climatempo-afirma-que-ainda-nao-e-possivel-atribuir-acidente-ao-clima\/","title":{"rendered":"Queda de avi\u00e3o em SP: Climatempo afirma que ainda n\u00e3o \u00e9 poss\u00edvel atribuir acidente ao clima"},"content":{"rendered":"<div>Foto: redes sociais\/reprodu\u00e7\u00e3o<\/div>\n<p>A Climatempo divulgou uma nota afirmando que, no momento, ainda n\u00e3o \u00e9 poss\u00edvel atribuir \u00e0s condi\u00e7\u00f5es climatol\u00f3gicas a causa da <strong><a href=\"https:\/\/www.canalrural.com.br\/diversos\/aviao-que-decolou-em-cascavel-pr-cai-em-sp-com-62-pessoas-a-bordo\/\">queda do avi\u00e3o que ia de Cascavel (PR) a Guarulhos (SP), matando 62 pessoas.<\/a><\/strong> Algumas publica\u00e7\u00f5es em redes sociais associam o acidente a um eventual congelamento de equipamentos do voo.<\/p>\n<div class=\"wp-block-embed__wrapper\">\n<\/div>\n<p><em>Confira na palma da m\u00e3o informa\u00e7\u00f5es quentes sobre agricultura, pecu\u00e1ria, economia e previs\u00e3o do tempo:<\/em><a href=\"https:\/\/whatsapp.com\/channel\/0029Va9VnZxGk1FplZjiW43k\"><em> <\/em><strong><em>siga o Canal Rural no WhatsApp!<\/em><\/strong><\/a><\/p>\n<p>Segundo a nota da Climatempo, no momento em que aeronave estava fazendo a mudan\u00e7a de dire\u00e7\u00e3o para efetuar a aproxima\u00e7\u00e3o para pouso, a 500hPa (correspondente a cerca de 5.600 metros de altitude), havia um forte vento de cauda (que \u00e9 o vento que sopra na dire\u00e7\u00e3o geral do voo e aumenta a velocidade do avi\u00e3o em rela\u00e7\u00e3o ao solo) associada a uma frente fria.<\/p>\n<div class=\"wp-block-embed__wrapper\">\n<\/div>\n<p>\u201cHavia possibilidade de 35% de forma\u00e7\u00e3o de gelo\u00a0nessa altitude.\u00a0Estimativas de modelos meteorol\u00f3gicos indicam temperaturas entre -9\u00b0 Ca -11\u00b0 C na altura correspondente a 500hPa na regi\u00e3o de Vinhedo por volta das 13h local.\u00a0N\u00f3s da Climatempo n\u00e3o podemos afirmar as causas\/motivos do acidente da aeronave e nem relacionar com as condi\u00e7\u00f5es meteorol\u00f3gicas do local. Apenas com a emiss\u00e3o do relat\u00f3rio do Centro de Investiga\u00e7\u00e3o e Preven\u00e7\u00e3o de Acidente Aeron\u00e1uticos \u2013 Cenipa \u2013 teremos as causas do acidente\u201d, diz o texto.<\/p>\n<p>O post <a href=\"https:\/\/www.canalrural.com.br\/diversos\/queda-de-aviao-em-sp-climatempo-afirma-que-ainda-nao-e-possivel-atribuir-acidente-a-condicoes-do-tempo\/\">Queda de avi\u00e3o em SP: Climatempo afirma que ainda n\u00e3o \u00e9 poss\u00edvel atribuir acidente ao clima<\/a> apareceu primeiro em <a href=\"https:\/\/www.canalrural.com.br\/\">Canal Rural<\/a>.<\/p>","protected":false},"excerpt":{"rendered":"<p>Foto: redes sociais\/reprodu\u00e7\u00e3o A Climatempo divulgou uma nota afirmando que, no momento, ainda n\u00e3o \u00e9 poss\u00edvel atribuir \u00e0s condi\u00e7\u00f5es climatol\u00f3gicas a causa da queda do avi\u00e3o que ia de Cascavel (PR) a Guarulhos (SP), matando 62 pessoas. Algumas publica\u00e7\u00f5es em redes sociais associam o acidente a um eventual congelamento de equipamentos do voo. Confira na palma da m\u00e3o informa\u00e7\u00f5es quentes sobre agricultura, pecu\u00e1ria, economia e previs\u00e3o do tempo: siga o Canal Rural no WhatsApp! Segundo a nota da Climatempo, no momento em que aeronave estava fazendo a mudan\u00e7a de dire\u00e7\u00e3o para efetuar a aproxima\u00e7\u00e3o para pouso, a 500hPa (correspondente a cerca de 5.600 metros de altitude), havia um forte vento de cauda (que \u00e9 o vento que sopra na dire\u00e7\u00e3o geral do voo e aumenta a velocidade do avi\u00e3o em rela\u00e7\u00e3o ao solo) associada a uma frente fria. \u201cHavia possibilidade de 35% de forma\u00e7\u00e3o de gelo\u00a0nessa altitude.\u00a0Estimativas de modelos meteorol\u00f3gicos indicam temperaturas entre -9\u00b0 Ca -11\u00b0 C na altura correspondente a 500hPa na regi\u00e3o de Vinhedo por volta das 13h local.\u00a0N\u00f3s da Climatempo n\u00e3o podemos afirmar as causas\/motivos do acidente da aeronave e nem relacionar com as condi\u00e7\u00f5es meteorol\u00f3gicas do local. Apenas com a emiss\u00e3o do relat\u00f3rio do Centro de Investiga\u00e7\u00e3o e Preven\u00e7\u00e3o de Acidente Aeron\u00e1uticos \u2013 Cenipa \u2013 teremos as causas do acidente\u201d, diz o texto. O post Queda de avi\u00e3o em SP: Climatempo afirma que ainda n\u00e3o \u00e9 poss\u00edvel atribuir acidente ao clima apareceu primeiro em Canal Rural.<\/p>\n","protected":false},"author":0,"featured_media":0,"comment_status":"open","ping_status":"open","sticky":false,"template":"","format":"standard","meta":{"_monsterinsights_skip_tracking":false,"_monsterinsights_sitenote_active":false,"_monsterinsights_sitenote_note":"","_monsterinsights_sitenote_category":0,"footnotes":""},"categories":[1],"tags":[],"class_list":["post-1157","post","type-post","status-publish","format-standard","hentry","category-agronegocio"],"_links":{"self":[{"href":"https:\/\/senhorafrutta.com.br\/index.php\/wp-json\/wp\/v2\/posts\/1157","targetHints":{"allow":["GET"]}}],"collection":[{"href":"https:\/\/senhorafrutta.com.br\/index.php\/wp-json\/wp\/v2\/posts"}],"about":[{"href":"https:\/\/senhorafrutta.com.br\/index.php\/wp-json\/wp\/v2\/types\/post"}],"replies":[{"embeddable":true,"href":"https:\/\/senhorafrutta.com.br\/index.php\/wp-json\/wp\/v2\/comments?post=1157"}],"version-history":[{"count":0,"href":"https:\/\/senhorafrutta.com.br\/index.php\/wp-json\/wp\/v2\/posts\/1157\/revisions"}],"wp:attachment":[{"href":"https:\/\/senhorafrutta.com.br\/index.php\/wp-json\/wp\/v2\/media?parent=1157"}],"wp:term":[{"taxonomy":"category","embeddable":true,"href":"https:\/\/senhorafrutta.com.br\/index.php\/wp-json\/wp\/v2\/categories?post=1157"},{"taxonomy":"post_tag","embeddable":true,"href":"https:\/\/senhorafrutta.com.br\/index.php\/wp-json\/wp\/v2\/tags?post=1157"}],"curies":[{"name":"wp","href":"https:\/\/api.w.org\/{rel}","templated":true}]}}