{"id":1156,"date":"2024-08-09T20:59:15","date_gmt":"2024-08-09T20:59:15","guid":{"rendered":"https:\/\/senhorafrutta.com.br\/index.php\/2024\/08\/09\/parana-decreta-luto-oficial-apos-acidente-aereo\/"},"modified":"2024-08-09T20:59:15","modified_gmt":"2024-08-09T20:59:15","slug":"parana-decreta-luto-oficial-apos-acidente-aereo","status":"publish","type":"post","link":"https:\/\/senhorafrutta.com.br\/index.php\/2024\/08\/09\/parana-decreta-luto-oficial-apos-acidente-aereo\/","title":{"rendered":"Paran\u00e1 decreta luto oficial ap\u00f3s acidente a\u00e9reo"},"content":{"rendered":"<div>Foto: Jos\u00e9 Fernando Ogura\/AEN<\/div>\n<p>O governador do <strong><a href=\"https:\/\/www.canalrural.com.br\/nacional\/parana\/\">Paran\u00e1<\/a><\/strong>, Ratinho Junior, decretou luto oficial de tr\u00eas dias no estado por causa do acidente a\u00e9reo ocorrido nesta sexta-feira (9) em Vinhedo, interior de S\u00e3o Paulo. O avi\u00e3o partiu do aeroporto de Cascavel, no oeste do estado, em dire\u00e7\u00e3o ao aeroporto de Guarulhos (SP).\u00a0<\/p>\n<p><em>Confira na palma da m\u00e3o informa\u00e7\u00f5es quentes sobre agricultura, pecu\u00e1ria, economia e previs\u00e3o do tempo:<\/em><a href=\"https:\/\/whatsapp.com\/channel\/0029Va9VnZxGk1FplZjiW43k\"><em> <\/em><strong><em>siga o Canal Rural no WhatsApp!<\/em><\/strong><\/a><\/p>\n<p>Ratinho Junior e o governador de S\u00e3o Paulo, Tarc\u00edsio de Freitas, estavam no Esp\u00edrito Santo participando do encontro do Cons\u00f3rcio de Integra\u00e7\u00e3o Sul Sudeste (Consud). Ap\u00f3s o acidente, os dois se deslocaram at\u00e9 Vinhedo para acompanhar os desdobramentos do acidente a\u00e9reo.\u00a0<\/p>\n<p>Ratinho Junior prestou solidariedade \u00e0s fam\u00edlias das v\u00edtimas. \u201c\u00c9 um dia triste. Todo acidente a\u00e9reo \u00e9 uma fatalidade que choca todo mundo por n\u00e3o estar dentro da normalidade. Ainda h\u00e1 pouca informa\u00e7\u00e3o sobre as v\u00edtimas que estavam no avi\u00e3o, mas quero deixar minha solidariedade \u00e0s fam\u00edlias\u201d, disse Ratinho Junior. \u201cO povo do Paran\u00e1 abra\u00e7a a cidade de Cascavel. Que Deus conforte amigos e familiares das v\u00edtimas desse tr\u00e1gico acidente. Estamos colocando todas as nossas for\u00e7as \u00e0 disposi\u00e7\u00e3o para ajudar\u201d.<\/p>\n<p>O acidente ocorreu\u00a0por volta das 13h30. Uma aeronave turboh\u00e9lice, da marca francesa ATR, da empresa Voepass, caiu em Vinhedo, no interior de S\u00e3o Paulo. O avi\u00e3o saiu de Cascavel, no Paran\u00e1, e tinha como destino o Aeroporto de Guarulhos levando 57 passageiros e 4 tripulantes.<\/p>\n<h2 class=\"wp-block-heading\">Voepass se pronuncia<\/h2>\n<p>A Voepass Linhas A\u00e9reas, antiga Passaredo, informou que o avi\u00e3o decolou sem nenhuma restri\u00e7\u00e3o operacional, com todos os seus sistemas aptos para a realiza\u00e7\u00e3o do voo.<\/p>\n<p>Em nota, a companhia informou que as 61 pessoas que estavam a bordo do avi\u00e3o faleceram no local do acidente. A aeronave, um turbo\u00e9lice modelo ATR-72, matr\u00edcula PS-VPB, caiu enquanto fazia o voo 2283, de Cascavel (PR) a Guarulhos (SP).<\/p>\n<p>Em nota, a Voepass destaca que acionou todos os meios para apoiar as fam\u00edlias das v\u00edtimas. A empresa informa que est\u00e1 prestando informa\u00e7\u00f5es a todos familiares das v\u00edtimas, colaboradores e demais interessados pelo telefone 0800 9419712. Segundo a companhia, ainda n\u00e3o h\u00e1 confirma\u00e7\u00e3o de como ocorreu o acidente.<\/p>\n<p>O post <a href=\"https:\/\/www.canalrural.com.br\/diversos\/parana-decreta-luto-oficial-apos-acidente-aereo\/\">Paran\u00e1 decreta luto oficial ap\u00f3s acidente a\u00e9reo<\/a> apareceu primeiro em <a href=\"https:\/\/www.canalrural.com.br\/\">Canal Rural<\/a>.<\/p>","protected":false},"excerpt":{"rendered":"<p>Foto: Jos\u00e9 Fernando Ogura\/AEN O governador do Paran\u00e1, Ratinho Junior, decretou luto oficial de tr\u00eas dias no estado por causa do acidente a\u00e9reo ocorrido nesta sexta-feira (9) em Vinhedo, interior de S\u00e3o Paulo. O avi\u00e3o partiu do aeroporto de Cascavel, no oeste do estado, em dire\u00e7\u00e3o ao aeroporto de Guarulhos (SP).\u00a0 Confira na palma da m\u00e3o informa\u00e7\u00f5es quentes sobre agricultura, pecu\u00e1ria, economia e previs\u00e3o do tempo: siga o Canal Rural no WhatsApp! Ratinho Junior e o governador de S\u00e3o Paulo, Tarc\u00edsio de Freitas, estavam no Esp\u00edrito Santo participando do encontro do Cons\u00f3rcio de Integra\u00e7\u00e3o Sul Sudeste (Consud). Ap\u00f3s o acidente, os dois se deslocaram at\u00e9 Vinhedo para acompanhar os desdobramentos do acidente a\u00e9reo.\u00a0 Ratinho Junior prestou solidariedade \u00e0s fam\u00edlias das v\u00edtimas. \u201c\u00c9 um dia triste. Todo acidente a\u00e9reo \u00e9 uma fatalidade que choca todo mundo por n\u00e3o estar dentro da normalidade. Ainda h\u00e1 pouca informa\u00e7\u00e3o sobre as v\u00edtimas que estavam no avi\u00e3o, mas quero deixar minha solidariedade \u00e0s fam\u00edlias\u201d, disse Ratinho Junior. \u201cO povo do Paran\u00e1 abra\u00e7a a cidade de Cascavel. Que Deus conforte amigos e familiares das v\u00edtimas desse tr\u00e1gico acidente. Estamos colocando todas as nossas for\u00e7as \u00e0 disposi\u00e7\u00e3o para ajudar\u201d. O acidente ocorreu\u00a0por volta das 13h30. Uma aeronave turboh\u00e9lice, da marca francesa ATR, da empresa Voepass, caiu em Vinhedo, no interior de S\u00e3o Paulo. O avi\u00e3o saiu de Cascavel, no Paran\u00e1, e tinha como destino o Aeroporto de Guarulhos levando 57 passageiros e 4 tripulantes. Voepass se pronuncia A Voepass Linhas A\u00e9reas, antiga Passaredo, informou que o avi\u00e3o decolou sem nenhuma restri\u00e7\u00e3o operacional, com todos os seus sistemas aptos para a realiza\u00e7\u00e3o do voo. Em nota, a companhia informou que as 61 pessoas que estavam a bordo do avi\u00e3o faleceram no local do acidente. A aeronave, um turbo\u00e9lice modelo ATR-72, matr\u00edcula PS-VPB, caiu enquanto fazia o voo 2283, de Cascavel (PR) a Guarulhos (SP). Em nota, a Voepass destaca que acionou todos os meios para apoiar as fam\u00edlias das v\u00edtimas. A empresa informa que est\u00e1 prestando informa\u00e7\u00f5es a todos familiares das v\u00edtimas, colaboradores e demais interessados pelo telefone 0800 9419712. Segundo a companhia, ainda n\u00e3o h\u00e1 confirma\u00e7\u00e3o de como ocorreu o acidente. O post Paran\u00e1 decreta luto oficial ap\u00f3s acidente a\u00e9reo apareceu primeiro em Canal Rural.<\/p>\n","protected":false},"author":0,"featured_media":0,"comment_status":"open","ping_status":"open","sticky":false,"template":"","format":"standard","meta":{"_monsterinsights_skip_tracking":false,"_monsterinsights_sitenote_active":false,"_monsterinsights_sitenote_note":"","_monsterinsights_sitenote_category":0,"footnotes":""},"categories":[1],"tags":[],"class_list":["post-1156","post","type-post","status-publish","format-standard","hentry","category-agronegocio"],"_links":{"self":[{"href":"https:\/\/senhorafrutta.com.br\/index.php\/wp-json\/wp\/v2\/posts\/1156","targetHints":{"allow":["GET"]}}],"collection":[{"href":"https:\/\/senhorafrutta.com.br\/index.php\/wp-json\/wp\/v2\/posts"}],"about":[{"href":"https:\/\/senhorafrutta.com.br\/index.php\/wp-json\/wp\/v2\/types\/post"}],"replies":[{"embeddable":true,"href":"https:\/\/senhorafrutta.com.br\/index.php\/wp-json\/wp\/v2\/comments?post=1156"}],"version-history":[{"count":0,"href":"https:\/\/senhorafrutta.com.br\/index.php\/wp-json\/wp\/v2\/posts\/1156\/revisions"}],"wp:attachment":[{"href":"https:\/\/senhorafrutta.com.br\/index.php\/wp-json\/wp\/v2\/media?parent=1156"}],"wp:term":[{"taxonomy":"category","embeddable":true,"href":"https:\/\/senhorafrutta.com.br\/index.php\/wp-json\/wp\/v2\/categories?post=1156"},{"taxonomy":"post_tag","embeddable":true,"href":"https:\/\/senhorafrutta.com.br\/index.php\/wp-json\/wp\/v2\/tags?post=1156"}],"curies":[{"name":"wp","href":"https:\/\/api.w.org\/{rel}","templated":true}]}}