{"id":11557,"date":"2025-05-19T16:24:00","date_gmt":"2025-05-19T16:24:00","guid":{"rendered":"https:\/\/senhorafrutta.com.br\/index.php\/2025\/05\/19\/favaro-preve-normalizacao-da-gripe-aviaria-em-28-dias-e-diz-que-aumento-de-alertas-e-normal\/"},"modified":"2025-05-19T16:24:00","modified_gmt":"2025-05-19T16:24:00","slug":"favaro-preve-normalizacao-da-gripe-aviaria-em-28-dias-e-diz-que-aumento-de-alertas-e-normal","status":"publish","type":"post","link":"https:\/\/senhorafrutta.com.br\/index.php\/2025\/05\/19\/favaro-preve-normalizacao-da-gripe-aviaria-em-28-dias-e-diz-que-aumento-de-alertas-e-normal\/","title":{"rendered":"F\u00e1varo prev\u00ea normaliza\u00e7\u00e3o da gripe avi\u00e1ria em 28 dias e diz que aumento de alertas \u00e9 normal"},"content":{"rendered":"<p> [ad_1]<br \/>\n<br \/><img decoding=\"async\" src=\"https:\/\/imagens-cdn.canalrural.com.br\/2025\/05\/aves-gripe-aviaria.jpg\" \/><\/p>\n<div>\n<p>O ministro da Agricultura e Pecu\u00e1ria, <strong><a href=\"http:\/\/www.canalrural.com.br\/tag\/carlos-favaro\/\">Carlos F\u00e1varo<\/a><\/strong>, declarou na manh\u00e3 de hoje, em entrevista a jornalistas, que o aumento no n\u00famero de alertas para poss\u00edveis focos de gripe avi\u00e1ria no Brasil \u00e9 normal. Segundo o titular da pasta, todo o sistema de defesa do pa\u00eds est\u00e1 atento, incluindo os criadores.<\/p>\n<figure class=\"wp-block-embed is-type-rich is-provider-incorporar-manipulador wp-block-embed-incorporar-manipulador wp-embed-aspect-16-9 wp-has-aspect-ratio\">\n<p>\n<iframe title=\"F\u00e1varo prev\u00ea normaliza\u00e7\u00e3o da gripe avi\u00e1ria em 28 dias\" width=\"800\" height=\"450\" src=\"https:\/\/www.youtube.com\/embed\/xn56-XORPGE?feature=oembed\" frameborder=\"0\" allow=\"accelerometer; autoplay; clipboard-write; encrypted-media; gyroscope; picture-in-picture; web-share\" referrerpolicy=\"strict-origin-when-cross-origin\" allowfullscreen><\/iframe><noscript><iframe title=\"F\u00e1varo prev\u00ea normaliza\u00e7\u00e3o da gripe avi\u00e1ria em 28 dias\" width=\"800\" height=\"450\" src=\"https:\/\/www.youtube.com\/embed\/xn56-XORPGE?feature=oembed\" frameborder=\"0\" allow=\"accelerometer; autoplay; clipboard-write; encrypted-media; gyroscope; picture-in-picture; web-share\" referrerpolicy=\"strict-origin-when-cross-origin\" allowfullscreen><\/iframe><\/noscript>\n<\/p>\n<\/figure>\n<p>F\u00e1varo tamb\u00e9m destacou a import\u00e2ncia do decreto de emerg\u00eancia sanit\u00e1ria, que, segundo ele, mant\u00e9m todo o sistema em alerta. \u201cTodos os fiscais, todos os sistemas estaduais est\u00e3o atentos a qualquer tipo de suspeita \u2014 e a pr\u00f3pria popula\u00e7\u00e3o tamb\u00e9m. Um criador de aves para subsist\u00eancia ou de uma granja comercial, ao primeiro sintoma de um animal doente, notifica o sistema. E \u00e9 melhor que assim seja, porque a gente vai l\u00e1 e investiga com transpar\u00eancia e efici\u00eancia\u201d, afirmou.<\/p>\n<\/div>\n<div>\n<p>O ministro voltou a afirmar que o Brasil possui o melhor sistema de defesa sanit\u00e1ria animal do mundo e disse que a situa\u00e7\u00e3o poder\u00e1 estar normalizada em at\u00e9 28 dias.<\/p>\n<p>\u201cA gente est\u00e1 fazendo o rastreamento e o bloqueio de tudo o que saiu dessa granja, inutilizando toda essa produ\u00e7\u00e3o. Com isso, diminu\u00edmos muito o risco de novos casos. Feito isso, cumpre-se o prazo de 28 dias, que \u00e9 o ciclo deste v\u00edrus\u201d, explicou.<\/p>\n<p>F\u00e1varo ponderou, no entanto, que alguns pa\u00edses dever\u00e3o questionar a situa\u00e7\u00e3o sanit\u00e1ria brasileira. Ele citou exemplos de na\u00e7\u00f5es que, apesar do foco confirmado no Rio Grande do Sul, continuam importando carne de aves do Brasil, desde que produzida em outros estados.<\/p>\n<p>No caso de pa\u00edses como a China, entretanto, o protocolo prev\u00ea o bloqueio total da carne de aves brasileira, independentemente da origem dentro do pa\u00eds.<\/p>\n<\/p><\/div>\n<p>[ad_2]<br \/>\n<br \/><a href=\"https:\/\/www.canalrural.com.br\/agricultura\/favaro-preve-normalizacao-da-gripe-aviaria-em-28-dias-e-diz-que-aumento-de-alertas-e-normal\/\">Source link <\/a><\/p>\n","protected":false},"excerpt":{"rendered":"<p>[ad_1] O ministro da Agricultura e Pecu\u00e1ria, Carlos F\u00e1varo, declarou na manh\u00e3 de hoje, em entrevista a jornalistas, que o aumento no n\u00famero de alertas para poss\u00edveis focos de gripe avi\u00e1ria no Brasil \u00e9 normal. Segundo o titular da pasta, todo o sistema de defesa do pa\u00eds est\u00e1 atento, incluindo os criadores. F\u00e1varo tamb\u00e9m destacou a import\u00e2ncia do decreto de emerg\u00eancia sanit\u00e1ria, que, segundo ele, mant\u00e9m todo o sistema em alerta. \u201cTodos os fiscais, todos os sistemas estaduais est\u00e3o atentos a qualquer tipo de suspeita \u2014 e a pr\u00f3pria popula\u00e7\u00e3o tamb\u00e9m. Um criador de aves para subsist\u00eancia ou de uma granja comercial, ao primeiro sintoma de um animal doente, notifica o sistema. E \u00e9 melhor que assim seja, porque a gente vai l\u00e1 e investiga com transpar\u00eancia e efici\u00eancia\u201d, afirmou. O ministro voltou a afirmar que o Brasil possui o melhor sistema de defesa sanit\u00e1ria animal do mundo e disse que a situa\u00e7\u00e3o poder\u00e1 estar normalizada em at\u00e9 28 dias. \u201cA gente est\u00e1 fazendo o rastreamento e o bloqueio de tudo o que saiu dessa granja, inutilizando toda essa produ\u00e7\u00e3o. Com isso, diminu\u00edmos muito o risco de novos casos. Feito isso, cumpre-se o prazo de 28 dias, que \u00e9 o ciclo deste v\u00edrus\u201d, explicou. F\u00e1varo ponderou, no entanto, que alguns pa\u00edses dever\u00e3o questionar a situa\u00e7\u00e3o sanit\u00e1ria brasileira. Ele citou exemplos de na\u00e7\u00f5es que, apesar do foco confirmado no Rio Grande do Sul, continuam importando carne de aves do Brasil, desde que produzida em outros estados. No caso de pa\u00edses como a China, entretanto, o protocolo prev\u00ea o bloqueio total da carne de aves brasileira, independentemente da origem dentro do pa\u00eds. [ad_2] Source link<\/p>\n","protected":false},"author":1,"featured_media":11503,"comment_status":"","ping_status":"open","sticky":false,"template":"","format":"standard","meta":{"_monsterinsights_skip_tracking":false,"_monsterinsights_sitenote_active":false,"_monsterinsights_sitenote_note":"","_monsterinsights_sitenote_category":0,"footnotes":""},"categories":[1],"tags":[],"class_list":["post-11557","post","type-post","status-publish","format-standard","has-post-thumbnail","hentry","category-agronegocio"],"_links":{"self":[{"href":"https:\/\/senhorafrutta.com.br\/index.php\/wp-json\/wp\/v2\/posts\/11557","targetHints":{"allow":["GET"]}}],"collection":[{"href":"https:\/\/senhorafrutta.com.br\/index.php\/wp-json\/wp\/v2\/posts"}],"about":[{"href":"https:\/\/senhorafrutta.com.br\/index.php\/wp-json\/wp\/v2\/types\/post"}],"author":[{"embeddable":true,"href":"https:\/\/senhorafrutta.com.br\/index.php\/wp-json\/wp\/v2\/users\/1"}],"replies":[{"embeddable":true,"href":"https:\/\/senhorafrutta.com.br\/index.php\/wp-json\/wp\/v2\/comments?post=11557"}],"version-history":[{"count":0,"href":"https:\/\/senhorafrutta.com.br\/index.php\/wp-json\/wp\/v2\/posts\/11557\/revisions"}],"wp:featuredmedia":[{"embeddable":true,"href":"https:\/\/senhorafrutta.com.br\/index.php\/wp-json\/wp\/v2\/media\/11503"}],"wp:attachment":[{"href":"https:\/\/senhorafrutta.com.br\/index.php\/wp-json\/wp\/v2\/media?parent=11557"}],"wp:term":[{"taxonomy":"category","embeddable":true,"href":"https:\/\/senhorafrutta.com.br\/index.php\/wp-json\/wp\/v2\/categories?post=11557"},{"taxonomy":"post_tag","embeddable":true,"href":"https:\/\/senhorafrutta.com.br\/index.php\/wp-json\/wp\/v2\/tags?post=11557"}],"curies":[{"name":"wp","href":"https:\/\/api.w.org\/{rel}","templated":true}]}}