{"id":11547,"date":"2025-05-18T23:00:33","date_gmt":"2025-05-18T23:00:33","guid":{"rendered":"https:\/\/senhorafrutta.com.br\/index.php\/2025\/05\/18\/semana-foi-marcada-por-queda-da-arroba-do-boi-o-que-esperar-ate-o-fim-do-mes\/"},"modified":"2025-05-18T23:00:33","modified_gmt":"2025-05-18T23:00:33","slug":"semana-foi-marcada-por-queda-da-arroba-do-boi-o-que-esperar-ate-o-fim-do-mes","status":"publish","type":"post","link":"https:\/\/senhorafrutta.com.br\/index.php\/2025\/05\/18\/semana-foi-marcada-por-queda-da-arroba-do-boi-o-que-esperar-ate-o-fim-do-mes\/","title":{"rendered":"Semana foi marcada por queda da arroba do boi; o que esperar at\u00e9 o fim do m\u00eas?"},"content":{"rendered":"<p> [ad_1]<br \/>\n<\/p>\n<div>\n<p>O mercado brasileiro de boi gordo registrou queda de pre\u00e7os em algumas pra\u00e7as de comercializa\u00e7\u00e3o do Brasil. <\/p>\n<p>Segundo o analista de Safras &amp; Mercado Allan Maia, as ind\u00fastrias frigor\u00edficas ainda contam com uma posi\u00e7\u00e3o confort\u00e1vel em suas escalas de abate, que hoje atendem entre sete e nove dias \u00fateis na m\u00e9dia nacional.<\/p>\n<p>Ele ressalta que a disponibilidade de f\u00eameas bovinas no mercado segue elevada, apontando para um alto descarte de matrizes. \u201cComo ponto de sustenta\u00e7\u00e3o precisa ser mencionado o forte ritmo de embarques, mantendo a demanda por animais jovens aquecida.\u201d<\/p>\n<h2 class=\"wp-block-heading\" id=\"h-precos-medios-da-arroba-do-boi-na-semana\">Pre\u00e7os m\u00e9dios da arroba do boi na semana<\/h2>\n<p>Os pre\u00e7os da arroba do boi gordo na modalidade a prazo nas principais pra\u00e7as de comercializa\u00e7\u00e3o do Brasil estavam assim no dia 15 de maio em compara\u00e7\u00e3o \u00e0 \u00faltima sexta (9):<\/p>\n<ul class=\"wp-block-list\">\n<li><strong>S\u00e3o Paulo (Capital):<\/strong> R$ 310, inalterado frente \u00e0 semana passada<\/li>\n<li><strong>Goi\u00e1s (Goi\u00e2nia):<\/strong> R$ 295, sem altera\u00e7\u00f5es<\/li>\n<li><strong>Minas Gerais (Uberaba):<\/strong> R$ 295, queda de 1,67% em compara\u00e7\u00e3o aos R$ 300 do fechamento da semana anterior<\/li>\n<li><strong>Mato Grosso do Sul (Dourados):<\/strong> R$ 300, est\u00e1vel<\/li>\n<li><strong>Mato Grosso (Cuiab\u00e1):<\/strong> R$ 305, baixa de 3,17% em rela\u00e7\u00e3o aos R$ 315 praticados na semana passada<\/li>\n<li><strong>Rond\u00f4nia (Vilhena):<\/strong> R$ 270, est\u00e1vel<\/li>\n<\/ul>\n<h2 class=\"wp-block-heading\" id=\"h-o-que-esperar-ate-o-fim-do-mes\">O que esperar at\u00e9 o fim do m\u00eas?<\/h2>\n<p>O coordenador da equipe de intelig\u00eancia de mercado da Scot Consultoria, Felipe Fabbri, ressalta que para aliviar a taxa de lota\u00e7\u00e3o, alguns produtores aceleraram as vendas, inclusive de machos, o que deve seguir \u201ccontagiando\u201d o mercado na segunda quinzena. <\/p>\n<p>\u201cPor conta disso, seria um mercado que trabalharia mais pressionado. Por\u00e9m, hoje, com as not\u00edcias de influenza avi\u00e1ria na granja do Rio Grande do Sul e a suspens\u00e3o de exporta\u00e7\u00f5es de carnes de aves por 60 dias para grandes mercados, como a China, esse volume que n\u00e3o ser\u00e1 embarcado deve ser redirecionada ao mercado interno e, com isso, a competitividade com a carne bovina tende a ficar mais pressionada. Assim, pensando em mercado interno, os compradores de boiadas tentar\u00e3o fazer um pre\u00e7o m\u00e9dio da arroba mais atrativo para garantir as suas margens.\u201d<\/p>\n<\/div>\n<div>\n<p>Fabbri ressalta que o mercado j\u00e1 vinha com tend\u00eancia baixista, o que deve se refor\u00e7ar nas pr\u00f3ximas semanas por conta da necessidade de competitividade com a carne de frango e a j\u00e1 esperada descapitaliza\u00e7\u00e3o da popula\u00e7\u00e3o na segunda quinzena do m\u00eas. \u201cEsses fatores far\u00e3o com que a oferta chegue mais facilitada \u00e0 ind\u00fastria frigor\u00edfica, trazendo um cen\u00e1rio de baixa de pre\u00e7os.\u201d<\/p>\n<h2 class=\"wp-block-heading\" id=\"h-mercado-atacadista-do-boi-gordo\">Mercado atacadista do boi gordo<\/h2>\n<figure class=\"wp-block-image size-large\"><img fetchpriority=\"high\" decoding=\"async\" width=\"1024\" height=\"683\" alt=\"carne bovina frigor\u00edficos\" class=\"wp-image-4010509\" srcset=\"https:\/\/imagens-cdn.canalrural.com.br\/2023\/10\/carne-vermelha-fresca-e-trabalhador-de-acougue-trabalhando-em-segundo-plano-300x200.jpg 300w, https:\/\/imagens-cdn.canalrural.com.br\/2023\/10\/carne-vermelha-fresca-e-trabalhador-de-acougue-trabalhando-em-segundo-plano-1024x683.jpg 1024w, https:\/\/imagens-cdn.canalrural.com.br\/2023\/10\/carne-vermelha-fresca-e-trabalhador-de-acougue-trabalhando-em-segundo-plano-768x513.jpg 768w, https:\/\/imagens-cdn.canalrural.com.br\/2023\/10\/carne-vermelha-fresca-e-trabalhador-de-acougue-trabalhando-em-segundo-plano-1536x1025.jpg 1536w, https:\/\/imagens-cdn.canalrural.com.br\/2023\/10\/carne-vermelha-fresca-e-trabalhador-de-acougue-trabalhando-em-segundo-plano-2048x1367.jpg 2048w, https:\/\/imagens-cdn.canalrural.com.br\/2023\/10\/carne-vermelha-fresca-e-trabalhador-de-acougue-trabalhando-em-segundo-plano-150x100.jpg 150w\" data-lazy-sizes=\"(max-width: 1024px) 100vw, 1024px\" src=\"https:\/\/imagens-cdn.canalrural.com.br\/2023\/10\/carne-vermelha-fresca-e-trabalhador-de-acougue-trabalhando-em-segundo-plano-1024x683.jpg\"\/><img decoding=\"async\" width=\"1024\" height=\"683\" src=\"https:\/\/imagens-cdn.canalrural.com.br\/2023\/10\/carne-vermelha-fresca-e-trabalhador-de-acougue-trabalhando-em-segundo-plano-1024x683.jpg\" alt=\"carne bovina frigor\u00edficos\" class=\"wp-image-4010509\" srcset=\"https:\/\/imagens-cdn.canalrural.com.br\/2023\/10\/carne-vermelha-fresca-e-trabalhador-de-acougue-trabalhando-em-segundo-plano-300x200.jpg 300w, https:\/\/imagens-cdn.canalrural.com.br\/2023\/10\/carne-vermelha-fresca-e-trabalhador-de-acougue-trabalhando-em-segundo-plano-1024x683.jpg 1024w, https:\/\/imagens-cdn.canalrural.com.br\/2023\/10\/carne-vermelha-fresca-e-trabalhador-de-acougue-trabalhando-em-segundo-plano-768x513.jpg 768w, https:\/\/imagens-cdn.canalrural.com.br\/2023\/10\/carne-vermelha-fresca-e-trabalhador-de-acougue-trabalhando-em-segundo-plano-1536x1025.jpg 1536w, https:\/\/imagens-cdn.canalrural.com.br\/2023\/10\/carne-vermelha-fresca-e-trabalhador-de-acougue-trabalhando-em-segundo-plano-2048x1367.jpg 2048w, https:\/\/imagens-cdn.canalrural.com.br\/2023\/10\/carne-vermelha-fresca-e-trabalhador-de-acougue-trabalhando-em-segundo-plano-150x100.jpg 150w\" sizes=\"(max-width: 1024px) 100vw, 1024px\"\/><figcaption class=\"wp-element-caption\">Foto: Freepik<\/figcaption><\/figure>\n<p>Maia informa que o mercado atacadista registrou pre\u00e7os acomodados na semana. O ambiente de neg\u00f3cios ainda sugere um menor espa\u00e7o para reajustes no curto prazo, considerando um perfil de consumo mais comedido durante a segunda quinzena do m\u00eas. <\/p>\n<p>\u201cA popula\u00e7\u00e3o ainda prioriza o consumo de prote\u00ednas de menor valor agregado, a exemplo da carne de frango, ovos e embutidos\u201d, ressalta.<\/p>\n<pre class=\"wp-block-code\"><code>O quarto do traseiro do boi foi cotado a R$ 24,00 o quilo, est\u00e1vel frente \u00e0 semana passada. J\u00e1 o dianteiro foi vendido por R$ 19,50 o quilo, inalterado frente \u00e0 semana anterior.<\/code><\/pre>\n<h2 class=\"wp-block-heading\" id=\"h-exportacoes-de-carne-bovina\">Exporta\u00e7\u00f5es de carne bovina<\/h2>\n<p>As exporta\u00e7\u00f5es de carne bovina fresca, congelada ou refrigerada do Brasil renderam US$ 342,765 milh\u00f5es em maio (6 dias \u00fateis), com m\u00e9dia di\u00e1ria de US$ 57,127 milh\u00f5es, conforme dados da Secretaria de Com\u00e9rcio Exterior <strong><a href=\"https:\/\/www.canalrural.com.br\/tag\/secex\/\">(Secex)<\/a><\/strong>.<\/p>\n<p>A quantidade total exportada pelo pa\u00eds chegou a 67,165 mil toneladas, com m\u00e9dia di\u00e1ria de 11,194 mil toneladas. O pre\u00e7o m\u00e9dio da tonelada ficou em US$ 5.103,30.<\/p>\n<p>Em rela\u00e7\u00e3o a maio de 2024, houve alta de 25,7% no valor m\u00e9dio di\u00e1rio da exporta\u00e7\u00e3o, ganho de 10,9% na quantidade m\u00e9dia di\u00e1ria exportada e avan\u00e7o de 13,3% no pre\u00e7o m\u00e9dio.<\/p>\n<p>*<em>Com informa\u00e7\u00f5es de Safras News<\/em><\/p>\n<\/p><\/div>\n<p>[ad_2]<br \/>\n<br \/><a href=\"https:\/\/www.canalrural.com.br\/pecuaria\/semana-foi-marcada-por-queda-da-arroba-do-boi-o-que-esperar-ate-o-fim-do-mes\/\">Source link <\/a><\/p>\n","protected":false},"excerpt":{"rendered":"<p>[ad_1] O mercado brasileiro de boi gordo registrou queda de pre\u00e7os em algumas pra\u00e7as de comercializa\u00e7\u00e3o do Brasil. Segundo o analista de Safras &amp; Mercado Allan Maia, as ind\u00fastrias frigor\u00edficas ainda contam com uma posi\u00e7\u00e3o confort\u00e1vel em suas escalas de abate, que hoje atendem entre sete e nove dias \u00fateis na m\u00e9dia nacional. Ele ressalta que a disponibilidade de f\u00eameas bovinas no mercado segue elevada, apontando para um alto descarte de matrizes. \u201cComo ponto de sustenta\u00e7\u00e3o precisa ser mencionado o forte ritmo de embarques, mantendo a demanda por animais jovens aquecida.\u201d Pre\u00e7os m\u00e9dios da arroba do boi na semana Os pre\u00e7os da arroba do boi gordo na modalidade a prazo nas principais pra\u00e7as de comercializa\u00e7\u00e3o do Brasil estavam assim no dia 15 de maio em compara\u00e7\u00e3o \u00e0 \u00faltima sexta (9): S\u00e3o Paulo (Capital): R$ 310, inalterado frente \u00e0 semana passada Goi\u00e1s (Goi\u00e2nia): R$ 295, sem altera\u00e7\u00f5es Minas Gerais (Uberaba): R$ 295, queda de 1,67% em compara\u00e7\u00e3o aos R$ 300 do fechamento da semana anterior Mato Grosso do Sul (Dourados): R$ 300, est\u00e1vel Mato Grosso (Cuiab\u00e1): R$ 305, baixa de 3,17% em rela\u00e7\u00e3o aos R$ 315 praticados na semana passada Rond\u00f4nia (Vilhena): R$ 270, est\u00e1vel O que esperar at\u00e9 o fim do m\u00eas? O coordenador da equipe de intelig\u00eancia de mercado da Scot Consultoria, Felipe Fabbri, ressalta que para aliviar a taxa de lota\u00e7\u00e3o, alguns produtores aceleraram as vendas, inclusive de machos, o que deve seguir \u201ccontagiando\u201d o mercado na segunda quinzena. \u201cPor conta disso, seria um mercado que trabalharia mais pressionado. Por\u00e9m, hoje, com as not\u00edcias de influenza avi\u00e1ria na granja do Rio Grande do Sul e a suspens\u00e3o de exporta\u00e7\u00f5es de carnes de aves por 60 dias para grandes mercados, como a China, esse volume que n\u00e3o ser\u00e1 embarcado deve ser redirecionada ao mercado interno e, com isso, a competitividade com a carne bovina tende a ficar mais pressionada. Assim, pensando em mercado interno, os compradores de boiadas tentar\u00e3o fazer um pre\u00e7o m\u00e9dio da arroba mais atrativo para garantir as suas margens.\u201d Fabbri ressalta que o mercado j\u00e1 vinha com tend\u00eancia baixista, o que deve se refor\u00e7ar nas pr\u00f3ximas semanas por conta da necessidade de competitividade com a carne de frango e a j\u00e1 esperada descapitaliza\u00e7\u00e3o da popula\u00e7\u00e3o na segunda quinzena do m\u00eas. \u201cEsses fatores far\u00e3o com que a oferta chegue mais facilitada \u00e0 ind\u00fastria frigor\u00edfica, trazendo um cen\u00e1rio de baixa de pre\u00e7os.\u201d Mercado atacadista do boi gordo Foto: Freepik Maia informa que o mercado atacadista registrou pre\u00e7os acomodados na semana. O ambiente de neg\u00f3cios ainda sugere um menor espa\u00e7o para reajustes no curto prazo, considerando um perfil de consumo mais comedido durante a segunda quinzena do m\u00eas. \u201cA popula\u00e7\u00e3o ainda prioriza o consumo de prote\u00ednas de menor valor agregado, a exemplo da carne de frango, ovos e embutidos\u201d, ressalta. O quarto do traseiro do boi foi cotado a R$ 24,00 o quilo, est\u00e1vel frente \u00e0 semana passada. J\u00e1 o dianteiro foi vendido por R$ 19,50 o quilo, inalterado frente \u00e0 semana anterior. Exporta\u00e7\u00f5es de carne bovina As exporta\u00e7\u00f5es de carne bovina fresca, congelada ou refrigerada do Brasil renderam US$ 342,765 milh\u00f5es em maio (6 dias \u00fateis), com m\u00e9dia di\u00e1ria de US$ 57,127 milh\u00f5es, conforme dados da Secretaria de Com\u00e9rcio Exterior (Secex). A quantidade total exportada pelo pa\u00eds chegou a 67,165 mil toneladas, com m\u00e9dia di\u00e1ria de 11,194 mil toneladas. O pre\u00e7o m\u00e9dio da tonelada ficou em US$ 5.103,30. Em rela\u00e7\u00e3o a maio de 2024, houve alta de 25,7% no valor m\u00e9dio di\u00e1rio da exporta\u00e7\u00e3o, ganho de 10,9% na quantidade m\u00e9dia di\u00e1ria exportada e avan\u00e7o de 13,3% no pre\u00e7o m\u00e9dio. *Com informa\u00e7\u00f5es de Safras News [ad_2] Source link<\/p>\n","protected":false},"author":1,"featured_media":10642,"comment_status":"","ping_status":"open","sticky":false,"template":"","format":"standard","meta":{"_monsterinsights_skip_tracking":false,"_monsterinsights_sitenote_active":false,"_monsterinsights_sitenote_note":"","_monsterinsights_sitenote_category":0,"footnotes":""},"categories":[1],"tags":[],"class_list":["post-11547","post","type-post","status-publish","format-standard","has-post-thumbnail","hentry","category-agronegocio"],"_links":{"self":[{"href":"https:\/\/senhorafrutta.com.br\/index.php\/wp-json\/wp\/v2\/posts\/11547","targetHints":{"allow":["GET"]}}],"collection":[{"href":"https:\/\/senhorafrutta.com.br\/index.php\/wp-json\/wp\/v2\/posts"}],"about":[{"href":"https:\/\/senhorafrutta.com.br\/index.php\/wp-json\/wp\/v2\/types\/post"}],"author":[{"embeddable":true,"href":"https:\/\/senhorafrutta.com.br\/index.php\/wp-json\/wp\/v2\/users\/1"}],"replies":[{"embeddable":true,"href":"https:\/\/senhorafrutta.com.br\/index.php\/wp-json\/wp\/v2\/comments?post=11547"}],"version-history":[{"count":0,"href":"https:\/\/senhorafrutta.com.br\/index.php\/wp-json\/wp\/v2\/posts\/11547\/revisions"}],"wp:featuredmedia":[{"embeddable":true,"href":"https:\/\/senhorafrutta.com.br\/index.php\/wp-json\/wp\/v2\/media\/10642"}],"wp:attachment":[{"href":"https:\/\/senhorafrutta.com.br\/index.php\/wp-json\/wp\/v2\/media?parent=11547"}],"wp:term":[{"taxonomy":"category","embeddable":true,"href":"https:\/\/senhorafrutta.com.br\/index.php\/wp-json\/wp\/v2\/categories?post=11547"},{"taxonomy":"post_tag","embeddable":true,"href":"https:\/\/senhorafrutta.com.br\/index.php\/wp-json\/wp\/v2\/tags?post=11547"}],"curies":[{"name":"wp","href":"https:\/\/api.w.org\/{rel}","templated":true}]}}