{"id":1154,"date":"2024-08-09T21:13:38","date_gmt":"2024-08-09T21:13:38","guid":{"rendered":"https:\/\/senhorafrutta.com.br\/index.php\/2024\/08\/09\/aeronave-nao-fez-comunicacao-de-emergencia-diz-cenipa\/"},"modified":"2024-08-09T21:13:38","modified_gmt":"2024-08-09T21:13:38","slug":"aeronave-nao-fez-comunicacao-de-emergencia-diz-cenipa","status":"publish","type":"post","link":"https:\/\/senhorafrutta.com.br\/index.php\/2024\/08\/09\/aeronave-nao-fez-comunicacao-de-emergencia-diz-cenipa\/","title":{"rendered":"Aeronave n\u00e3o fez comunica\u00e7\u00e3o de emerg\u00eancia, diz Cenipa"},"content":{"rendered":"<div>Foto: Cenipa\/divulga\u00e7\u00e3o<\/div>\n<p>O Centro de Investiga\u00e7\u00e3o e Preven\u00e7\u00e3o de Acidentes Aeron\u00e1uticos (Cenipa) informou nesta sexta-feira (9) que a aeronave que caiu nesta tarde em Vinhedo, no interior de S\u00e3o Paulo, n\u00e3o fez nenhuma comunica\u00e7\u00e3o de emerg\u00eancia antes do acidente.\u00a0<\/p>\n<p><em>Confira na palma da m\u00e3o informa\u00e7\u00f5es quentes sobre agricultura, pecu\u00e1ria, economia e previs\u00e3o do tempo:<\/em><a href=\"https:\/\/whatsapp.com\/channel\/0029Va9VnZxGk1FplZjiW43k\"><em> <\/em><strong><em>siga o Canal Rural no WhatsApp!<\/em><\/strong><\/a><\/p>\n<p>\u201cN\u00e3o houve comunica\u00e7\u00e3o por parte da aeronave com \u00f3rg\u00e3os de controle se haveria uma emerg\u00eancia\u201d, disse em entrevista coletiva o chefe do Cenipa, brigadeiro do ar Marcelo Moreno, ressaltando que as informa\u00e7\u00f5es ainda s\u00e3o prematuras.<\/p>\n<p>O diretor da Ag\u00eancia Nacional de Avia\u00e7\u00e3o Civil (Anac), Luis Ricardo, informou que a aeronave se encontrava em condi\u00e7\u00f5es normais de navegabilidade e que os tripulantes tamb\u00e9m estavam com certificados v\u00e1lidos. Segundo ele, o total de passageiros \u00e9 de 61 pessoas, sendo 57 passageiros e 4 tripulantes.\u00a0<\/p>\n<p>O acidente aconteceu por volta das 13h30. Uma aeronave turbo\u00e9lice, da marca francesa ATR, da empresa Voepass, caiu em Vinhedo, no interior de <strong><a href=\"http:\/\/www.canalrural.com.br\/tag\/sao-paulo\/\">S\u00e3o Paulo<\/a><\/strong>. O avi\u00e3o saiu de Cascavel, no Paran\u00e1, e tinha como destino o Aeroporto de Guarulhos. N\u00e3o houve sobreviventes.<\/p>\n<p>Segundo a For\u00e7a A\u00e9rea Brasileira (FAB), o voo ocorreu dentro da normalidade at\u00e9 as 13h20. \u00a0No entanto, a partir das 13h21 a aeronave n\u00e3o respondeu \u00e0s chamadas do Controle de Aproxima\u00e7\u00e3o de S\u00e3o Paulo, bem como n\u00e3o declarou emerg\u00eancia ou reportou estar sob condi\u00e7\u00f5es meteorol\u00f3gicas adversas. A perda do contato radar ocorreu \u00e0s 13h22.\u00a0<\/p>\n<p>O Departamento de Controle do Espa\u00e7o A\u00e9reo (Decea) informou que o sistema Salvaero, que \u00e9 o conjunto dos Centros de Coordena\u00e7\u00e3o de Salvamento Aeron\u00e1utico, foi acionado \u00e0s 13h26 e encontrou a aeronave acidentada dentro de um condom\u00ednio. \u00a0\u00a0<\/p>\n<p>Investigadores do Centro de Investiga\u00e7\u00e3o e Preven\u00e7\u00e3o de Acidentes Aeron\u00e1uticos (Cenipa) est\u00e3o no local para realizar a A\u00e7\u00e3o Inicial da Ocorr\u00eancia.<\/p>\n<p>O post <a href=\"https:\/\/www.canalrural.com.br\/diversos\/aeronave-nao-fez-comunicacao-de-emergencia-diz-cenipa\/\">Aeronave n\u00e3o fez comunica\u00e7\u00e3o de emerg\u00eancia, diz Cenipa<\/a> apareceu primeiro em <a href=\"https:\/\/www.canalrural.com.br\/\">Canal Rural<\/a>.<\/p>","protected":false},"excerpt":{"rendered":"<p>Foto: Cenipa\/divulga\u00e7\u00e3o O Centro de Investiga\u00e7\u00e3o e Preven\u00e7\u00e3o de Acidentes Aeron\u00e1uticos (Cenipa) informou nesta sexta-feira (9) que a aeronave que caiu nesta tarde em Vinhedo, no interior de S\u00e3o Paulo, n\u00e3o fez nenhuma comunica\u00e7\u00e3o de emerg\u00eancia antes do acidente.\u00a0 Confira na palma da m\u00e3o informa\u00e7\u00f5es quentes sobre agricultura, pecu\u00e1ria, economia e previs\u00e3o do tempo: siga o Canal Rural no WhatsApp! \u201cN\u00e3o houve comunica\u00e7\u00e3o por parte da aeronave com \u00f3rg\u00e3os de controle se haveria uma emerg\u00eancia\u201d, disse em entrevista coletiva o chefe do Cenipa, brigadeiro do ar Marcelo Moreno, ressaltando que as informa\u00e7\u00f5es ainda s\u00e3o prematuras. O diretor da Ag\u00eancia Nacional de Avia\u00e7\u00e3o Civil (Anac), Luis Ricardo, informou que a aeronave se encontrava em condi\u00e7\u00f5es normais de navegabilidade e que os tripulantes tamb\u00e9m estavam com certificados v\u00e1lidos. Segundo ele, o total de passageiros \u00e9 de 61 pessoas, sendo 57 passageiros e 4 tripulantes.\u00a0 O acidente aconteceu por volta das 13h30. Uma aeronave turbo\u00e9lice, da marca francesa ATR, da empresa Voepass, caiu em Vinhedo, no interior de S\u00e3o Paulo. O avi\u00e3o saiu de Cascavel, no Paran\u00e1, e tinha como destino o Aeroporto de Guarulhos. N\u00e3o houve sobreviventes. Segundo a For\u00e7a A\u00e9rea Brasileira (FAB), o voo ocorreu dentro da normalidade at\u00e9 as 13h20. \u00a0No entanto, a partir das 13h21 a aeronave n\u00e3o respondeu \u00e0s chamadas do Controle de Aproxima\u00e7\u00e3o de S\u00e3o Paulo, bem como n\u00e3o declarou emerg\u00eancia ou reportou estar sob condi\u00e7\u00f5es meteorol\u00f3gicas adversas. A perda do contato radar ocorreu \u00e0s 13h22.\u00a0 O Departamento de Controle do Espa\u00e7o A\u00e9reo (Decea) informou que o sistema Salvaero, que \u00e9 o conjunto dos Centros de Coordena\u00e7\u00e3o de Salvamento Aeron\u00e1utico, foi acionado \u00e0s 13h26 e encontrou a aeronave acidentada dentro de um condom\u00ednio. \u00a0\u00a0 Investigadores do Centro de Investiga\u00e7\u00e3o e Preven\u00e7\u00e3o de Acidentes Aeron\u00e1uticos (Cenipa) est\u00e3o no local para realizar a A\u00e7\u00e3o Inicial da Ocorr\u00eancia. O post Aeronave n\u00e3o fez comunica\u00e7\u00e3o de emerg\u00eancia, diz Cenipa apareceu primeiro em Canal Rural.<\/p>\n","protected":false},"author":0,"featured_media":0,"comment_status":"open","ping_status":"open","sticky":false,"template":"","format":"standard","meta":{"_monsterinsights_skip_tracking":false,"_monsterinsights_sitenote_active":false,"_monsterinsights_sitenote_note":"","_monsterinsights_sitenote_category":0,"footnotes":""},"categories":[1],"tags":[],"class_list":["post-1154","post","type-post","status-publish","format-standard","hentry","category-agronegocio"],"_links":{"self":[{"href":"https:\/\/senhorafrutta.com.br\/index.php\/wp-json\/wp\/v2\/posts\/1154","targetHints":{"allow":["GET"]}}],"collection":[{"href":"https:\/\/senhorafrutta.com.br\/index.php\/wp-json\/wp\/v2\/posts"}],"about":[{"href":"https:\/\/senhorafrutta.com.br\/index.php\/wp-json\/wp\/v2\/types\/post"}],"replies":[{"embeddable":true,"href":"https:\/\/senhorafrutta.com.br\/index.php\/wp-json\/wp\/v2\/comments?post=1154"}],"version-history":[{"count":0,"href":"https:\/\/senhorafrutta.com.br\/index.php\/wp-json\/wp\/v2\/posts\/1154\/revisions"}],"wp:attachment":[{"href":"https:\/\/senhorafrutta.com.br\/index.php\/wp-json\/wp\/v2\/media?parent=1154"}],"wp:term":[{"taxonomy":"category","embeddable":true,"href":"https:\/\/senhorafrutta.com.br\/index.php\/wp-json\/wp\/v2\/categories?post=1154"},{"taxonomy":"post_tag","embeddable":true,"href":"https:\/\/senhorafrutta.com.br\/index.php\/wp-json\/wp\/v2\/tags?post=1154"}],"curies":[{"name":"wp","href":"https:\/\/api.w.org\/{rel}","templated":true}]}}