{"id":11515,"date":"2025-05-17T13:18:30","date_gmt":"2025-05-17T13:18:30","guid":{"rendered":"https:\/\/senhorafrutta.com.br\/index.php\/2025\/05\/17\/qual-e-o-seu-maior-receio-na-hora-de-declarar-o-imposto-de-renda\/"},"modified":"2025-05-17T13:18:30","modified_gmt":"2025-05-17T13:18:30","slug":"qual-e-o-seu-maior-receio-na-hora-de-declarar-o-imposto-de-renda","status":"publish","type":"post","link":"https:\/\/senhorafrutta.com.br\/index.php\/2025\/05\/17\/qual-e-o-seu-maior-receio-na-hora-de-declarar-o-imposto-de-renda\/","title":{"rendered":"Qual \u00e9 o seu maior receio na hora de declarar o imposto de renda?"},"content":{"rendered":"<p> [ad_1]<br \/>\n<\/p>\n<div>\n<p>Na interatividade da semana, perguntamos o maior receio na hora de declarar o <a href=\"https:\/\/www.canalrural.com.br\/empreendedorismo\/produtor-rural-entenda-o-que-mudou-na-declaracao-do-irpf-2025\/\">imposto de renda<\/a>. O resultado revelou que 61% dos produtores rurais apontam a burocracia como o principal desafio na hora de fazer a declara\u00e7\u00e3o.<\/p>\n<p>Al\u00e9m disso, 20% demonstraram preocupa\u00e7\u00e3o com custos adicionais, enquanto 19% t\u00eam receio sobre o uso e o acesso \u00e0s informa\u00e7\u00f5es prestadas \u00e0 Receita Federal.<\/p>\n<figure class=\"wp-block-image size-large\"><img fetchpriority=\"high\" decoding=\"async\" width=\"1024\" height=\"304\" src=\"https:\/\/imagens-cdn.canalrural.com.br\/2025\/05\/enquete-imposto-1024x304.png\" alt=\"\" class=\"wp-image-4100812\" srcset=\"https:\/\/imagens-cdn.canalrural.com.br\/2025\/05\/enquete-imposto-300x89.png 300w, https:\/\/imagens-cdn.canalrural.com.br\/2025\/05\/enquete-imposto-1024x304.png 1024w, https:\/\/imagens-cdn.canalrural.com.br\/2025\/05\/enquete-imposto-768x228.png 768w, https:\/\/imagens-cdn.canalrural.com.br\/2025\/05\/enquete-imposto-600x178.png 600w, https:\/\/imagens-cdn.canalrural.com.br\/2025\/05\/enquete-imposto-150x44.png 150w, https:\/\/imagens-cdn.canalrural.com.br\/2025\/05\/enquete-imposto.png 1254w\" sizes=\"(max-width: 1024px) 100vw, 1024px\"\/><\/figure>\n<p>Mas afinal, como desburocratizar esse processo e declarar com mais tranquilidade?<\/p>\n<p>Conversamos com Priscila Duarte Salvador, especialista em Direito, Contabilidade e Tributa\u00e7\u00e3o do Agroneg\u00f3cio. Para ela, o maior receio est\u00e1 relacionado \u00e0 falta de informa\u00e7\u00e3o, orienta\u00e7\u00e3o adequada e algumas cren\u00e7as equivocadas.<\/p>\n<blockquote class=\"wp-block-quote is-layout-flow wp-block-quote-is-layout-flow\">\n<p>\u201cMuitos produtores t\u00eam a cren\u00e7a de que se declararem imposto de renda, ir\u00e3o obrigatoriamente pagar imposto, mas n\u00e3o, o que ir\u00e1 fazer o produtor rural pagar imposto \u00e9 a falta de organiza\u00e7\u00e3o em rela\u00e7\u00e3o ao seu livro caixa.\u201d, explica Priscila.<\/p>\n<\/blockquote>\n<p>Ela tamb\u00e9m alerta sobre a import\u00e2ncia de buscar profissionais preparados.<\/p>\n<blockquote class=\"wp-block-quote is-layout-flow wp-block-quote-is-layout-flow\">\n<p>\u201cOutro ponto que causa receio por parte dos produtores na entrega do imposto de renda \u00e9 a falta de conhecimento e despreparo dos colegas contadores para atender a atividade rural. \u201d<\/p>\n<\/blockquote>\n<\/div>\n<div>\n<p>Para facilitar a sua declara\u00e7\u00e3o, anote essas dicas valiosas da especialista:<\/p>\n<ul class=\"wp-block-list\">\n<li>Procure um profissional especializado para auxiliar.<\/li>\n<li>Mantenha a escritura\u00e7\u00e3o do seu livro caixa em dia.<\/li>\n<li>Organize seus contratos de explora\u00e7\u00e3o.\u00a0<\/li>\n<li>Fa\u00e7a o planejamento do seu imposto de renda com anteced\u00eancia, nem sempre declarar quer dizer pagar imposto.\u00a0<\/li>\n<li>Sempre pe\u00e7a nota fiscal e\/ou recibo de despesas, na atividade rural toda despesa importa.\u00a0<\/li>\n<\/ul>\n<p>Toda quinta-feira tem uma nova enquete no Porteira Aberta Empreender!<\/p>\n<p>Participe, envie sua opini\u00e3o e ajude a construir pautas ainda mais importantes para voc\u00ea, micro e pequeno empreendedor rural.<\/p>\n<p>A resposta da pergunta da semana vai ao ar todo s\u00e1bado no canal do <a href=\"https:\/\/www.youtube.com\/playlist?list=PL8fRHJSOpctjAnkcXTOlHZvyDr6rPdTwE\">YouTube<\/a> do Canal Rural.<\/p>\n<p>Acompanhe!<\/p>\n<\/p><\/div>\n<p>[ad_2]<br \/>\n<br \/><a href=\"https:\/\/www.canalrural.com.br\/diversos\/qual-e-o-seu-maior-receio-na-hora-de-declarar-o-imposto-de-renda\/\">Source link <\/a><\/p>\n","protected":false},"excerpt":{"rendered":"<p>[ad_1] Na interatividade da semana, perguntamos o maior receio na hora de declarar o imposto de renda. O resultado revelou que 61% dos produtores rurais apontam a burocracia como o principal desafio na hora de fazer a declara\u00e7\u00e3o. Al\u00e9m disso, 20% demonstraram preocupa\u00e7\u00e3o com custos adicionais, enquanto 19% t\u00eam receio sobre o uso e o acesso \u00e0s informa\u00e7\u00f5es prestadas \u00e0 Receita Federal. Mas afinal, como desburocratizar esse processo e declarar com mais tranquilidade? Conversamos com Priscila Duarte Salvador, especialista em Direito, Contabilidade e Tributa\u00e7\u00e3o do Agroneg\u00f3cio. Para ela, o maior receio est\u00e1 relacionado \u00e0 falta de informa\u00e7\u00e3o, orienta\u00e7\u00e3o adequada e algumas cren\u00e7as equivocadas. \u201cMuitos produtores t\u00eam a cren\u00e7a de que se declararem imposto de renda, ir\u00e3o obrigatoriamente pagar imposto, mas n\u00e3o, o que ir\u00e1 fazer o produtor rural pagar imposto \u00e9 a falta de organiza\u00e7\u00e3o em rela\u00e7\u00e3o ao seu livro caixa.\u201d, explica Priscila. Ela tamb\u00e9m alerta sobre a import\u00e2ncia de buscar profissionais preparados. \u201cOutro ponto que causa receio por parte dos produtores na entrega do imposto de renda \u00e9 a falta de conhecimento e despreparo dos colegas contadores para atender a atividade rural. \u201d Para facilitar a sua declara\u00e7\u00e3o, anote essas dicas valiosas da especialista: Procure um profissional especializado para auxiliar. Mantenha a escritura\u00e7\u00e3o do seu livro caixa em dia. Organize seus contratos de explora\u00e7\u00e3o.\u00a0 Fa\u00e7a o planejamento do seu imposto de renda com anteced\u00eancia, nem sempre declarar quer dizer pagar imposto.\u00a0 Sempre pe\u00e7a nota fiscal e\/ou recibo de despesas, na atividade rural toda despesa importa.\u00a0 Toda quinta-feira tem uma nova enquete no Porteira Aberta Empreender! Participe, envie sua opini\u00e3o e ajude a construir pautas ainda mais importantes para voc\u00ea, micro e pequeno empreendedor rural. A resposta da pergunta da semana vai ao ar todo s\u00e1bado no canal do YouTube do Canal Rural. Acompanhe! [ad_2] Source link<\/p>\n","protected":false},"author":1,"featured_media":11516,"comment_status":"","ping_status":"open","sticky":false,"template":"","format":"standard","meta":{"_monsterinsights_skip_tracking":false,"_monsterinsights_sitenote_active":false,"_monsterinsights_sitenote_note":"","_monsterinsights_sitenote_category":0,"footnotes":""},"categories":[1],"tags":[],"class_list":["post-11515","post","type-post","status-publish","format-standard","has-post-thumbnail","hentry","category-agronegocio"],"_links":{"self":[{"href":"https:\/\/senhorafrutta.com.br\/index.php\/wp-json\/wp\/v2\/posts\/11515","targetHints":{"allow":["GET"]}}],"collection":[{"href":"https:\/\/senhorafrutta.com.br\/index.php\/wp-json\/wp\/v2\/posts"}],"about":[{"href":"https:\/\/senhorafrutta.com.br\/index.php\/wp-json\/wp\/v2\/types\/post"}],"author":[{"embeddable":true,"href":"https:\/\/senhorafrutta.com.br\/index.php\/wp-json\/wp\/v2\/users\/1"}],"replies":[{"embeddable":true,"href":"https:\/\/senhorafrutta.com.br\/index.php\/wp-json\/wp\/v2\/comments?post=11515"}],"version-history":[{"count":0,"href":"https:\/\/senhorafrutta.com.br\/index.php\/wp-json\/wp\/v2\/posts\/11515\/revisions"}],"wp:featuredmedia":[{"embeddable":true,"href":"https:\/\/senhorafrutta.com.br\/index.php\/wp-json\/wp\/v2\/media\/11516"}],"wp:attachment":[{"href":"https:\/\/senhorafrutta.com.br\/index.php\/wp-json\/wp\/v2\/media?parent=11515"}],"wp:term":[{"taxonomy":"category","embeddable":true,"href":"https:\/\/senhorafrutta.com.br\/index.php\/wp-json\/wp\/v2\/categories?post=11515"},{"taxonomy":"post_tag","embeddable":true,"href":"https:\/\/senhorafrutta.com.br\/index.php\/wp-json\/wp\/v2\/tags?post=11515"}],"curies":[{"name":"wp","href":"https:\/\/api.w.org\/{rel}","templated":true}]}}