{"id":11508,"date":"2025-05-17T02:04:18","date_gmt":"2025-05-17T02:04:18","guid":{"rendered":"https:\/\/senhorafrutta.com.br\/index.php\/2025\/05\/17\/gripe-aviaria-chega-ao-brasil-mas-encontra-um-sistema-de-defesa-forte-e-preparado\/"},"modified":"2025-05-17T02:04:18","modified_gmt":"2025-05-17T02:04:18","slug":"gripe-aviaria-chega-ao-brasil-mas-encontra-um-sistema-de-defesa-forte-e-preparado","status":"publish","type":"post","link":"https:\/\/senhorafrutta.com.br\/index.php\/2025\/05\/17\/gripe-aviaria-chega-ao-brasil-mas-encontra-um-sistema-de-defesa-forte-e-preparado\/","title":{"rendered":"Gripe avi\u00e1ria chega ao Brasil, mas encontra um sistema de defesa forte e preparado"},"content":{"rendered":"<p> [ad_1]<br \/>\n<\/p>\n<div>\n<p>O Brasil, maior exportador mundial de carne de frango, vive nesta semana um epis\u00f3dio que h\u00e1 tempos era temido, mas que n\u00e3o surpreende diante da complexidade do cen\u00e1rio sanit\u00e1rio global: a confirma\u00e7\u00e3o de um foco de gripe avi\u00e1ria em uma granja no Rio Grande do Sul.<\/p>\n<p><strong><a href=\"https:\/\/www.canalrural.com.br\/diversos\/primeiro-foco-de-gripe-aviaria-em-granja-comercial-e-detectado-no-brasil\/\">Apesar do impacto inicial da not\u00edcia<\/a><\/strong>, \u00e9 fundamental destacar que o pa\u00eds mant\u00e9m um dos sistemas de vigil\u00e2ncia sanit\u00e1ria mais robustos do mundo, refer\u00eancia em biosseguran\u00e7a e rastreabilidade. <\/p>\n<p>O caso, at\u00e9 o momento isolado, refor\u00e7a a import\u00e2ncia do investimento constante em monitoramento, barreiras sanit\u00e1rias e resposta r\u00e1pida \u2014 fatores que explicam por que o Brasil se manteve livre da doen\u00e7a por tanto tempo, mesmo com a expans\u00e3o global do v\u00edrus.<\/p>\n<\/div>\n<div>\n<p>As autoridades j\u00e1 isolaram o foco e ativaram os protocolos de conten\u00e7\u00e3o previstos pelo Plano Nacional de Sanidade Av\u00edcola. A expectativa do setor \u00e9 que o caso permane\u00e7a restrito \u00e0 \u00e1rea afetada, sem comprometer a produ\u00e7\u00e3o nacional nem os embarques internacionais.<\/p>\n<p>A confian\u00e7a no sistema sanit\u00e1rio brasileiro \u00e9 compartilhada por muitos dos principais importadores de carne de frango, que reconhecem a transpar\u00eancia e o rigor t\u00e9cnico das a\u00e7\u00f5es adotadas pelo pa\u00eds.<\/p>\n<p>O epis\u00f3dio serve como alerta, mas n\u00e3o como alarme. A gripe avi\u00e1ria chegou, mas encontrou um Brasil preparado. O controle r\u00e1pido e a comunica\u00e7\u00e3o eficiente ser\u00e3o essenciais para preservar a imagem sanit\u00e1ria brasileira e garantir a continuidade de um setor que movimenta bilh\u00f5es e gera milh\u00f5es de empregos em todo o territ\u00f3rio nacional.<\/p>\n<div class=\"wp-block-media-text is-stacked-on-mobile\">\n<figure class=\"wp-block-media-text__media\"><img fetchpriority=\"high\" decoding=\"async\" width=\"683\" height=\"1024\" src=\"https:\/\/imagens-cdn.canalrural.com.br\/2025\/04\/daoud.jpg\" alt=\"Miguel Daoud\" class=\"wp-image-4095706 size-full\" srcset=\"https:\/\/imagens-cdn.canalrural.com.br\/2025\/04\/daoud-200x300.jpg 200w, https:\/\/imagens-cdn.canalrural.com.br\/2025\/04\/daoud.jpg 683w, https:\/\/imagens-cdn.canalrural.com.br\/2025\/04\/daoud-768x1151.jpg 768w, https:\/\/imagens-cdn.canalrural.com.br\/2025\/04\/daoud-1025x1536.jpg 1025w, https:\/\/imagens-cdn.canalrural.com.br\/2025\/04\/daoud-600x900.jpg 600w, https:\/\/imagens-cdn.canalrural.com.br\/2025\/04\/daoud-150x225.jpg 150w, https:\/\/imagens-cdn.canalrural.com.br\/2025\/04\/daoud.jpg 1366w\" sizes=\"(max-width: 683px) 100vw, 683px\"\/><\/figure>\n<div class=\"wp-block-media-text__content\">\n<p class=\"has-text-align-center\"><em><strong>Miguel Daoud<\/strong>\u00a0\u00e9 comentarista de Economia e Pol\u00edtica\u00a0do Canal Rural<\/em><\/p>\n<\/div>\n<\/div>\n<p><em>O\u00a0<strong>Canal Rural<\/strong>\u00a0n\u00e3o se responsabiliza pelas opini\u00f5es e conceitos emitidos nos textos desta sess\u00e3o, sendo os conte\u00fados de inteira responsabilidade de seus autores. A empresa se reserva o direito de fazer ajustes no texto para adequa\u00e7\u00e3o \u00e0s normas de publica\u00e7\u00e3o.<\/em><\/p>\n<\/p><\/div>\n<p>[ad_2]<br \/>\n<br \/><a href=\"https:\/\/www.canalrural.com.br\/opiniao-noticias\/gripe-aviaria-chega-ao-brasil-mas-encontra-um-sistema-de-defesa-forte-e-preparado\/\">Source link <\/a><\/p>\n","protected":false},"excerpt":{"rendered":"<p>[ad_1] O Brasil, maior exportador mundial de carne de frango, vive nesta semana um epis\u00f3dio que h\u00e1 tempos era temido, mas que n\u00e3o surpreende diante da complexidade do cen\u00e1rio sanit\u00e1rio global: a confirma\u00e7\u00e3o de um foco de gripe avi\u00e1ria em uma granja no Rio Grande do Sul. Apesar do impacto inicial da not\u00edcia, \u00e9 fundamental destacar que o pa\u00eds mant\u00e9m um dos sistemas de vigil\u00e2ncia sanit\u00e1ria mais robustos do mundo, refer\u00eancia em biosseguran\u00e7a e rastreabilidade. O caso, at\u00e9 o momento isolado, refor\u00e7a a import\u00e2ncia do investimento constante em monitoramento, barreiras sanit\u00e1rias e resposta r\u00e1pida \u2014 fatores que explicam por que o Brasil se manteve livre da doen\u00e7a por tanto tempo, mesmo com a expans\u00e3o global do v\u00edrus. As autoridades j\u00e1 isolaram o foco e ativaram os protocolos de conten\u00e7\u00e3o previstos pelo Plano Nacional de Sanidade Av\u00edcola. A expectativa do setor \u00e9 que o caso permane\u00e7a restrito \u00e0 \u00e1rea afetada, sem comprometer a produ\u00e7\u00e3o nacional nem os embarques internacionais. A confian\u00e7a no sistema sanit\u00e1rio brasileiro \u00e9 compartilhada por muitos dos principais importadores de carne de frango, que reconhecem a transpar\u00eancia e o rigor t\u00e9cnico das a\u00e7\u00f5es adotadas pelo pa\u00eds. O epis\u00f3dio serve como alerta, mas n\u00e3o como alarme. A gripe avi\u00e1ria chegou, mas encontrou um Brasil preparado. O controle r\u00e1pido e a comunica\u00e7\u00e3o eficiente ser\u00e3o essenciais para preservar a imagem sanit\u00e1ria brasileira e garantir a continuidade de um setor que movimenta bilh\u00f5es e gera milh\u00f5es de empregos em todo o territ\u00f3rio nacional. Miguel Daoud\u00a0\u00e9 comentarista de Economia e Pol\u00edtica\u00a0do Canal Rural O\u00a0Canal Rural\u00a0n\u00e3o se responsabiliza pelas opini\u00f5es e conceitos emitidos nos textos desta sess\u00e3o, sendo os conte\u00fados de inteira responsabilidade de seus autores. A empresa se reserva o direito de fazer ajustes no texto para adequa\u00e7\u00e3o \u00e0s normas de publica\u00e7\u00e3o. [ad_2] Source link<\/p>\n","protected":false},"author":1,"featured_media":9971,"comment_status":"","ping_status":"open","sticky":false,"template":"","format":"standard","meta":{"_monsterinsights_skip_tracking":false,"_monsterinsights_sitenote_active":false,"_monsterinsights_sitenote_note":"","_monsterinsights_sitenote_category":0,"footnotes":""},"categories":[1],"tags":[],"class_list":["post-11508","post","type-post","status-publish","format-standard","has-post-thumbnail","hentry","category-agronegocio"],"_links":{"self":[{"href":"https:\/\/senhorafrutta.com.br\/index.php\/wp-json\/wp\/v2\/posts\/11508","targetHints":{"allow":["GET"]}}],"collection":[{"href":"https:\/\/senhorafrutta.com.br\/index.php\/wp-json\/wp\/v2\/posts"}],"about":[{"href":"https:\/\/senhorafrutta.com.br\/index.php\/wp-json\/wp\/v2\/types\/post"}],"author":[{"embeddable":true,"href":"https:\/\/senhorafrutta.com.br\/index.php\/wp-json\/wp\/v2\/users\/1"}],"replies":[{"embeddable":true,"href":"https:\/\/senhorafrutta.com.br\/index.php\/wp-json\/wp\/v2\/comments?post=11508"}],"version-history":[{"count":0,"href":"https:\/\/senhorafrutta.com.br\/index.php\/wp-json\/wp\/v2\/posts\/11508\/revisions"}],"wp:featuredmedia":[{"embeddable":true,"href":"https:\/\/senhorafrutta.com.br\/index.php\/wp-json\/wp\/v2\/media\/9971"}],"wp:attachment":[{"href":"https:\/\/senhorafrutta.com.br\/index.php\/wp-json\/wp\/v2\/media?parent=11508"}],"wp:term":[{"taxonomy":"category","embeddable":true,"href":"https:\/\/senhorafrutta.com.br\/index.php\/wp-json\/wp\/v2\/categories?post=11508"},{"taxonomy":"post_tag","embeddable":true,"href":"https:\/\/senhorafrutta.com.br\/index.php\/wp-json\/wp\/v2\/tags?post=11508"}],"curies":[{"name":"wp","href":"https:\/\/api.w.org\/{rel}","templated":true}]}}