{"id":1133,"date":"2024-08-09T08:01:00","date_gmt":"2024-08-09T08:01:00","guid":{"rendered":"https:\/\/senhorafrutta.com.br\/index.php\/2024\/08\/09\/onda-de-frio-pode-quebrar-recordes-de-baixa-temperatura-em-capitais-veja-como-sera\/"},"modified":"2024-08-09T08:01:00","modified_gmt":"2024-08-09T08:01:00","slug":"onda-de-frio-pode-quebrar-recordes-de-baixa-temperatura-em-capitais-veja-como-sera","status":"publish","type":"post","link":"https:\/\/senhorafrutta.com.br\/index.php\/2024\/08\/09\/onda-de-frio-pode-quebrar-recordes-de-baixa-temperatura-em-capitais-veja-como-sera\/","title":{"rendered":"Onda de frio pode quebrar recordes de baixa temperatura em capitais; veja como ser\u00e1"},"content":{"rendered":"<div>Foto: Pixabay<\/div>\n<p>A forte frente fria que atinge o Brasil promete quebrar recorde em baixas temperaturas em diversas capitais. A <strong><a href=\"http:\/\/www.canal.com.br\/tag\/massa-de-ar-polar\/\">massa de ar polar<\/a><\/strong> que avan\u00e7a pelo pa\u00eds deve afetar os term\u00f4metros principalmente no Rio de Janeiro, S\u00e3o Paulo, Curitiba, Florian\u00f3polis e Campo Grande.<\/p>\n<p><em>Confira na palma da m\u00e3o informa\u00e7\u00f5es quentes sobre agricultura, pecu\u00e1ria, economia e previs\u00e3o do tempo:<\/em><a href=\"https:\/\/whatsapp.com\/channel\/0029Va9VnZxGk1FplZjiW43k\"><em> <\/em><strong><em>siga o Canal Rural no WhatsApp!<\/em><\/strong><\/a><\/p>\n<h2 class=\"wp-block-heading\">Rio de Janeiro: menor m\u00e1xima e m\u00ednima do ano<\/h2>\n<p>O Rio de Janeiro pode registrar temperaturas recordes durante o fim de semana. No s\u00e1bado (10), a cidade pode ter a menor m\u00e1xima do ano, com previs\u00e3o de 19 \u00baC. No domingo (11), a m\u00ednima pode ser de 12 \u00baC, tamb\u00e9m a menor do ano \u2013 o recorde atual de m\u00ednima \u00e9 de 11,9 \u00b0C, registrado em 20 de julho, e de m\u00e1xima \u00e9 21,1 \u00b0C, em 1\u00ba de julho. A \u00faltima vez que o Rio teve uma m\u00e1xima menor ou igual a 19 \u00baC foi em 19 de julho de 2017, com 18,4\u00baC.<\/p>\n<h2 class=\"wp-block-heading\"><strong>S\u00e3o Paulo: frio intenso no fim de semana<\/strong><\/h2>\n<p>O frio tamb\u00e9m ser\u00e1 severo em S\u00e3o Paulo, com chances de quebra de recorde de m\u00ednima tanto no s\u00e1bado quanto no domingo. A menor m\u00ednima do ano at\u00e9 agora foi de 10,4 \u00b0C, registrada em 29 de maio. Para este s\u00e1bado, a previs\u00e3o \u00e9 de 9 \u00baC, e no domingo, 7 \u00baC.<\/p>\n<h2 class=\"wp-block-heading\"><strong>Curitiba: poss\u00edvel recorde de m\u00ednima<\/strong><\/h2>\n<p>A cidade, que j\u00e1 registrou 2,6 \u00b0C em 30 de junho, pode enfrentar ainda mais frio neste s\u00e1bado, com previs\u00e3o de 2 \u00baC, o que poder\u00e1 ser a menor m\u00ednima do ano.<\/p>\n<h2 class=\"wp-block-heading\"><strong>Florian\u00f3polis: m\u00ednima recorde \u00e0 vista<\/strong><\/h2>\n<p>A menor m\u00ednima deste ano na capital de Santa Catarina foi de 6,5 \u00b0C, em 1\u00ba de junho. A previs\u00e3o para este s\u00e1bado \u00e9 de 6 \u00baC, o que pode estabelecer um novo recorde para 2024.<\/p>\n<h2 class=\"wp-block-heading\"><strong>Campo Grande: frio intenso e recorde<\/strong><\/h2>\n<p>A menor m\u00ednima do ano foi de 9 \u00b0C, registrada em 16 de julho. No entanto, a previs\u00e3o para este s\u00e1bado \u00e9 de 6 \u00baC, o que pode estabelecer um novo recorde.<\/p>\n<h2 class=\"wp-block-heading\"><strong>Temperaturas m\u00ednimas noturnas<\/strong><\/h2>\n<p>Outro ponto importante desta onda de frio ser\u00e1 o comportamento das temperaturas durante a noite. O deslocamento lento do sistema favorecer\u00e1 m\u00ednimas noturnas, o que n\u00e3o \u00e9 comum, pois geralmente as m\u00ednimas ocorrem entre a madrugada e o in\u00edcio da manh\u00e3.<\/p>\n<p>Veja onde as temperaturas m\u00ednimas se dar\u00e3o \u00e0 noite nesta sexta-feira:<\/p>\n<p>Rond\u00f4nia: Vilhena<\/p>\n<p>Mato Grosso do Sul: Ponta Por\u00e3, Corumb\u00e1, Campo Grande<\/p>\n<p>Mato Grosso: Rondon\u00f3polis,\u00a0Cuiab\u00e1<\/p>\n<p>S\u00e3o Paulo: Presidente Prudente, Bauru, Pirassununga, S\u00e3o Jos\u00e9 do Rio Preto, Ribeir\u00e3o Preto, Sorocaba, Campinas, capital, Santos, Taubat\u00e9, Campos do Jord\u00e3o<\/p>\n<p>Rio de Janeiro: Paraty<\/p>\n<p>O post <a href=\"https:\/\/www.canalrural.com.br\/tempo\/onda-de-frio-pode-quebrar-recordes-de-baixa-temperatura-em-capitais-veja-como-sera\/\">Onda de frio pode quebrar recordes de baixa temperatura em capitais; veja como ser\u00e1<\/a> apareceu primeiro em <a href=\"https:\/\/www.canalrural.com.br\/\">Canal Rural<\/a>.<\/p>","protected":false},"excerpt":{"rendered":"<p>Foto: Pixabay A forte frente fria que atinge o Brasil promete quebrar recorde em baixas temperaturas em diversas capitais. A massa de ar polar que avan\u00e7a pelo pa\u00eds deve afetar os term\u00f4metros principalmente no Rio de Janeiro, S\u00e3o Paulo, Curitiba, Florian\u00f3polis e Campo Grande. Confira na palma da m\u00e3o informa\u00e7\u00f5es quentes sobre agricultura, pecu\u00e1ria, economia e previs\u00e3o do tempo: siga o Canal Rural no WhatsApp! Rio de Janeiro: menor m\u00e1xima e m\u00ednima do ano O Rio de Janeiro pode registrar temperaturas recordes durante o fim de semana. No s\u00e1bado (10), a cidade pode ter a menor m\u00e1xima do ano, com previs\u00e3o de 19 \u00baC. No domingo (11), a m\u00ednima pode ser de 12 \u00baC, tamb\u00e9m a menor do ano \u2013 o recorde atual de m\u00ednima \u00e9 de 11,9 \u00b0C, registrado em 20 de julho, e de m\u00e1xima \u00e9 21,1 \u00b0C, em 1\u00ba de julho. A \u00faltima vez que o Rio teve uma m\u00e1xima menor ou igual a 19 \u00baC foi em 19 de julho de 2017, com 18,4\u00baC. S\u00e3o Paulo: frio intenso no fim de semana O frio tamb\u00e9m ser\u00e1 severo em S\u00e3o Paulo, com chances de quebra de recorde de m\u00ednima tanto no s\u00e1bado quanto no domingo. A menor m\u00ednima do ano at\u00e9 agora foi de 10,4 \u00b0C, registrada em 29 de maio. Para este s\u00e1bado, a previs\u00e3o \u00e9 de 9 \u00baC, e no domingo, 7 \u00baC. Curitiba: poss\u00edvel recorde de m\u00ednima A cidade, que j\u00e1 registrou 2,6 \u00b0C em 30 de junho, pode enfrentar ainda mais frio neste s\u00e1bado, com previs\u00e3o de 2 \u00baC, o que poder\u00e1 ser a menor m\u00ednima do ano. Florian\u00f3polis: m\u00ednima recorde \u00e0 vista A menor m\u00ednima deste ano na capital de Santa Catarina foi de 6,5 \u00b0C, em 1\u00ba de junho. A previs\u00e3o para este s\u00e1bado \u00e9 de 6 \u00baC, o que pode estabelecer um novo recorde para 2024. Campo Grande: frio intenso e recorde A menor m\u00ednima do ano foi de 9 \u00b0C, registrada em 16 de julho. No entanto, a previs\u00e3o para este s\u00e1bado \u00e9 de 6 \u00baC, o que pode estabelecer um novo recorde. Temperaturas m\u00ednimas noturnas Outro ponto importante desta onda de frio ser\u00e1 o comportamento das temperaturas durante a noite. O deslocamento lento do sistema favorecer\u00e1 m\u00ednimas noturnas, o que n\u00e3o \u00e9 comum, pois geralmente as m\u00ednimas ocorrem entre a madrugada e o in\u00edcio da manh\u00e3. Veja onde as temperaturas m\u00ednimas se dar\u00e3o \u00e0 noite nesta sexta-feira: Rond\u00f4nia: Vilhena Mato Grosso do Sul: Ponta Por\u00e3, Corumb\u00e1, Campo Grande Mato Grosso: Rondon\u00f3polis,\u00a0Cuiab\u00e1 S\u00e3o Paulo: Presidente Prudente, Bauru, Pirassununga, S\u00e3o Jos\u00e9 do Rio Preto, Ribeir\u00e3o Preto, Sorocaba, Campinas, capital, Santos, Taubat\u00e9, Campos do Jord\u00e3o Rio de Janeiro: Paraty O post Onda de frio pode quebrar recordes de baixa temperatura em capitais; veja como ser\u00e1 apareceu primeiro em Canal Rural.<\/p>\n","protected":false},"author":0,"featured_media":0,"comment_status":"open","ping_status":"open","sticky":false,"template":"","format":"standard","meta":{"_monsterinsights_skip_tracking":false,"_monsterinsights_sitenote_active":false,"_monsterinsights_sitenote_note":"","_monsterinsights_sitenote_category":0,"footnotes":""},"categories":[1],"tags":[],"class_list":["post-1133","post","type-post","status-publish","format-standard","hentry","category-agronegocio"],"_links":{"self":[{"href":"https:\/\/senhorafrutta.com.br\/index.php\/wp-json\/wp\/v2\/posts\/1133","targetHints":{"allow":["GET"]}}],"collection":[{"href":"https:\/\/senhorafrutta.com.br\/index.php\/wp-json\/wp\/v2\/posts"}],"about":[{"href":"https:\/\/senhorafrutta.com.br\/index.php\/wp-json\/wp\/v2\/types\/post"}],"replies":[{"embeddable":true,"href":"https:\/\/senhorafrutta.com.br\/index.php\/wp-json\/wp\/v2\/comments?post=1133"}],"version-history":[{"count":0,"href":"https:\/\/senhorafrutta.com.br\/index.php\/wp-json\/wp\/v2\/posts\/1133\/revisions"}],"wp:attachment":[{"href":"https:\/\/senhorafrutta.com.br\/index.php\/wp-json\/wp\/v2\/media?parent=1133"}],"wp:term":[{"taxonomy":"category","embeddable":true,"href":"https:\/\/senhorafrutta.com.br\/index.php\/wp-json\/wp\/v2\/categories?post=1133"},{"taxonomy":"post_tag","embeddable":true,"href":"https:\/\/senhorafrutta.com.br\/index.php\/wp-json\/wp\/v2\/tags?post=1133"}],"curies":[{"name":"wp","href":"https:\/\/api.w.org\/{rel}","templated":true}]}}