{"id":1121,"date":"2024-08-07T15:38:33","date_gmt":"2024-08-07T15:38:33","guid":{"rendered":"https:\/\/senhorafrutta.com.br\/index.php\/2024\/08\/07\/favaro-apoio-a-comercializacao-tera-maior-corte-mas-seguro-tambem-sera-ajustado\/"},"modified":"2024-08-07T15:38:33","modified_gmt":"2024-08-07T15:38:33","slug":"favaro-apoio-a-comercializacao-tera-maior-corte-mas-seguro-tambem-sera-ajustado","status":"publish","type":"post","link":"https:\/\/senhorafrutta.com.br\/index.php\/2024\/08\/07\/favaro-apoio-a-comercializacao-tera-maior-corte-mas-seguro-tambem-sera-ajustado\/","title":{"rendered":"F\u00e1varo: Apoio \u00e0 comercializa\u00e7\u00e3o ter\u00e1 maior corte, mas seguro tamb\u00e9m ser\u00e1 ajustado"},"content":{"rendered":"<div>Foto: Carlos Silva\/Mapa<\/div>\n<p>O ministro da <strong><a href=\"https:\/\/www.canalrural.com.br\/agricultura\/\">Agricultura <\/a><\/strong>e Pecu\u00e1ria, Carlos F\u00e1varo, indicou que o congelamento de despesas do Or\u00e7amento federal destinado \u00e0 pasta incidir\u00e1 na \u00e1rea de apoio \u00e0 comercializa\u00e7\u00e3o de produtos agr\u00edcolas. <\/p>\n<p><em>Confira na palma da m\u00e3o informa\u00e7\u00f5es quentes sobre agricultura, pecu\u00e1ria, economia e previs\u00e3o do tempo:<\/em><a href=\"https:\/\/whatsapp.com\/channel\/0029Va9VnZxGk1FplZjiW43k\"><em> <\/em><strong><em>siga o Canal Rural no WhatsApp!<\/em><\/strong><\/a><\/p>\n<p>\u201cNenhum produto no momento, ou poucos produtos, precisam de apoio \u00e0 comercializa\u00e7\u00e3o\u201d, disse o ministro na ter\u00e7a-feira (6), durante participa\u00e7\u00e3o no Sal\u00e3o Internacional de Prote\u00edna Animal (Siavs), em S\u00e3o Paulo. O Minist\u00e9rio da Agricultura tinha at\u00e9 a ter\u00e7a para indicar as a\u00e7\u00f5es que ter\u00e3o seus recursos bloqueados.<\/p>\n<p>No total, s\u00e3o R$ 15 bilh\u00f5es de todo o Or\u00e7amento federal que ser\u00e3o congelados nas diferentes pastas.<\/p>\n<p>Segundo F\u00e1varo, a maior parte dos cortes na Agricultura recair\u00e1 sobre o apoio \u00e0 comercializa\u00e7\u00e3o por causa dos pre\u00e7os atualmente bem estabelecidos dos produtos agr\u00edcolas.<\/p>\n<p>F\u00e1varo tamb\u00e9m garantiu que os cortes no seguro rural ser\u00e3o pequenos. Ele lembrou o aumento de R$ 210 milh\u00f5es especificamente para cobrir o impacto das chuvas no Rio Grande do Sul, em recursos inseridos no Plano Safra. \u201cTalvez um pouquinho, para ajustar a conta, vai ser preciso cortar\u201d, disse.<\/p>\n<h2 class=\"wp-block-heading\">D\u00edvidas no RS<\/h2>\n<p>O ministro Favaro disse que o governo federal pode estender a morat\u00f3ria concedida a produtores rurais ga\u00fachos para pagamento das parcelas de opera\u00e7\u00f5es de cr\u00e9dito rural com as institui\u00e7\u00f5es financeiras. A decis\u00e3o sobre a renegocia\u00e7\u00e3o das opera\u00e7\u00f5es de cr\u00e9dito rural havia sido tomada pelo Conselho Monet\u00e1rio Nacional (CMN), com validade at\u00e9 15 de agosto.<\/p>\n<p>\u201cTemos uma demanda para que possamos prorrogar a morat\u00f3ria dos vencimentos aos produtores, que termina agora, dia 15 de agosto\u201d, disse o ministro, em entrevista coletiva na Siavs.<\/p>\n<p>Ele tamb\u00e9m afirmou que novos recursos em apoio ao produtor rural ga\u00facho podem ser liberados, caso haja necessidade. \u201cMesmo se todos os recursos n\u00e3o forem suficientes, o governo est\u00e1 disposto a incrementar com o volume de recursos que for necess\u00e1rio\u201d, comentou.<\/p>\n<p>O post <a href=\"https:\/\/www.canalrural.com.br\/agricultura\/na-agricultura-apoio-a-comercializacao-tera-maior-corte-de-despesa-diz-favaro\/\">F\u00e1varo: Apoio \u00e0 comercializa\u00e7\u00e3o ter\u00e1 maior corte, mas seguro tamb\u00e9m ser\u00e1 ajustado<\/a> apareceu primeiro em <a href=\"https:\/\/www.canalrural.com.br\/\">Canal Rural<\/a>.<\/p>","protected":false},"excerpt":{"rendered":"<p>Foto: Carlos Silva\/Mapa O ministro da Agricultura e Pecu\u00e1ria, Carlos F\u00e1varo, indicou que o congelamento de despesas do Or\u00e7amento federal destinado \u00e0 pasta incidir\u00e1 na \u00e1rea de apoio \u00e0 comercializa\u00e7\u00e3o de produtos agr\u00edcolas. Confira na palma da m\u00e3o informa\u00e7\u00f5es quentes sobre agricultura, pecu\u00e1ria, economia e previs\u00e3o do tempo: siga o Canal Rural no WhatsApp! \u201cNenhum produto no momento, ou poucos produtos, precisam de apoio \u00e0 comercializa\u00e7\u00e3o\u201d, disse o ministro na ter\u00e7a-feira (6), durante participa\u00e7\u00e3o no Sal\u00e3o Internacional de Prote\u00edna Animal (Siavs), em S\u00e3o Paulo. O Minist\u00e9rio da Agricultura tinha at\u00e9 a ter\u00e7a para indicar as a\u00e7\u00f5es que ter\u00e3o seus recursos bloqueados. No total, s\u00e3o R$ 15 bilh\u00f5es de todo o Or\u00e7amento federal que ser\u00e3o congelados nas diferentes pastas. Segundo F\u00e1varo, a maior parte dos cortes na Agricultura recair\u00e1 sobre o apoio \u00e0 comercializa\u00e7\u00e3o por causa dos pre\u00e7os atualmente bem estabelecidos dos produtos agr\u00edcolas. F\u00e1varo tamb\u00e9m garantiu que os cortes no seguro rural ser\u00e3o pequenos. Ele lembrou o aumento de R$ 210 milh\u00f5es especificamente para cobrir o impacto das chuvas no Rio Grande do Sul, em recursos inseridos no Plano Safra. \u201cTalvez um pouquinho, para ajustar a conta, vai ser preciso cortar\u201d, disse. D\u00edvidas no RS O ministro Favaro disse que o governo federal pode estender a morat\u00f3ria concedida a produtores rurais ga\u00fachos para pagamento das parcelas de opera\u00e7\u00f5es de cr\u00e9dito rural com as institui\u00e7\u00f5es financeiras. A decis\u00e3o sobre a renegocia\u00e7\u00e3o das opera\u00e7\u00f5es de cr\u00e9dito rural havia sido tomada pelo Conselho Monet\u00e1rio Nacional (CMN), com validade at\u00e9 15 de agosto. \u201cTemos uma demanda para que possamos prorrogar a morat\u00f3ria dos vencimentos aos produtores, que termina agora, dia 15 de agosto\u201d, disse o ministro, em entrevista coletiva na Siavs. Ele tamb\u00e9m afirmou que novos recursos em apoio ao produtor rural ga\u00facho podem ser liberados, caso haja necessidade. \u201cMesmo se todos os recursos n\u00e3o forem suficientes, o governo est\u00e1 disposto a incrementar com o volume de recursos que for necess\u00e1rio\u201d, comentou. O post F\u00e1varo: Apoio \u00e0 comercializa\u00e7\u00e3o ter\u00e1 maior corte, mas seguro tamb\u00e9m ser\u00e1 ajustado apareceu primeiro em Canal Rural.<\/p>\n","protected":false},"author":0,"featured_media":0,"comment_status":"open","ping_status":"open","sticky":false,"template":"","format":"standard","meta":{"_monsterinsights_skip_tracking":false,"_monsterinsights_sitenote_active":false,"_monsterinsights_sitenote_note":"","_monsterinsights_sitenote_category":0,"footnotes":""},"categories":[1],"tags":[],"class_list":["post-1121","post","type-post","status-publish","format-standard","hentry","category-agronegocio"],"_links":{"self":[{"href":"https:\/\/senhorafrutta.com.br\/index.php\/wp-json\/wp\/v2\/posts\/1121","targetHints":{"allow":["GET"]}}],"collection":[{"href":"https:\/\/senhorafrutta.com.br\/index.php\/wp-json\/wp\/v2\/posts"}],"about":[{"href":"https:\/\/senhorafrutta.com.br\/index.php\/wp-json\/wp\/v2\/types\/post"}],"replies":[{"embeddable":true,"href":"https:\/\/senhorafrutta.com.br\/index.php\/wp-json\/wp\/v2\/comments?post=1121"}],"version-history":[{"count":0,"href":"https:\/\/senhorafrutta.com.br\/index.php\/wp-json\/wp\/v2\/posts\/1121\/revisions"}],"wp:attachment":[{"href":"https:\/\/senhorafrutta.com.br\/index.php\/wp-json\/wp\/v2\/media?parent=1121"}],"wp:term":[{"taxonomy":"category","embeddable":true,"href":"https:\/\/senhorafrutta.com.br\/index.php\/wp-json\/wp\/v2\/categories?post=1121"},{"taxonomy":"post_tag","embeddable":true,"href":"https:\/\/senhorafrutta.com.br\/index.php\/wp-json\/wp\/v2\/tags?post=1121"}],"curies":[{"name":"wp","href":"https:\/\/api.w.org\/{rel}","templated":true}]}}