{"id":11188,"date":"2025-05-05T23:32:36","date_gmt":"2025-05-05T23:32:36","guid":{"rendered":"https:\/\/senhorafrutta.com.br\/index.php\/2025\/05\/05\/mst-reforma-agraria-e-o-erro-de-transformar-o-campo-em-campo-de-batalha-ideologica\/"},"modified":"2025-05-05T23:32:36","modified_gmt":"2025-05-05T23:32:36","slug":"mst-reforma-agraria-e-o-erro-de-transformar-o-campo-em-campo-de-batalha-ideologica","status":"publish","type":"post","link":"https:\/\/senhorafrutta.com.br\/index.php\/2025\/05\/05\/mst-reforma-agraria-e-o-erro-de-transformar-o-campo-em-campo-de-batalha-ideologica\/","title":{"rendered":"MST, Reforma Agr\u00e1ria e o erro de transformar o campo em campo de batalha ideol\u00f3gica"},"content":{"rendered":"<p> [ad_1]<br \/>\n<\/p>\n<div>\n<p>As recentes invas\u00f5es de terra promovidas pelo Movimento dos Trabalhadores Rurais Sem Terra (MST) \u2014 iniciativa conhecida como Abril Vermelho \u2014 escancaram uma crise que vai al\u00e9m do campo: trata-se de um grave desrespeito ao Estado de Direito e \u00e0 ordem constitucional. <\/p>\n<p>O MST, que atua sem CNPJ, sem personalidade jur\u00eddica e sem fiscaliza\u00e7\u00e3o, se comporta como uma entidade acima das leis.<\/p>\n<p>\u00c9 preciso ser claro: invas\u00e3o de propriedade privada \u00e9 crime previsto na Constitui\u00e7\u00e3o Federal e no C\u00f3digo Penal, e n\u00e3o pode ser tolerada como forma de \u201cluta social\u201d. O artigo 5\u00ba da Constitui\u00e7\u00e3o garante o direito \u00e0 propriedade, e o artigo 1210 do C\u00f3digo Civil brasileiro assegura a posse leg\u00edtima contra esbulho. <\/p>\n<p>No entanto, os poderes constitu\u00eddos \u2014 Executivo, Judici\u00e1rio e Minist\u00e9rio P\u00fablico \u2014 t\u00eam se omitido vergonhosamente, permitindo que atos de vandalismo travestidos de reivindica\u00e7\u00e3o pol\u00edtica avancem sobre o direito alheio, criando um cen\u00e1rio de inseguran\u00e7a jur\u00eddica que compromete n\u00e3o s\u00f3 a paz no campo, mas a confian\u00e7a dos investidores e a soberania produtiva do pa\u00eds.<\/p>\n<\/div>\n<div>\n<p>Vivemos num pa\u00eds de dimens\u00f5es continentais, onde parte das terras ainda tem origem em registros coloniais, o que exige um tratamento t\u00e9cnico, s\u00e9rio e institucional. Mas o que se v\u00ea \u00e9 uma reforma agr\u00e1ria feita na base do improviso, entregando terras a pessoas sem preparo t\u00e9cnico, sem infraestrutura b\u00e1sica e, em muitos casos, sem qualquer afinidade com a vida no campo. O resultado? Assentamentos que se transformam em favelas rurais, sem produtividade, sem dignidade, sem perspectivas.<\/p>\n<p>Em paralelo, o agroneg\u00f3cio brasileiro, altamente tecnol\u00f3gico e eficiente, segue liderando o abastecimento interno e as exporta\u00e7\u00f5es. A contradi\u00e7\u00e3o \u00e9 gritante: enquanto uns produzem para o mundo com excel\u00eancia, outros s\u00e3o usados como massa de manobra para fins pol\u00edticos.<\/p>\n<p>A reforma agr\u00e1ria \u00e9 necess\u00e1ria, mas precisa ser feita com responsabilidade, crit\u00e9rio e meritocracia. Terra deve ser concedida a quem quer, pode e sabe produzir, e acompanhada de assist\u00eancia t\u00e9cnica, acesso a cr\u00e9dito, e inser\u00e7\u00e3o nos mercados. Sem isso, n\u00e3o h\u00e1 emancipa\u00e7\u00e3o, s\u00f3 depend\u00eancia e mis\u00e9ria.<\/p>\n<p>A verdade \u00e9 dura, mas precisa ser dita: a reforma agr\u00e1ria, quando feita com vi\u00e9s ideol\u00f3gico e coniv\u00eancia institucional, se torna um projeto de poder \u2013 n\u00e3o de justi\u00e7a social. E nesse caminho, o Brasil planta inseguran\u00e7a e colhe retrocesso. Terra \u00e9 produ\u00e7\u00e3o. Terra \u00e9 lei. Terra n\u00e3o \u00e9 trincheira partid\u00e1ria.<\/p>\n<div class=\"wp-block-media-text is-stacked-on-mobile\">\n<figure class=\"wp-block-media-text__media\"><img fetchpriority=\"high\" decoding=\"async\" width=\"683\" height=\"1024\" alt=\"Miguel Daoud\" class=\"wp-image-4095706 size-full\" srcset=\"https:\/\/imagens-cdn.canalrural.com.br\/2025\/04\/daoud-200x300.jpg 200w, https:\/\/imagens-cdn.canalrural.com.br\/2025\/04\/daoud.jpg 683w, https:\/\/imagens-cdn.canalrural.com.br\/2025\/04\/daoud-768x1151.jpg 768w, https:\/\/imagens-cdn.canalrural.com.br\/2025\/04\/daoud-1025x1536.jpg 1025w, https:\/\/imagens-cdn.canalrural.com.br\/2025\/04\/daoud-600x900.jpg 600w, https:\/\/imagens-cdn.canalrural.com.br\/2025\/04\/daoud-150x225.jpg 150w, https:\/\/imagens-cdn.canalrural.com.br\/2025\/04\/daoud.jpg 1366w\" data-lazy-sizes=\"(max-width: 683px) 100vw, 683px\" src=\"https:\/\/imagens-cdn.canalrural.com.br\/2025\/04\/daoud.jpg\"\/><img decoding=\"async\" width=\"683\" height=\"1024\" src=\"https:\/\/imagens-cdn.canalrural.com.br\/2025\/04\/daoud.jpg\" alt=\"Miguel Daoud\" class=\"wp-image-4095706 size-full\" srcset=\"https:\/\/imagens-cdn.canalrural.com.br\/2025\/04\/daoud-200x300.jpg 200w, https:\/\/imagens-cdn.canalrural.com.br\/2025\/04\/daoud.jpg 683w, https:\/\/imagens-cdn.canalrural.com.br\/2025\/04\/daoud-768x1151.jpg 768w, https:\/\/imagens-cdn.canalrural.com.br\/2025\/04\/daoud-1025x1536.jpg 1025w, https:\/\/imagens-cdn.canalrural.com.br\/2025\/04\/daoud-600x900.jpg 600w, https:\/\/imagens-cdn.canalrural.com.br\/2025\/04\/daoud-150x225.jpg 150w, https:\/\/imagens-cdn.canalrural.com.br\/2025\/04\/daoud.jpg 1366w\" sizes=\"(max-width: 683px) 100vw, 683px\"\/><\/figure>\n<div class=\"wp-block-media-text__content\">\n<p class=\"has-text-align-center\"><em><strong>Miguel Daoud<\/strong>\u00a0\u00e9 comentarista de Economia e Pol\u00edtica\u00a0do Canal Rural<\/em><\/p>\n<\/div>\n<\/div>\n<hr class=\"wp-block-separator has-alpha-channel-opacity\"\/>\n<p><em>O\u00a0<strong>Canal Rural<\/strong>\u00a0n\u00e3o se responsabiliza pelas opini\u00f5es e conceitos emitidos nos textos desta sess\u00e3o, sendo os conte\u00fados de inteira responsabilidade de seus autores. A empresa se reserva o direito de fazer ajustes no texto para adequa\u00e7\u00e3o \u00e0s normas de publica\u00e7\u00e3o.<\/em><\/p>\n<\/p><\/div>\n<p>[ad_2]<br \/>\n<br \/><a href=\"https:\/\/www.canalrural.com.br\/opiniao-noticias\/mst-reforma-agraria-e-o-erro-de-transformar-o-campo-em-campo-de-batalha-ideologica\/\">Source link <\/a><\/p>\n","protected":false},"excerpt":{"rendered":"<p>[ad_1] As recentes invas\u00f5es de terra promovidas pelo Movimento dos Trabalhadores Rurais Sem Terra (MST) \u2014 iniciativa conhecida como Abril Vermelho \u2014 escancaram uma crise que vai al\u00e9m do campo: trata-se de um grave desrespeito ao Estado de Direito e \u00e0 ordem constitucional. O MST, que atua sem CNPJ, sem personalidade jur\u00eddica e sem fiscaliza\u00e7\u00e3o, se comporta como uma entidade acima das leis. \u00c9 preciso ser claro: invas\u00e3o de propriedade privada \u00e9 crime previsto na Constitui\u00e7\u00e3o Federal e no C\u00f3digo Penal, e n\u00e3o pode ser tolerada como forma de \u201cluta social\u201d. O artigo 5\u00ba da Constitui\u00e7\u00e3o garante o direito \u00e0 propriedade, e o artigo 1210 do C\u00f3digo Civil brasileiro assegura a posse leg\u00edtima contra esbulho. No entanto, os poderes constitu\u00eddos \u2014 Executivo, Judici\u00e1rio e Minist\u00e9rio P\u00fablico \u2014 t\u00eam se omitido vergonhosamente, permitindo que atos de vandalismo travestidos de reivindica\u00e7\u00e3o pol\u00edtica avancem sobre o direito alheio, criando um cen\u00e1rio de inseguran\u00e7a jur\u00eddica que compromete n\u00e3o s\u00f3 a paz no campo, mas a confian\u00e7a dos investidores e a soberania produtiva do pa\u00eds. Vivemos num pa\u00eds de dimens\u00f5es continentais, onde parte das terras ainda tem origem em registros coloniais, o que exige um tratamento t\u00e9cnico, s\u00e9rio e institucional. Mas o que se v\u00ea \u00e9 uma reforma agr\u00e1ria feita na base do improviso, entregando terras a pessoas sem preparo t\u00e9cnico, sem infraestrutura b\u00e1sica e, em muitos casos, sem qualquer afinidade com a vida no campo. O resultado? Assentamentos que se transformam em favelas rurais, sem produtividade, sem dignidade, sem perspectivas. Em paralelo, o agroneg\u00f3cio brasileiro, altamente tecnol\u00f3gico e eficiente, segue liderando o abastecimento interno e as exporta\u00e7\u00f5es. A contradi\u00e7\u00e3o \u00e9 gritante: enquanto uns produzem para o mundo com excel\u00eancia, outros s\u00e3o usados como massa de manobra para fins pol\u00edticos. A reforma agr\u00e1ria \u00e9 necess\u00e1ria, mas precisa ser feita com responsabilidade, crit\u00e9rio e meritocracia. Terra deve ser concedida a quem quer, pode e sabe produzir, e acompanhada de assist\u00eancia t\u00e9cnica, acesso a cr\u00e9dito, e inser\u00e7\u00e3o nos mercados. Sem isso, n\u00e3o h\u00e1 emancipa\u00e7\u00e3o, s\u00f3 depend\u00eancia e mis\u00e9ria. A verdade \u00e9 dura, mas precisa ser dita: a reforma agr\u00e1ria, quando feita com vi\u00e9s ideol\u00f3gico e coniv\u00eancia institucional, se torna um projeto de poder \u2013 n\u00e3o de justi\u00e7a social. E nesse caminho, o Brasil planta inseguran\u00e7a e colhe retrocesso. Terra \u00e9 produ\u00e7\u00e3o. Terra \u00e9 lei. Terra n\u00e3o \u00e9 trincheira partid\u00e1ria. Miguel Daoud\u00a0\u00e9 comentarista de Economia e Pol\u00edtica\u00a0do Canal Rural O\u00a0Canal Rural\u00a0n\u00e3o se responsabiliza pelas opini\u00f5es e conceitos emitidos nos textos desta sess\u00e3o, sendo os conte\u00fados de inteira responsabilidade de seus autores. A empresa se reserva o direito de fazer ajustes no texto para adequa\u00e7\u00e3o \u00e0s normas de publica\u00e7\u00e3o. [ad_2] Source link<\/p>\n","protected":false},"author":1,"featured_media":11189,"comment_status":"","ping_status":"open","sticky":false,"template":"","format":"standard","meta":{"_monsterinsights_skip_tracking":false,"_monsterinsights_sitenote_active":false,"_monsterinsights_sitenote_note":"","_monsterinsights_sitenote_category":0,"footnotes":""},"categories":[1],"tags":[],"class_list":["post-11188","post","type-post","status-publish","format-standard","has-post-thumbnail","hentry","category-agronegocio"],"_links":{"self":[{"href":"https:\/\/senhorafrutta.com.br\/index.php\/wp-json\/wp\/v2\/posts\/11188","targetHints":{"allow":["GET"]}}],"collection":[{"href":"https:\/\/senhorafrutta.com.br\/index.php\/wp-json\/wp\/v2\/posts"}],"about":[{"href":"https:\/\/senhorafrutta.com.br\/index.php\/wp-json\/wp\/v2\/types\/post"}],"author":[{"embeddable":true,"href":"https:\/\/senhorafrutta.com.br\/index.php\/wp-json\/wp\/v2\/users\/1"}],"replies":[{"embeddable":true,"href":"https:\/\/senhorafrutta.com.br\/index.php\/wp-json\/wp\/v2\/comments?post=11188"}],"version-history":[{"count":0,"href":"https:\/\/senhorafrutta.com.br\/index.php\/wp-json\/wp\/v2\/posts\/11188\/revisions"}],"wp:featuredmedia":[{"embeddable":true,"href":"https:\/\/senhorafrutta.com.br\/index.php\/wp-json\/wp\/v2\/media\/11189"}],"wp:attachment":[{"href":"https:\/\/senhorafrutta.com.br\/index.php\/wp-json\/wp\/v2\/media?parent=11188"}],"wp:term":[{"taxonomy":"category","embeddable":true,"href":"https:\/\/senhorafrutta.com.br\/index.php\/wp-json\/wp\/v2\/categories?post=11188"},{"taxonomy":"post_tag","embeddable":true,"href":"https:\/\/senhorafrutta.com.br\/index.php\/wp-json\/wp\/v2\/tags?post=11188"}],"curies":[{"name":"wp","href":"https:\/\/api.w.org\/{rel}","templated":true}]}}