{"id":11181,"date":"2025-05-05T19:26:16","date_gmt":"2025-05-05T19:26:16","guid":{"rendered":"https:\/\/senhorafrutta.com.br\/index.php\/2025\/05\/05\/com-cascos-na-terra-1a-cavalgada-do-ze-mineiro-resgata-a-alma-tropeira-do-brasil\/"},"modified":"2025-05-05T19:26:16","modified_gmt":"2025-05-05T19:26:16","slug":"com-cascos-na-terra-1a-cavalgada-do-ze-mineiro-resgata-a-alma-tropeira-do-brasil","status":"publish","type":"post","link":"https:\/\/senhorafrutta.com.br\/index.php\/2025\/05\/05\/com-cascos-na-terra-1a-cavalgada-do-ze-mineiro-resgata-a-alma-tropeira-do-brasil\/","title":{"rendered":"Com cascos na terra, 1\u00aa Cavalgada do Z\u00e9 Mineiro resgata a alma tropeira do Brasil"},"content":{"rendered":"<p> [ad_1]<br \/>\n<br \/><img decoding=\"async\" src=\"https:\/\/imagens-cdn.canalrural.com.br\/2025\/05\/Captura-de-tela-2025-05-05-154250.png\" \/><\/p>\n<div>\n<p>Nos tempos antigos, eram os tropeiros que rasgavam caminhos por esse Brasil afora, levando gado, mantimentos e cultura por rotas que hoje ajudam a contar a hist\u00f3ria do nosso pa\u00eds. Num Brasil que avan\u00e7a com pressa, ainda h\u00e1 quem caminhe no compasso da poeira e dos cascos.<\/p>\n<p>Em Aruan\u00e3 (GO), no cora\u00e7\u00e3o do <strong><a href=\"https:\/\/www.canalrural.com.br\/tag\/araguaia\/\">Araguaia<\/a><\/strong>, um grupo de cavaleiros apaixonados por mulas e burros reviveu o tempo dos tropeiros em uma cavalgada de 15 quil\u00f4metros pela mem\u00f3ria, pela amizade e pela alma da terra: a 1\u00aa Cavalgada do Z\u00e9 Mineiro \u2014 uma festa de tradi\u00e7\u00e3o, f\u00e9 e reencontros.<\/p>\n<p>O rep\u00f3rter do <strong><a href=\"https:\/\/matogrosso.canalrural.com.br\/\">Canal Rural Mato Grosso<\/a><\/strong>, Pedro Silvestre, esteve em Goi\u00e1s e acompanhou o evento.<\/p>\n<figure class=\"wp-block-embed is-type-rich is-provider-incorporar-manipulador wp-block-embed-incorporar-manipulador wp-embed-aspect-16-9 wp-has-aspect-ratio\">\n<p>\n<iframe title=\"Cavaleiros mant\u00eam a tradi\u00e7\u00e3o do tropeirismo no interior de Goi\u00e1s\" width=\"800\" height=\"450\" src=\"https:\/\/www.youtube.com\/embed\/gD2z4nvXh98?feature=oembed\" frameborder=\"0\" allow=\"accelerometer; autoplay; clipboard-write; encrypted-media; gyroscope; picture-in-picture; web-share\" referrerpolicy=\"strict-origin-when-cross-origin\" allowfullscreen><\/iframe><noscript><iframe title=\"Cavaleiros mant\u00eam a tradi\u00e7\u00e3o do tropeirismo no interior de Goi\u00e1s\" width=\"800\" height=\"450\" src=\"https:\/\/www.youtube.com\/embed\/gD2z4nvXh98?feature=oembed\" frameborder=\"0\" allow=\"accelerometer; autoplay; clipboard-write; encrypted-media; gyroscope; picture-in-picture; web-share\" referrerpolicy=\"strict-origin-when-cross-origin\" allowfullscreen><\/iframe><\/noscript>\n<\/p>\n<\/figure>\n<p>Logo ao amanhecer, na Fazenda Santa Luzia, o ranger das selas avisava que o dia come\u00e7ava cedo. Enquanto o sol ainda cochilava atr\u00e1s da serra, a peonada preparava a tropa com zelo e cuidado. Entre o caf\u00e9 quente e a prosa solta, cada detalhe era um aceno \u00e0 vida simples do campo. A tropa, feita majoritariamente de burros e mulas, era enfeitada com orgulho.<\/p>\n<p>Para Carlos Lopes Rodrigues, tropeiro experiente fazenda, \u201ca tropa foi o barco do Brasil. Carregava caf\u00e9, arroz, gado. Mais de 30 anos puxando boi e nunca mais larguei\u201d. A cavalgada tamb\u00e9m se tornou espa\u00e7o de valoriza\u00e7\u00e3o gen\u00e9tica dos muares. \u201cEstamos fazendo embri\u00f5es de \u00e9guas quarto de milha com jumentos para produzir muares mais robustos, com casco forte e mais resist\u00eancia\u201d, explica Weliton dos Santos, gerente da fazenda.<\/p>\n<p>Durante o percurso, a caravana avan\u00e7ava como se o tempo parasse, cortando os campos sob o olhar sereno do Rio Araguaia. Homens, mulheres e crian\u00e7as \u2014 cerca de cem cavaleiros \u2014, ao som dos cascos e do velho carro de boi, homenageavam o tropeirismo em uma verdadeira viagem no tempo.<\/p>\n<\/div>\n<div>\n<p>A cavalgada tamb\u00e9m foi um tributo a Jos\u00e9 Batista Sobrinho, o Z\u00e9 Mineiro, refer\u00eancia do agroneg\u00f3cio nacional. Sua paix\u00e3o pela lida com os muares come\u00e7ou ainda na inf\u00e2ncia e \u00e9 lembrada com orgulho.<\/p>\n<p>O legado se espalha pelos filhos, netos e bisnetos. \u201cDesde pequenos, fomos criados no campo. Meu pai liderou sempre com o exemplo\u201d, disse Wesley Batista. Para Joesley Batista, \u201c\u00e9 um privil\u00e9gio conviver com ele e manter viva a cultura que ele construiu\u201d.<\/p>\n<p>O encerramento foi marcado por um almo\u00e7o t\u00edpico, moda de viola e um clima de gratid\u00e3o. \u201cS\u00e3o tradi\u00e7\u00f5es que s\u00f3 sobrevivem se forem ensinadas no dia a dia\u201d, afirmou o jovem Jos\u00e9 Batista Neto, neto de Z\u00e9 Mineiro.<\/p>\n<p>A data escolhida, 2 de maio, foi ainda mais simb\u00f3lica: anivers\u00e1rio de casamento de Z\u00e9 Mineiro e Flora Mendon\u00e7a Batista, que celebraram 66 anos de uni\u00e3o. \u201cFoi uma surpresa linda. N\u00e3o esperava\u2026\u201d, disse Dona Flora, emocionada.<\/p>\n<p>No compasso das mulas, com cheiro de terra e som de berrante, a cavalgada provou que, no cora\u00e7\u00e3o do Brasil, as ra\u00edzes da cultura tropeira seguem firmes \u2014 como os passos de quem ainda acredita na for\u00e7a da tradi\u00e7\u00e3o.<\/p>\n<\/p><\/div>\n<p>[ad_2]<br \/>\n<br \/><a href=\"https:\/\/www.canalrural.com.br\/agricultura\/com-cascos-na-terra-1a-cavalgada-do-ze-mineiro-resgata-a-alma-tropeira-do-brasil\/\">Source link <\/a><\/p>\n","protected":false},"excerpt":{"rendered":"<p>[ad_1] Nos tempos antigos, eram os tropeiros que rasgavam caminhos por esse Brasil afora, levando gado, mantimentos e cultura por rotas que hoje ajudam a contar a hist\u00f3ria do nosso pa\u00eds. Num Brasil que avan\u00e7a com pressa, ainda h\u00e1 quem caminhe no compasso da poeira e dos cascos. Em Aruan\u00e3 (GO), no cora\u00e7\u00e3o do Araguaia, um grupo de cavaleiros apaixonados por mulas e burros reviveu o tempo dos tropeiros em uma cavalgada de 15 quil\u00f4metros pela mem\u00f3ria, pela amizade e pela alma da terra: a 1\u00aa Cavalgada do Z\u00e9 Mineiro \u2014 uma festa de tradi\u00e7\u00e3o, f\u00e9 e reencontros. O rep\u00f3rter do Canal Rural Mato Grosso, Pedro Silvestre, esteve em Goi\u00e1s e acompanhou o evento. Logo ao amanhecer, na Fazenda Santa Luzia, o ranger das selas avisava que o dia come\u00e7ava cedo. Enquanto o sol ainda cochilava atr\u00e1s da serra, a peonada preparava a tropa com zelo e cuidado. Entre o caf\u00e9 quente e a prosa solta, cada detalhe era um aceno \u00e0 vida simples do campo. A tropa, feita majoritariamente de burros e mulas, era enfeitada com orgulho. Para Carlos Lopes Rodrigues, tropeiro experiente fazenda, \u201ca tropa foi o barco do Brasil. Carregava caf\u00e9, arroz, gado. Mais de 30 anos puxando boi e nunca mais larguei\u201d. A cavalgada tamb\u00e9m se tornou espa\u00e7o de valoriza\u00e7\u00e3o gen\u00e9tica dos muares. \u201cEstamos fazendo embri\u00f5es de \u00e9guas quarto de milha com jumentos para produzir muares mais robustos, com casco forte e mais resist\u00eancia\u201d, explica Weliton dos Santos, gerente da fazenda. Durante o percurso, a caravana avan\u00e7ava como se o tempo parasse, cortando os campos sob o olhar sereno do Rio Araguaia. Homens, mulheres e crian\u00e7as \u2014 cerca de cem cavaleiros \u2014, ao som dos cascos e do velho carro de boi, homenageavam o tropeirismo em uma verdadeira viagem no tempo. A cavalgada tamb\u00e9m foi um tributo a Jos\u00e9 Batista Sobrinho, o Z\u00e9 Mineiro, refer\u00eancia do agroneg\u00f3cio nacional. Sua paix\u00e3o pela lida com os muares come\u00e7ou ainda na inf\u00e2ncia e \u00e9 lembrada com orgulho. O legado se espalha pelos filhos, netos e bisnetos. \u201cDesde pequenos, fomos criados no campo. Meu pai liderou sempre com o exemplo\u201d, disse Wesley Batista. Para Joesley Batista, \u201c\u00e9 um privil\u00e9gio conviver com ele e manter viva a cultura que ele construiu\u201d. O encerramento foi marcado por um almo\u00e7o t\u00edpico, moda de viola e um clima de gratid\u00e3o. \u201cS\u00e3o tradi\u00e7\u00f5es que s\u00f3 sobrevivem se forem ensinadas no dia a dia\u201d, afirmou o jovem Jos\u00e9 Batista Neto, neto de Z\u00e9 Mineiro. A data escolhida, 2 de maio, foi ainda mais simb\u00f3lica: anivers\u00e1rio de casamento de Z\u00e9 Mineiro e Flora Mendon\u00e7a Batista, que celebraram 66 anos de uni\u00e3o. \u201cFoi uma surpresa linda. N\u00e3o esperava\u2026\u201d, disse Dona Flora, emocionada. No compasso das mulas, com cheiro de terra e som de berrante, a cavalgada provou que, no cora\u00e7\u00e3o do Brasil, as ra\u00edzes da cultura tropeira seguem firmes \u2014 como os passos de quem ainda acredita na for\u00e7a da tradi\u00e7\u00e3o. [ad_2] Source link<\/p>\n","protected":false},"author":1,"featured_media":11182,"comment_status":"","ping_status":"open","sticky":false,"template":"","format":"standard","meta":{"_monsterinsights_skip_tracking":false,"_monsterinsights_sitenote_active":false,"_monsterinsights_sitenote_note":"","_monsterinsights_sitenote_category":0,"footnotes":""},"categories":[1],"tags":[],"class_list":["post-11181","post","type-post","status-publish","format-standard","has-post-thumbnail","hentry","category-agronegocio"],"_links":{"self":[{"href":"https:\/\/senhorafrutta.com.br\/index.php\/wp-json\/wp\/v2\/posts\/11181","targetHints":{"allow":["GET"]}}],"collection":[{"href":"https:\/\/senhorafrutta.com.br\/index.php\/wp-json\/wp\/v2\/posts"}],"about":[{"href":"https:\/\/senhorafrutta.com.br\/index.php\/wp-json\/wp\/v2\/types\/post"}],"author":[{"embeddable":true,"href":"https:\/\/senhorafrutta.com.br\/index.php\/wp-json\/wp\/v2\/users\/1"}],"replies":[{"embeddable":true,"href":"https:\/\/senhorafrutta.com.br\/index.php\/wp-json\/wp\/v2\/comments?post=11181"}],"version-history":[{"count":0,"href":"https:\/\/senhorafrutta.com.br\/index.php\/wp-json\/wp\/v2\/posts\/11181\/revisions"}],"wp:featuredmedia":[{"embeddable":true,"href":"https:\/\/senhorafrutta.com.br\/index.php\/wp-json\/wp\/v2\/media\/11182"}],"wp:attachment":[{"href":"https:\/\/senhorafrutta.com.br\/index.php\/wp-json\/wp\/v2\/media?parent=11181"}],"wp:term":[{"taxonomy":"category","embeddable":true,"href":"https:\/\/senhorafrutta.com.br\/index.php\/wp-json\/wp\/v2\/categories?post=11181"},{"taxonomy":"post_tag","embeddable":true,"href":"https:\/\/senhorafrutta.com.br\/index.php\/wp-json\/wp\/v2\/tags?post=11181"}],"curies":[{"name":"wp","href":"https:\/\/api.w.org\/{rel}","templated":true}]}}