{"id":11168,"date":"2025-05-05T12:17:15","date_gmt":"2025-05-05T12:17:15","guid":{"rendered":"https:\/\/senhorafrutta.com.br\/index.php\/2025\/05\/05\/semana-comeca-com-tempo-seco-e-alerta-de-baixa-umidade-do-ar\/"},"modified":"2025-05-05T12:17:15","modified_gmt":"2025-05-05T12:17:15","slug":"semana-comeca-com-tempo-seco-e-alerta-de-baixa-umidade-do-ar","status":"publish","type":"post","link":"https:\/\/senhorafrutta.com.br\/index.php\/2025\/05\/05\/semana-comeca-com-tempo-seco-e-alerta-de-baixa-umidade-do-ar\/","title":{"rendered":"Semana come\u00e7a com tempo seco e alerta de baixa umidade do ar"},"content":{"rendered":"<p> [ad_1]<br \/>\n<br \/><img decoding=\"async\" src=\"https:\/\/imagens-cdn.canalrural.com.br\/2024\/07\/I0sj8KOR-baixa-umidade.webp\" \/><\/p>\n<div>\n<p>O tempo continua firme na maior parte do Brasil e a semana come\u00e7a sob influ\u00eancia de um bloqueio atmosf\u00e9rico que ainda deve se estabelecer e ganhar for\u00e7a nos pr\u00f3ximos dias. A chuva vai continuar concentrada nos extremos do pa\u00eds. Em S\u00e3o Paulo, por exemplo, a atua\u00e7\u00e3o da alta press\u00e3o no interior do pa\u00eds impede a forma\u00e7\u00e3o de nuvens de chuva em todo o estado, mantendo a condi\u00e7\u00e3o de tempo mais seco e com baixa umidade. <\/p>\n<p>As noites, madrugadas e manh\u00e3s continuam com temperaturas mais baixas e sensa\u00e7\u00e3o de frio. Com a presen\u00e7a do sol no decorrer do dia, volta a esquentar \u00e0 tarde.<\/p>\n<p>Confira os detalhes do tempo em cada regi\u00e3o do Brasil, segundo a <strong><a href=\"https:\/\/www.canalrural.com.br\/tag\/climatempo\/\">Climatempo<\/a><\/strong>:<\/p>\n<h2 class=\"wp-block-heading\" id=\"h-regiao-sul\">Regi\u00e3o Sul<\/h2>\n<p>A semana come\u00e7a com pancadas moderadas a forte na regi\u00e3o do Chu\u00ed (RS) e no extremo sul e sudoeste ga\u00facho, devido a passagem afastada de uma frente fria em alto mar. Porto Alegre e Curitiba, podem registrar nevoeiro de manh\u00e3, prejudicando a visibilidade \u2013 com a presen\u00e7a do sol no decorrer do dia, as tardes voltam a ter temperaturas mais elevadas, fazendo calor na capital ga\u00facha. O tempo continua firme em Santa Catarina e no estado do Paran\u00e1. <\/p>\n<h2 class=\"wp-block-heading\" id=\"h-regiao-sudeste\">Regi\u00e3o Sudeste<\/h2>\n<p>A infiltra\u00e7\u00e3o mar\u00edtima provoca chuva moderada no litoral do Esp\u00edrito Santo e na regi\u00e3o do Vale do Jequitinhonha em Minas Gerais \u2013 sem risco de volumes altos, chuva mais r\u00e1pida e isolada nestas regi\u00f5es. <\/p>\n<\/div>\n<div>\n<p>As temperaturas continuam amenas em SP e no RJ pela manh\u00e3 \u2013 com a presen\u00e7a do sol, volta a fazer calor \u00e0 tarde e n\u00e3o h\u00e1 previs\u00e3o de chuva \u2013 a alta press\u00e3o que atua no interior do Brasil continua bloqueando as instabilidades \u2013 o interior paulista e as cidades do oeste e Tri\u00e2ngulo de Minas, ficam mais secas, com umidade relativa do ar abaixo dos 30%. <\/p>\n<h2 class=\"wp-block-heading\" id=\"h-regiao-centro-oeste\">Regi\u00e3o Centro-Oeste<\/h2>\n<p>As instabilidades que atuam no Paraguai contribuem para pancadas mais irregulares e localizadas no oeste e sudoeste de Mato Grosso do Sul, teremos um dia abafado com sol entre nebulosidade vari\u00e1vel e chance de pancadas moderadas a forte. <\/p>\n<p>Umidade alta ainda entre noroeste, oeste e centro-sul de Mato Grosso com chance de algumas pancadas durante \u00e0 tarde. O tempo continua firme e mais seco no nordeste de MS, em todo o estado de GO e no DF, com valores de umidade do ar abaixo dos 30%. <\/p>\n<h2 class=\"wp-block-heading\" id=\"h-regiao-nordeste\">Regi\u00e3o Nordeste<\/h2>\n<p>A chuva mais pesada segue caindo entre a regi\u00e3o do rec\u00f4ncavo baiano e o litoral de Alagoas. Destaque para a condi\u00e7\u00e3o de chuva forte seguida por volumes elevados no estado do Sergipe com alerta para temporais em Aracaju. <\/p>\n<p>Risco permanece elevado para transtornos. Na costa norte, a aproxima\u00e7\u00e3o da ZCIT volta favorecer pancadas de chuva moderada a forte sobre o litoral do Maranh\u00e3o e do Piau\u00ed. <\/p>\n<h2 class=\"wp-block-heading\" id=\"h-regiao-norte\">Regi\u00e3o Norte<\/h2>\n<p>A chuva perde for\u00e7a em boa parte do Amazonas, Par\u00e1 e Tocantins, mas segue caindo de maneira expressiva no Amap\u00e1, Roraima, Acre e tamb\u00e9m em alguns pontos do oeste amazonense \u2013 com alerta para temporal.<\/p>\n<\/p><\/div>\n<p>[ad_2]<br \/>\n<br \/><a href=\"https:\/\/www.canalrural.com.br\/tempo\/semana-comeca-com-tempo-seco-e-alerta-de-baixa-umidade-do-ar\/\">Source link <\/a><\/p>\n","protected":false},"excerpt":{"rendered":"<p>[ad_1] O tempo continua firme na maior parte do Brasil e a semana come\u00e7a sob influ\u00eancia de um bloqueio atmosf\u00e9rico que ainda deve se estabelecer e ganhar for\u00e7a nos pr\u00f3ximos dias. A chuva vai continuar concentrada nos extremos do pa\u00eds. Em S\u00e3o Paulo, por exemplo, a atua\u00e7\u00e3o da alta press\u00e3o no interior do pa\u00eds impede a forma\u00e7\u00e3o de nuvens de chuva em todo o estado, mantendo a condi\u00e7\u00e3o de tempo mais seco e com baixa umidade. As noites, madrugadas e manh\u00e3s continuam com temperaturas mais baixas e sensa\u00e7\u00e3o de frio. Com a presen\u00e7a do sol no decorrer do dia, volta a esquentar \u00e0 tarde. Confira os detalhes do tempo em cada regi\u00e3o do Brasil, segundo a Climatempo: Regi\u00e3o Sul A semana come\u00e7a com pancadas moderadas a forte na regi\u00e3o do Chu\u00ed (RS) e no extremo sul e sudoeste ga\u00facho, devido a passagem afastada de uma frente fria em alto mar. Porto Alegre e Curitiba, podem registrar nevoeiro de manh\u00e3, prejudicando a visibilidade \u2013 com a presen\u00e7a do sol no decorrer do dia, as tardes voltam a ter temperaturas mais elevadas, fazendo calor na capital ga\u00facha. O tempo continua firme em Santa Catarina e no estado do Paran\u00e1. Regi\u00e3o Sudeste A infiltra\u00e7\u00e3o mar\u00edtima provoca chuva moderada no litoral do Esp\u00edrito Santo e na regi\u00e3o do Vale do Jequitinhonha em Minas Gerais \u2013 sem risco de volumes altos, chuva mais r\u00e1pida e isolada nestas regi\u00f5es. As temperaturas continuam amenas em SP e no RJ pela manh\u00e3 \u2013 com a presen\u00e7a do sol, volta a fazer calor \u00e0 tarde e n\u00e3o h\u00e1 previs\u00e3o de chuva \u2013 a alta press\u00e3o que atua no interior do Brasil continua bloqueando as instabilidades \u2013 o interior paulista e as cidades do oeste e Tri\u00e2ngulo de Minas, ficam mais secas, com umidade relativa do ar abaixo dos 30%. Regi\u00e3o Centro-Oeste As instabilidades que atuam no Paraguai contribuem para pancadas mais irregulares e localizadas no oeste e sudoeste de Mato Grosso do Sul, teremos um dia abafado com sol entre nebulosidade vari\u00e1vel e chance de pancadas moderadas a forte. Umidade alta ainda entre noroeste, oeste e centro-sul de Mato Grosso com chance de algumas pancadas durante \u00e0 tarde. O tempo continua firme e mais seco no nordeste de MS, em todo o estado de GO e no DF, com valores de umidade do ar abaixo dos 30%. Regi\u00e3o Nordeste A chuva mais pesada segue caindo entre a regi\u00e3o do rec\u00f4ncavo baiano e o litoral de Alagoas. Destaque para a condi\u00e7\u00e3o de chuva forte seguida por volumes elevados no estado do Sergipe com alerta para temporais em Aracaju. Risco permanece elevado para transtornos. Na costa norte, a aproxima\u00e7\u00e3o da ZCIT volta favorecer pancadas de chuva moderada a forte sobre o litoral do Maranh\u00e3o e do Piau\u00ed. Regi\u00e3o Norte A chuva perde for\u00e7a em boa parte do Amazonas, Par\u00e1 e Tocantins, mas segue caindo de maneira expressiva no Amap\u00e1, Roraima, Acre e tamb\u00e9m em alguns pontos do oeste amazonense \u2013 com alerta para temporal. [ad_2] Source link<\/p>\n","protected":false},"author":1,"featured_media":11169,"comment_status":"","ping_status":"open","sticky":false,"template":"","format":"standard","meta":{"_monsterinsights_skip_tracking":false,"_monsterinsights_sitenote_active":false,"_monsterinsights_sitenote_note":"","_monsterinsights_sitenote_category":0,"footnotes":""},"categories":[1],"tags":[],"class_list":["post-11168","post","type-post","status-publish","format-standard","has-post-thumbnail","hentry","category-agronegocio"],"_links":{"self":[{"href":"https:\/\/senhorafrutta.com.br\/index.php\/wp-json\/wp\/v2\/posts\/11168","targetHints":{"allow":["GET"]}}],"collection":[{"href":"https:\/\/senhorafrutta.com.br\/index.php\/wp-json\/wp\/v2\/posts"}],"about":[{"href":"https:\/\/senhorafrutta.com.br\/index.php\/wp-json\/wp\/v2\/types\/post"}],"author":[{"embeddable":true,"href":"https:\/\/senhorafrutta.com.br\/index.php\/wp-json\/wp\/v2\/users\/1"}],"replies":[{"embeddable":true,"href":"https:\/\/senhorafrutta.com.br\/index.php\/wp-json\/wp\/v2\/comments?post=11168"}],"version-history":[{"count":0,"href":"https:\/\/senhorafrutta.com.br\/index.php\/wp-json\/wp\/v2\/posts\/11168\/revisions"}],"wp:featuredmedia":[{"embeddable":true,"href":"https:\/\/senhorafrutta.com.br\/index.php\/wp-json\/wp\/v2\/media\/11169"}],"wp:attachment":[{"href":"https:\/\/senhorafrutta.com.br\/index.php\/wp-json\/wp\/v2\/media?parent=11168"}],"wp:term":[{"taxonomy":"category","embeddable":true,"href":"https:\/\/senhorafrutta.com.br\/index.php\/wp-json\/wp\/v2\/categories?post=11168"},{"taxonomy":"post_tag","embeddable":true,"href":"https:\/\/senhorafrutta.com.br\/index.php\/wp-json\/wp\/v2\/tags?post=11168"}],"curies":[{"name":"wp","href":"https:\/\/api.w.org\/{rel}","templated":true}]}}