{"id":10950,"date":"2025-04-26T19:20:42","date_gmt":"2025-04-26T19:20:42","guid":{"rendered":"https:\/\/senhorafrutta.com.br\/index.php\/2025\/04\/26\/90a-expozebu-comeca-neste-sabado-em-uberaba-mg\/"},"modified":"2025-04-26T19:20:42","modified_gmt":"2025-04-26T19:20:42","slug":"90a-expozebu-comeca-neste-sabado-em-uberaba-mg","status":"publish","type":"post","link":"https:\/\/senhorafrutta.com.br\/index.php\/2025\/04\/26\/90a-expozebu-comeca-neste-sabado-em-uberaba-mg\/","title":{"rendered":"90\u00aa ExpoZebu come\u00e7a neste s\u00e1bado, em Uberaba (MG)"},"content":{"rendered":"<p> [ad_1]<br \/>\n<br \/><img decoding=\"async\" src=\"https:\/\/imagens-cdn.canalrural.com.br\/2025\/04\/ABCZ.jpg\" \/><\/p>\n<div>\n<p>A abertura oficial da 90\u00aa edi\u00e7\u00e3o da ExpoZebu, promovida pela Associa\u00e7\u00e3o Brasileira dos Criadores de Zebu (<a href=\"https:\/\/www.abcz.org.br\/\">ABCZ<\/a>), aconteceu neste s\u00e1bado (26), no Parque Fernando Costa, em Uberaba (MG). O evento, que segue at\u00e9 o dia 4 de maio, re\u00fane autoridades, criadores, profissionais da comunica\u00e7\u00e3o e representantes do setor <a href=\"https:\/\/www.canalrural.com.br\/\">agropecu\u00e1rio <\/a>nacional e internacional.<\/p>\n<p>O presidente da Frente Parlamentar da Agropecu\u00e1ria (FPA), deputado Pedro Lupion, presente no encontro, destacou a atua\u00e7\u00e3o da ABCZ no fortalecimento da pecu\u00e1ria zebu\u00edna ao longo das d\u00e9cadas e falou sobre a import\u00e2ncia de garantir apoio e respeito ao produtor rural. \u201dPrecisamos respeitar o produtor, dar condi\u00e7\u00f5es para ele trabalhar e construir narrativas que fa\u00e7am sentido internacionalmente. Ningu\u00e9m segura o produtor se tivermos seguran\u00e7a jur\u00eddica\u201d, declarou.<\/p>\n<p>A abertura tamb\u00e9m contou com a presen\u00e7a do governador de Minas Gerais, Romeu Zema; do ministro da Agricultura e Pecu\u00e1ria, Carlos F\u00e1varo; dos governadores de Goi\u00e1s e do Paran\u00e1, Ronaldo Caiado e Ratinho J\u00fanior; da senadora Tereza Cristina, ex-ministra da Agricultura; do senador Cleitinho Azevedo, presidente da Frente Parlamentar da Agropecu\u00e1ria; de Toninho de Salvo, presidente da Faemg; da prefeita de Uberaba, Elisa Ara\u00fajo; al\u00e9m de outras autoridades.<\/p>\n<\/div>\n<div>\n<p>Marcaram presen\u00e7a ainda os embaixadores de Botswana, Benim e Mo\u00e7ambique; o c\u00f4nsul-geral honor\u00e1rio do Panam\u00e1 em Minas Gerais, Daniel Franco; e representantes de entidades agropecu\u00e1rias, como Jo\u00e3o Martins da Silva J\u00fanior, presidente da CNA, e o presidente da Associa\u00e7\u00e3o de Criadores da Guatemala.<\/p>\n<h2 class=\"wp-block-heading\" id=\"h-programacao\">Programa\u00e7\u00e3o<\/h2>\n<p>A Vila Cultural &amp; Gastron\u00f4mica Mineira tamb\u00e9m foi aberta \u00e0s 10h e seguir\u00e1 at\u00e9 as 22h. Na parte da tarde, \u00e0s 14h, foi realizada a reuni\u00e3o do N\u00facleo dos Sindicatos Rurais do Tri\u00e2ngulo Mineiro e Alto Parana\u00edba, no Audit\u00f3rio do Museu do Zebu. J\u00e1 \u00e0s 15h, teve in\u00edcio a reuni\u00e3o entre a ABCZ, o Minist\u00e9rio da Agricultura e Pecu\u00e1ria (MAPA), a FAABB e a Asbia, no Sal\u00e3o Nobre da ABCZ.<\/p>\n<p>Mais tarde, \u00e0s 18h, acontecer\u00e1 o lan\u00e7amento do Congresso da Carne \u2013 uma iniciativa do CNZ, FAEMG e SENAR, no Quiosque Armaz\u00e9m do Boi. E, a partir das 20h, os port\u00f5es da Arena de Shows do Parque Fernando Costa ser\u00e3o abertos para as apresenta\u00e7\u00f5es musicais de Leo Santana, \u00cdcaro &amp; Gilmar e Felipe &amp; Rodrigo.<\/p>\n<h2 class=\"wp-block-heading\" id=\"h-organizacao-da-expozebu\">Organiza\u00e7\u00e3o da ExpoZebu<\/h2>\n<p>A ExpoZebu \u00e9 organizada pela ABCZ com apoio da Prefeitura de Uberaba, do Sindicato dos Produtores Rurais de Uberaba, do MAPA, da CNA, da Faemg\/Senar, do Sebrae, do Banco do Brasil e da Fazu, que celebra 50 anos. <\/p>\n<\/p><\/div>\n<p>[ad_2]<br \/>\n<br \/><a href=\"https:\/\/www.canalrural.com.br\/agricultura\/agronegocio\/90a-expozebu-comeca-neste-sabado-em-uberaba-mg\/\">Source link <\/a><\/p>\n","protected":false},"excerpt":{"rendered":"<p>[ad_1] A abertura oficial da 90\u00aa edi\u00e7\u00e3o da ExpoZebu, promovida pela Associa\u00e7\u00e3o Brasileira dos Criadores de Zebu (ABCZ), aconteceu neste s\u00e1bado (26), no Parque Fernando Costa, em Uberaba (MG). O evento, que segue at\u00e9 o dia 4 de maio, re\u00fane autoridades, criadores, profissionais da comunica\u00e7\u00e3o e representantes do setor agropecu\u00e1rio nacional e internacional. O presidente da Frente Parlamentar da Agropecu\u00e1ria (FPA), deputado Pedro Lupion, presente no encontro, destacou a atua\u00e7\u00e3o da ABCZ no fortalecimento da pecu\u00e1ria zebu\u00edna ao longo das d\u00e9cadas e falou sobre a import\u00e2ncia de garantir apoio e respeito ao produtor rural. \u201dPrecisamos respeitar o produtor, dar condi\u00e7\u00f5es para ele trabalhar e construir narrativas que fa\u00e7am sentido internacionalmente. Ningu\u00e9m segura o produtor se tivermos seguran\u00e7a jur\u00eddica\u201d, declarou. A abertura tamb\u00e9m contou com a presen\u00e7a do governador de Minas Gerais, Romeu Zema; do ministro da Agricultura e Pecu\u00e1ria, Carlos F\u00e1varo; dos governadores de Goi\u00e1s e do Paran\u00e1, Ronaldo Caiado e Ratinho J\u00fanior; da senadora Tereza Cristina, ex-ministra da Agricultura; do senador Cleitinho Azevedo, presidente da Frente Parlamentar da Agropecu\u00e1ria; de Toninho de Salvo, presidente da Faemg; da prefeita de Uberaba, Elisa Ara\u00fajo; al\u00e9m de outras autoridades. Marcaram presen\u00e7a ainda os embaixadores de Botswana, Benim e Mo\u00e7ambique; o c\u00f4nsul-geral honor\u00e1rio do Panam\u00e1 em Minas Gerais, Daniel Franco; e representantes de entidades agropecu\u00e1rias, como Jo\u00e3o Martins da Silva J\u00fanior, presidente da CNA, e o presidente da Associa\u00e7\u00e3o de Criadores da Guatemala. Programa\u00e7\u00e3o A Vila Cultural &amp; Gastron\u00f4mica Mineira tamb\u00e9m foi aberta \u00e0s 10h e seguir\u00e1 at\u00e9 as 22h. Na parte da tarde, \u00e0s 14h, foi realizada a reuni\u00e3o do N\u00facleo dos Sindicatos Rurais do Tri\u00e2ngulo Mineiro e Alto Parana\u00edba, no Audit\u00f3rio do Museu do Zebu. J\u00e1 \u00e0s 15h, teve in\u00edcio a reuni\u00e3o entre a ABCZ, o Minist\u00e9rio da Agricultura e Pecu\u00e1ria (MAPA), a FAABB e a Asbia, no Sal\u00e3o Nobre da ABCZ. Mais tarde, \u00e0s 18h, acontecer\u00e1 o lan\u00e7amento do Congresso da Carne \u2013 uma iniciativa do CNZ, FAEMG e SENAR, no Quiosque Armaz\u00e9m do Boi. E, a partir das 20h, os port\u00f5es da Arena de Shows do Parque Fernando Costa ser\u00e3o abertos para as apresenta\u00e7\u00f5es musicais de Leo Santana, \u00cdcaro &amp; Gilmar e Felipe &amp; Rodrigo. Organiza\u00e7\u00e3o da ExpoZebu A ExpoZebu \u00e9 organizada pela ABCZ com apoio da Prefeitura de Uberaba, do Sindicato dos Produtores Rurais de Uberaba, do MAPA, da CNA, da Faemg\/Senar, do Sebrae, do Banco do Brasil e da Fazu, que celebra 50 anos. [ad_2] Source link<\/p>\n","protected":false},"author":1,"featured_media":10951,"comment_status":"","ping_status":"open","sticky":false,"template":"","format":"standard","meta":{"_monsterinsights_skip_tracking":false,"_monsterinsights_sitenote_active":false,"_monsterinsights_sitenote_note":"","_monsterinsights_sitenote_category":0,"footnotes":""},"categories":[1],"tags":[],"class_list":["post-10950","post","type-post","status-publish","format-standard","has-post-thumbnail","hentry","category-agronegocio"],"_links":{"self":[{"href":"https:\/\/senhorafrutta.com.br\/index.php\/wp-json\/wp\/v2\/posts\/10950","targetHints":{"allow":["GET"]}}],"collection":[{"href":"https:\/\/senhorafrutta.com.br\/index.php\/wp-json\/wp\/v2\/posts"}],"about":[{"href":"https:\/\/senhorafrutta.com.br\/index.php\/wp-json\/wp\/v2\/types\/post"}],"author":[{"embeddable":true,"href":"https:\/\/senhorafrutta.com.br\/index.php\/wp-json\/wp\/v2\/users\/1"}],"replies":[{"embeddable":true,"href":"https:\/\/senhorafrutta.com.br\/index.php\/wp-json\/wp\/v2\/comments?post=10950"}],"version-history":[{"count":0,"href":"https:\/\/senhorafrutta.com.br\/index.php\/wp-json\/wp\/v2\/posts\/10950\/revisions"}],"wp:featuredmedia":[{"embeddable":true,"href":"https:\/\/senhorafrutta.com.br\/index.php\/wp-json\/wp\/v2\/media\/10951"}],"wp:attachment":[{"href":"https:\/\/senhorafrutta.com.br\/index.php\/wp-json\/wp\/v2\/media?parent=10950"}],"wp:term":[{"taxonomy":"category","embeddable":true,"href":"https:\/\/senhorafrutta.com.br\/index.php\/wp-json\/wp\/v2\/categories?post=10950"},{"taxonomy":"post_tag","embeddable":true,"href":"https:\/\/senhorafrutta.com.br\/index.php\/wp-json\/wp\/v2\/tags?post=10950"}],"curies":[{"name":"wp","href":"https:\/\/api.w.org\/{rel}","templated":true}]}}