{"id":1093,"date":"2024-08-06T23:02:56","date_gmt":"2024-08-06T23:02:56","guid":{"rendered":"https:\/\/senhorafrutta.com.br\/index.php\/2024\/08\/06\/lupion-critica-fiscalizacoes-contra-trabalho-escravo-em-propriedades-rurais\/"},"modified":"2024-08-06T23:02:56","modified_gmt":"2024-08-06T23:02:56","slug":"lupion-critica-fiscalizacoes-contra-trabalho-escravo-em-propriedades-rurais","status":"publish","type":"post","link":"https:\/\/senhorafrutta.com.br\/index.php\/2024\/08\/06\/lupion-critica-fiscalizacoes-contra-trabalho-escravo-em-propriedades-rurais\/","title":{"rendered":"Lupion critica fiscaliza\u00e7\u00f5es contra trabalho escravo em propriedades rurais"},"content":{"rendered":"<div>Foto: FPA\/divulga\u00e7\u00e3o<\/div>\n<p>Durante sua palestra no Congresso Andav, realizado em S\u00e3o Paulo, nesta ter\u00e7a-feira (6), o presidente da Frente Parlamentar da Agropecu\u00e1ria <strong><a href=\"http:\/\/www.canalrural.com.br\/tag\/fpa\/\">(FPA)<\/a><\/strong>, Pedro Lupion, criticou as fiscaliza\u00e7\u00f5es do Minist\u00e9rio do Trabalho sobre trabalho escravo em propriedades rurais. <\/p>\n<p>Segundo ele, as a\u00e7\u00f5es s\u00e3o \u201cum absurdo total\u201d, citando o exemplo das vin\u00edcolas no Rio Grande do Sul e classificando as fiscaliza\u00e7\u00f5es como \u201cdiscuss\u00f5es ideol\u00f3gicas\u201d.<\/p>\n<p><em>Confira na palma da m\u00e3o informa\u00e7\u00f5es quentes sobre agricultura, pecu\u00e1ria, economia e previs\u00e3o do tempo:<\/em><a href=\"https:\/\/whatsapp.com\/channel\/0029Va9VnZxGk1FplZjiW43k\"><em> <\/em><strong><em>siga o Canal Rural no WhatsApp!<\/em><\/strong><\/a><\/p>\n<p>Lupion afirmou que sua proposta \u00e9 esclarecer o sistema produtivo agr\u00edcola, onde a jornada de trabalho durante colheitas de determinadas culturas difere das jornadas convencionais. Ele argumentou que as fiscaliza\u00e7\u00f5es do minist\u00e9rio consideram horas trabalhadas a mais como trabalho an\u00e1logo \u00e0 escravid\u00e3o. <\/p>\n<p>\u201cNingu\u00e9m est\u00e1 falando de trabalhador acorrentado, sob chibatadas, o que seria uma quest\u00e3o ligada \u00e0 escravid\u00e3o efetivamente\u201d, disse.<\/p>\n<p>Em conversas com o ministro do Trabalho, Luiz Marinho, Lupion afirmou que um texto mais claro est\u00e1 sendo elaborado. \u201cExiste uma legisla\u00e7\u00e3o vigente e ela tem que ser cumprida. Precisamos deixar mais clara a interpreta\u00e7\u00e3o subjetiva dessa lei, deixando claro o que significa a legisla\u00e7\u00e3o para que os dois lados [produtores e fiscais] possam se adaptar. O ministro tem sido atencioso em rela\u00e7\u00e3o a isso\u201d, concluiu.<\/p>\n<p>O post <a href=\"https:\/\/www.canalrural.com.br\/economia\/lupion-critica-fiscalizacoes-contra-trabalho-escravo-em-propriedades-rurais\/\">Lupion critica fiscaliza\u00e7\u00f5es contra trabalho escravo em propriedades rurais<\/a> apareceu primeiro em <a href=\"https:\/\/www.canalrural.com.br\/\">Canal Rural<\/a>.<\/p>","protected":false},"excerpt":{"rendered":"<p>Foto: FPA\/divulga\u00e7\u00e3o Durante sua palestra no Congresso Andav, realizado em S\u00e3o Paulo, nesta ter\u00e7a-feira (6), o presidente da Frente Parlamentar da Agropecu\u00e1ria (FPA), Pedro Lupion, criticou as fiscaliza\u00e7\u00f5es do Minist\u00e9rio do Trabalho sobre trabalho escravo em propriedades rurais. Segundo ele, as a\u00e7\u00f5es s\u00e3o \u201cum absurdo total\u201d, citando o exemplo das vin\u00edcolas no Rio Grande do Sul e classificando as fiscaliza\u00e7\u00f5es como \u201cdiscuss\u00f5es ideol\u00f3gicas\u201d. Confira na palma da m\u00e3o informa\u00e7\u00f5es quentes sobre agricultura, pecu\u00e1ria, economia e previs\u00e3o do tempo: siga o Canal Rural no WhatsApp! Lupion afirmou que sua proposta \u00e9 esclarecer o sistema produtivo agr\u00edcola, onde a jornada de trabalho durante colheitas de determinadas culturas difere das jornadas convencionais. Ele argumentou que as fiscaliza\u00e7\u00f5es do minist\u00e9rio consideram horas trabalhadas a mais como trabalho an\u00e1logo \u00e0 escravid\u00e3o. \u201cNingu\u00e9m est\u00e1 falando de trabalhador acorrentado, sob chibatadas, o que seria uma quest\u00e3o ligada \u00e0 escravid\u00e3o efetivamente\u201d, disse. Em conversas com o ministro do Trabalho, Luiz Marinho, Lupion afirmou que um texto mais claro est\u00e1 sendo elaborado. \u201cExiste uma legisla\u00e7\u00e3o vigente e ela tem que ser cumprida. Precisamos deixar mais clara a interpreta\u00e7\u00e3o subjetiva dessa lei, deixando claro o que significa a legisla\u00e7\u00e3o para que os dois lados [produtores e fiscais] possam se adaptar. O ministro tem sido atencioso em rela\u00e7\u00e3o a isso\u201d, concluiu. O post Lupion critica fiscaliza\u00e7\u00f5es contra trabalho escravo em propriedades rurais apareceu primeiro em Canal Rural.<\/p>\n","protected":false},"author":0,"featured_media":0,"comment_status":"open","ping_status":"open","sticky":false,"template":"","format":"standard","meta":{"_monsterinsights_skip_tracking":false,"_monsterinsights_sitenote_active":false,"_monsterinsights_sitenote_note":"","_monsterinsights_sitenote_category":0,"footnotes":""},"categories":[1],"tags":[],"class_list":["post-1093","post","type-post","status-publish","format-standard","hentry","category-agronegocio"],"_links":{"self":[{"href":"https:\/\/senhorafrutta.com.br\/index.php\/wp-json\/wp\/v2\/posts\/1093","targetHints":{"allow":["GET"]}}],"collection":[{"href":"https:\/\/senhorafrutta.com.br\/index.php\/wp-json\/wp\/v2\/posts"}],"about":[{"href":"https:\/\/senhorafrutta.com.br\/index.php\/wp-json\/wp\/v2\/types\/post"}],"replies":[{"embeddable":true,"href":"https:\/\/senhorafrutta.com.br\/index.php\/wp-json\/wp\/v2\/comments?post=1093"}],"version-history":[{"count":0,"href":"https:\/\/senhorafrutta.com.br\/index.php\/wp-json\/wp\/v2\/posts\/1093\/revisions"}],"wp:attachment":[{"href":"https:\/\/senhorafrutta.com.br\/index.php\/wp-json\/wp\/v2\/media?parent=1093"}],"wp:term":[{"taxonomy":"category","embeddable":true,"href":"https:\/\/senhorafrutta.com.br\/index.php\/wp-json\/wp\/v2\/categories?post=1093"},{"taxonomy":"post_tag","embeddable":true,"href":"https:\/\/senhorafrutta.com.br\/index.php\/wp-json\/wp\/v2\/tags?post=1093"}],"curies":[{"name":"wp","href":"https:\/\/api.w.org\/{rel}","templated":true}]}}