{"id":1092,"date":"2024-08-06T23:17:25","date_gmt":"2024-08-06T23:17:25","guid":{"rendered":"https:\/\/senhorafrutta.com.br\/index.php\/2024\/08\/06\/dividas-no-rs-prazo-de-suspensao-da-cobranca-sera-estendido-diz-favaro\/"},"modified":"2024-08-06T23:17:25","modified_gmt":"2024-08-06T23:17:25","slug":"dividas-no-rs-prazo-de-suspensao-da-cobranca-sera-estendido-diz-favaro","status":"publish","type":"post","link":"https:\/\/senhorafrutta.com.br\/index.php\/2024\/08\/06\/dividas-no-rs-prazo-de-suspensao-da-cobranca-sera-estendido-diz-favaro\/","title":{"rendered":"D\u00edvidas no RS: Prazo de suspens\u00e3o da cobran\u00e7a ser\u00e1 estendido, diz F\u00e1varo"},"content":{"rendered":"<div>Foto: Lula Marques\/Ag\u00eancia Brasil<\/div>\n<div class=\"wp-block-embed__wrapper\">\n<\/div>\n<p>O ministro da <strong><a href=\"https:\/\/www.canalrural.com.br\/agricultura\/\">Agricultura<\/a><\/strong> e Pecu\u00e1ria, Carlos F\u00e1varo, anunciou que o governo federal publicar\u00e1 um decreto at\u00e9 esta quarta-feira (7) regulamentando a medida provis\u00f3ria 1247, que trata da ajuda aos produtores do Rio Grande do Sul pela enchente. <\/p>\n<p><em>Confira na palma da m\u00e3o informa\u00e7\u00f5es quentes sobre agricultura, pecu\u00e1ria, economia e previs\u00e3o do tempo:<\/em><a href=\"https:\/\/whatsapp.com\/channel\/0029Va9VnZxGk1FplZjiW43k\"><em> <\/em><strong><em>siga o Canal Rural no WhatsApp!<\/em><\/strong><\/a><\/p>\n<p>F\u00e1varo confirmou que o prazo de suspens\u00e3o da cobran\u00e7a das presta\u00e7\u00f5es de financiamentos rurais ser\u00e1 estendido no estado, atendendo a uma demanda crescente dos produtores .<\/p>\n<p>\u201cVamos estender essa morat\u00f3ria dos vencimentos aos produtores que termina agora em 15 de agosto\u201d, afirmou o ministro. <\/p>\n<p>Ele afirmou que a medida visa a oferecer mais tempo para encontrar solu\u00e7\u00f5es duradouras para os produtores rurais, especialmente devido \u00e0s dificuldades inesperadas que surgiram.<\/p>\n<p>F\u00e1varo destacou que a proibi\u00e7\u00e3o na Lei de Diretrizes Or\u00e7ament\u00e1rias (LDO) impediu que produtores negativados acessassem novos recursos dispon\u00edveis h\u00e1 60 dias. \u201cH\u00e1 60 dias est\u00e3o dispon\u00edveis recursos do Fundo Social, mas eles n\u00e3o est\u00e3o conseguindo acessar exatamente por conta da negativa\u00e7\u00e3o\u201d, disse.<\/p>\n<p>O ministro reiterou o compromisso do governo em apoiar os produtores rurais e adaptar as medidas necess\u00e1rias para aliviar a situa\u00e7\u00e3o financeira cr\u00edtica enfrentada pelo setor agr\u00edcola no Rio Grande do Sul.<\/p>\n<p>O post <a href=\"https:\/\/www.canalrural.com.br\/agricultura\/dividas-no-rs-prazo-de-suspensao-da-cobranca-sera-estendido-diz-favaro\/\">D\u00edvidas no RS: Prazo de suspens\u00e3o da cobran\u00e7a ser\u00e1 estendido, diz F\u00e1varo<\/a> apareceu primeiro em <a href=\"https:\/\/www.canalrural.com.br\/\">Canal Rural<\/a>.<\/p>","protected":false},"excerpt":{"rendered":"<p>Foto: Lula Marques\/Ag\u00eancia Brasil O ministro da Agricultura e Pecu\u00e1ria, Carlos F\u00e1varo, anunciou que o governo federal publicar\u00e1 um decreto at\u00e9 esta quarta-feira (7) regulamentando a medida provis\u00f3ria 1247, que trata da ajuda aos produtores do Rio Grande do Sul pela enchente. Confira na palma da m\u00e3o informa\u00e7\u00f5es quentes sobre agricultura, pecu\u00e1ria, economia e previs\u00e3o do tempo: siga o Canal Rural no WhatsApp! F\u00e1varo confirmou que o prazo de suspens\u00e3o da cobran\u00e7a das presta\u00e7\u00f5es de financiamentos rurais ser\u00e1 estendido no estado, atendendo a uma demanda crescente dos produtores . \u201cVamos estender essa morat\u00f3ria dos vencimentos aos produtores que termina agora em 15 de agosto\u201d, afirmou o ministro. Ele afirmou que a medida visa a oferecer mais tempo para encontrar solu\u00e7\u00f5es duradouras para os produtores rurais, especialmente devido \u00e0s dificuldades inesperadas que surgiram. F\u00e1varo destacou que a proibi\u00e7\u00e3o na Lei de Diretrizes Or\u00e7ament\u00e1rias (LDO) impediu que produtores negativados acessassem novos recursos dispon\u00edveis h\u00e1 60 dias. \u201cH\u00e1 60 dias est\u00e3o dispon\u00edveis recursos do Fundo Social, mas eles n\u00e3o est\u00e3o conseguindo acessar exatamente por conta da negativa\u00e7\u00e3o\u201d, disse. O ministro reiterou o compromisso do governo em apoiar os produtores rurais e adaptar as medidas necess\u00e1rias para aliviar a situa\u00e7\u00e3o financeira cr\u00edtica enfrentada pelo setor agr\u00edcola no Rio Grande do Sul. O post D\u00edvidas no RS: Prazo de suspens\u00e3o da cobran\u00e7a ser\u00e1 estendido, diz F\u00e1varo apareceu primeiro em Canal Rural.<\/p>\n","protected":false},"author":0,"featured_media":0,"comment_status":"open","ping_status":"open","sticky":false,"template":"","format":"standard","meta":{"_monsterinsights_skip_tracking":false,"_monsterinsights_sitenote_active":false,"_monsterinsights_sitenote_note":"","_monsterinsights_sitenote_category":0,"footnotes":""},"categories":[1],"tags":[],"class_list":["post-1092","post","type-post","status-publish","format-standard","hentry","category-agronegocio"],"_links":{"self":[{"href":"https:\/\/senhorafrutta.com.br\/index.php\/wp-json\/wp\/v2\/posts\/1092","targetHints":{"allow":["GET"]}}],"collection":[{"href":"https:\/\/senhorafrutta.com.br\/index.php\/wp-json\/wp\/v2\/posts"}],"about":[{"href":"https:\/\/senhorafrutta.com.br\/index.php\/wp-json\/wp\/v2\/types\/post"}],"replies":[{"embeddable":true,"href":"https:\/\/senhorafrutta.com.br\/index.php\/wp-json\/wp\/v2\/comments?post=1092"}],"version-history":[{"count":0,"href":"https:\/\/senhorafrutta.com.br\/index.php\/wp-json\/wp\/v2\/posts\/1092\/revisions"}],"wp:attachment":[{"href":"https:\/\/senhorafrutta.com.br\/index.php\/wp-json\/wp\/v2\/media?parent=1092"}],"wp:term":[{"taxonomy":"category","embeddable":true,"href":"https:\/\/senhorafrutta.com.br\/index.php\/wp-json\/wp\/v2\/categories?post=1092"},{"taxonomy":"post_tag","embeddable":true,"href":"https:\/\/senhorafrutta.com.br\/index.php\/wp-json\/wp\/v2\/tags?post=1092"}],"curies":[{"name":"wp","href":"https:\/\/api.w.org\/{rel}","templated":true}]}}