{"id":10898,"date":"2025-04-25T02:51:31","date_gmt":"2025-04-25T02:51:31","guid":{"rendered":"https:\/\/senhorafrutta.com.br\/index.php\/2025\/04\/25\/onca-que-matou-caseiro-em-fazenda-no-pantanal-e-capturada-pela-policia\/"},"modified":"2025-04-25T02:51:31","modified_gmt":"2025-04-25T02:51:31","slug":"onca-que-matou-caseiro-em-fazenda-no-pantanal-e-capturada-pela-policia","status":"publish","type":"post","link":"https:\/\/senhorafrutta.com.br\/index.php\/2025\/04\/25\/onca-que-matou-caseiro-em-fazenda-no-pantanal-e-capturada-pela-policia\/","title":{"rendered":"On\u00e7a que matou caseiro em fazenda no Pantanal \u00e9 capturada pela pol\u00edcia"},"content":{"rendered":"<p> [ad_1]<br \/>\n<br \/><img decoding=\"async\" src=\"https:\/\/imagens-cdn.canalrural.com.br\/2025\/04\/ONCA-730x480-1.jpeg\" \/><\/p>\n<div>\n<p>A for\u00e7a-tarefa da PMA (Pol\u00edcia Militar Ambiental) capturou, na madrugada desta quinta-feira (24), a on\u00e7a-pintada que atacou e matou o caseiro Jorge \u00c1valo, 60 anos, pr\u00f3ximo ao pesqueiro Touro Morto, no munic\u00edpio de Aquidauana, no <strong><a href=\"https:\/\/www.canalrural.com.br\/tag\/pantanal\/\">Pantanal<\/a><\/strong> sul mato-grossense.<\/p>\n<figure class=\"wp-block-embed is-type-rich is-provider-instagram wp-block-embed-instagram\">\n<p><iframe title=\"Instagram frame\" loading=\"lazy\" height=\"628\" class=\"instagram-embed-iframe\" src=\"https:\/\/www.canalrural.com.br\/nacional\/onca-que-matou-caseiro-em-fazenda-no-pantanal-e-capturada-pela-policia\/about:blank\" allowtransparency=\"true\" frameborder=\"0\" scrolling=\"no\" onload=\"(function(o){window.instagramIframe = window.instagramIframe || []; window.instagramIframe.push(o);})(this)\" style=\"border: 0px; margin: 0 auto; max-width: 658px; width: calc(100% - 2px); border-radius: 4px; box-shadow: rgba(0, 0, 0, 0.498039) 0px 0px 1px 0px, rgba(0, 0, 0, 0.14902) 0px 1px 10px 0px; display: block; padding: 0px; background: rgb(255, 255, 255);\" data-rocket-lazyload=\"fitvidscompatible\" data-lazy-src=\"https:\/\/www.instagram.com\/p\/DI1sfPlKoTe\/embed\/\"><\/iframe><noscript><iframe title=\"Instagram frame\" loading=\"lazy\" height=\"628\" class=\"instagram-embed-iframe\" src=\"https:\/\/www.instagram.com\/p\/DI1sfPlKoTe\/embed\/\" allowtransparency=\"true\" frameborder=\"0\" scrolling=\"no\" onload=\"(function(o){window.instagramIframe = window.instagramIframe || []; window.instagramIframe.push(o);})(this)\" style=\"border: 0px; margin: 0 auto; max-width: 658px; width: calc(100% - 2px); border-radius: 4px; box-shadow: rgba(0, 0, 0, 0.498039) 0px 0px 1px 0px, rgba(0, 0, 0, 0.14902) 0px 1px 10px 0px; display: block; padding: 0px; background: rgb(255, 255, 255);\"><\/iframe><\/noscript><\/p>\n<\/figure>\n<p>O caso aconteceu na segunda-feira (21) e o animal, um macho, foi apanhado com o apoio de um especialista em animais de grande porte e guias locais. O on\u00e7a \u00e9 monitorada \u2013 temperatura e frequ\u00eancia card\u00edaca \u2013, e ser\u00e1 levada para o CRAS (Centro de Reabilita\u00e7\u00e3o de Animais Silvestres), em Campo Grande. <\/p>\n<p>\u201cVamos avaliar e tentar entender o que aconteceu\u201d, disse o pesquisador Gediendson Ara\u00fajo, que participou da captura da on\u00e7a.<\/p>\n<\/div>\n<div>\n<p>Na quarta-feira (23), durante coletiva de imprensa o secret\u00e1rio-executivo da Secretaria de Estado de Meio Ambiente, Desenvolvimento, Ci\u00eancia, Tecnologia e Inova\u00e7\u00e3o (Semadesc), Artur Falcette, explicou que ataques de on\u00e7as, como o que ocorreu, s\u00e3o extremamente incomuns na regi\u00e3o. <\/p>\n<p>\u201cEstamos diante de um caso muito at\u00edpico. Esse n\u00e3o \u00e9 um comportamento habitual da esp\u00e9cie. A captura do animal \u00e9 essencial para entendermos o que motivou essa atitude e para que possamos estudar seu comportamento com mais precis\u00e3o\u201d, afirmou Falcette.<\/p>\n<p>As c\u00e2meras de seguran\u00e7a instaladas na sede da fazenda onde o ataque ocorreu, al\u00e9m de v\u00eddeos e fotos que registram a rotina dos animais nas proximidades da sede, foram encaminhadas para per\u00edcia. O material pode ajudar a esclarecer o comportamento da on\u00e7a-pintada e fornecer pistas sobre os momentos que antecederam o ataque.<\/p>\n<p>\u201cUma das poucas certezas at\u00e9 o momento \u00e9 a de que havia oferta de alimento, conhecido como ceva, para atrair animais silvestres no local. A pr\u00e1tica, al\u00e9m de configurar crime ambiental, \u00e9 extremamente perigosa, pois pode provocar altera\u00e7\u00f5es no comportamento natural dos animais\u201d, disse o coronel Jos\u00e9 Carlos Rodrigues, comandante da PMA.<\/p>\n<\/p><\/div>\n<p><script async src=\"\/\/www.instagram.com\/embed.js\"><\/script><br \/>\n<br \/>[ad_2]<br \/>\n<br \/><a href=\"https:\/\/www.canalrural.com.br\/nacional\/onca-que-matou-caseiro-em-fazenda-no-pantanal-e-capturada-pela-policia\/\">Source link <\/a><\/p>\n","protected":false},"excerpt":{"rendered":"<p>[ad_1] A for\u00e7a-tarefa da PMA (Pol\u00edcia Militar Ambiental) capturou, na madrugada desta quinta-feira (24), a on\u00e7a-pintada que atacou e matou o caseiro Jorge \u00c1valo, 60 anos, pr\u00f3ximo ao pesqueiro Touro Morto, no munic\u00edpio de Aquidauana, no Pantanal sul mato-grossense. O caso aconteceu na segunda-feira (21) e o animal, um macho, foi apanhado com o apoio de um especialista em animais de grande porte e guias locais. O on\u00e7a \u00e9 monitorada \u2013 temperatura e frequ\u00eancia card\u00edaca \u2013, e ser\u00e1 levada para o CRAS (Centro de Reabilita\u00e7\u00e3o de Animais Silvestres), em Campo Grande. \u201cVamos avaliar e tentar entender o que aconteceu\u201d, disse o pesquisador Gediendson Ara\u00fajo, que participou da captura da on\u00e7a. Na quarta-feira (23), durante coletiva de imprensa o secret\u00e1rio-executivo da Secretaria de Estado de Meio Ambiente, Desenvolvimento, Ci\u00eancia, Tecnologia e Inova\u00e7\u00e3o (Semadesc), Artur Falcette, explicou que ataques de on\u00e7as, como o que ocorreu, s\u00e3o extremamente incomuns na regi\u00e3o. \u201cEstamos diante de um caso muito at\u00edpico. Esse n\u00e3o \u00e9 um comportamento habitual da esp\u00e9cie. A captura do animal \u00e9 essencial para entendermos o que motivou essa atitude e para que possamos estudar seu comportamento com mais precis\u00e3o\u201d, afirmou Falcette. As c\u00e2meras de seguran\u00e7a instaladas na sede da fazenda onde o ataque ocorreu, al\u00e9m de v\u00eddeos e fotos que registram a rotina dos animais nas proximidades da sede, foram encaminhadas para per\u00edcia. O material pode ajudar a esclarecer o comportamento da on\u00e7a-pintada e fornecer pistas sobre os momentos que antecederam o ataque. \u201cUma das poucas certezas at\u00e9 o momento \u00e9 a de que havia oferta de alimento, conhecido como ceva, para atrair animais silvestres no local. A pr\u00e1tica, al\u00e9m de configurar crime ambiental, \u00e9 extremamente perigosa, pois pode provocar altera\u00e7\u00f5es no comportamento natural dos animais\u201d, disse o coronel Jos\u00e9 Carlos Rodrigues, comandante da PMA. [ad_2] Source link<\/p>\n","protected":false},"author":1,"featured_media":10899,"comment_status":"","ping_status":"open","sticky":false,"template":"","format":"standard","meta":{"_monsterinsights_skip_tracking":false,"_monsterinsights_sitenote_active":false,"_monsterinsights_sitenote_note":"","_monsterinsights_sitenote_category":0,"footnotes":""},"categories":[1],"tags":[],"class_list":["post-10898","post","type-post","status-publish","format-standard","has-post-thumbnail","hentry","category-agronegocio"],"_links":{"self":[{"href":"https:\/\/senhorafrutta.com.br\/index.php\/wp-json\/wp\/v2\/posts\/10898","targetHints":{"allow":["GET"]}}],"collection":[{"href":"https:\/\/senhorafrutta.com.br\/index.php\/wp-json\/wp\/v2\/posts"}],"about":[{"href":"https:\/\/senhorafrutta.com.br\/index.php\/wp-json\/wp\/v2\/types\/post"}],"author":[{"embeddable":true,"href":"https:\/\/senhorafrutta.com.br\/index.php\/wp-json\/wp\/v2\/users\/1"}],"replies":[{"embeddable":true,"href":"https:\/\/senhorafrutta.com.br\/index.php\/wp-json\/wp\/v2\/comments?post=10898"}],"version-history":[{"count":0,"href":"https:\/\/senhorafrutta.com.br\/index.php\/wp-json\/wp\/v2\/posts\/10898\/revisions"}],"wp:featuredmedia":[{"embeddable":true,"href":"https:\/\/senhorafrutta.com.br\/index.php\/wp-json\/wp\/v2\/media\/10899"}],"wp:attachment":[{"href":"https:\/\/senhorafrutta.com.br\/index.php\/wp-json\/wp\/v2\/media?parent=10898"}],"wp:term":[{"taxonomy":"category","embeddable":true,"href":"https:\/\/senhorafrutta.com.br\/index.php\/wp-json\/wp\/v2\/categories?post=10898"},{"taxonomy":"post_tag","embeddable":true,"href":"https:\/\/senhorafrutta.com.br\/index.php\/wp-json\/wp\/v2\/tags?post=10898"}],"curies":[{"name":"wp","href":"https:\/\/api.w.org\/{rel}","templated":true}]}}